{"id":40259,"date":"2024-03-12T10:35:56","date_gmt":"2024-03-12T13:35:56","guid":{"rendered":"https:\/\/radiorevelacionfm.cl\/?p=40259"},"modified":"2024-03-12T10:35:56","modified_gmt":"2024-03-12T13:35:56","slug":"comite-de-gestion-reserva-de-biosfera-laguna-san-rafael-y-el-guayaneco-realiza-su-segunda-sesion-integrando-a-19-instituciones-publico-privadas","status":"publish","type":"post","link":"https:\/\/radiorevelacionfm.cl\/?p=40259","title":{"rendered":"Comit\u00e9 de gesti\u00f3n Reserva de Bi\u00f3sfera Laguna San Rafael y el Guayaneco realiza su segunda sesi\u00f3n integrando a 19 instituciones p\u00fablico privadas"},"content":{"rendered":"<div class=\"flex_column av_one_full  flex_column_div av-zero-column-padding first  avia-builder-el-0  el_before_av_one_full  avia-builder-el-first  \" style='border-radius:0px; '><div  class='avia-image-container  av-styling-    avia-builder-el-1  avia-builder-el-no-sibling  avia-align-center '  itemprop=\"image\" itemscope=\"itemscope\" itemtype=\"https:\/\/schema.org\/ImageObject\"  ><div class='avia-image-container-inner'><div class='avia-image-overlay-wrap'><img decoding=\"async\" class='wp-image-40260 avia-img-lazy-loading-not-40260 avia_image' src=\"https:\/\/radiorevelacionfm.cl\/wp-content\/uploads\/2024\/03\/pnlsr-exploradores-foto-referencia-1_optimized.jpg\" alt='' title='pnlsr-exploradores-(foto-referencia)-(1)_optimized' height=\"600\" width=\"1067\"  itemprop=\"thumbnailUrl\" srcset=\"https:\/\/radiorevelacionfm.cl\/wp-content\/uploads\/2024\/03\/pnlsr-exploradores-foto-referencia-1_optimized.jpg 1067w, https:\/\/radiorevelacionfm.cl\/wp-content\/uploads\/2024\/03\/pnlsr-exploradores-foto-referencia-1_optimized-300x169.jpg 300w, https:\/\/radiorevelacionfm.cl\/wp-content\/uploads\/2024\/03\/pnlsr-exploradores-foto-referencia-1_optimized-1030x579.jpg 1030w, https:\/\/radiorevelacionfm.cl\/wp-content\/uploads\/2024\/03\/pnlsr-exploradores-foto-referencia-1_optimized-768x432.jpg 768w, https:\/\/radiorevelacionfm.cl\/wp-content\/uploads\/2024\/03\/pnlsr-exploradores-foto-referencia-1_optimized-705x396.jpg 705w, https:\/\/radiorevelacionfm.cl\/wp-content\/uploads\/2024\/03\/pnlsr-exploradores-foto-referencia-1_optimized-450x253.jpg 450w, https:\/\/radiorevelacionfm.cl\/wp-content\/uploads\/2024\/03\/pnlsr-exploradores-foto-referencia-1_optimized-600x337.jpg 600w\" sizes=\"(max-width: 1067px) 100vw, 1067px\" \/><\/div><\/div><\/div><\/div><div class=\"flex_column av_one_full  flex_column_div av-zero-column-padding first  avia-builder-el-2  el_after_av_one_full  el_before_av_one_full  column-top-margin\" style='border-radius:0px; '><section class=\"av_textblock_section \"  itemscope=\"itemscope\" itemtype=\"https:\/\/schema.org\/BlogPosting\" itemprop=\"blogPost\" ><div class='avia_textblock  '   itemprop=\"text\" ><p class=\"v1MsoNormal\" style=\"text-align: center;\" align=\"center\"><span style=\"font-size: 18pt;\"><b>Comit\u00e9 de gesti\u00f3n Reserva de Bi\u00f3sfera Laguna San Rafael y el Guayaneco <\/b><b>realiza su segunda sesi\u00f3n integrando a 19 instituciones p\u00fablico privadas<\/b><\/span><\/p>\n<div id=\"gtx-trans\" style=\"position: absolute; left: -50px; top: 4.31534px;\">\n<div class=\"gtx-trans-icon\"><\/div>\n<\/div>\n<\/div><\/section><\/div><div class=\"flex_column av_one_full  flex_column_div av-zero-column-padding first  avia-builder-el-4  el_after_av_one_full  el_before_av_hr  column-top-margin\" style='border-radius:0px; '><section class=\"av_textblock_section \"  itemscope=\"itemscope\" itemtype=\"https:\/\/schema.org\/BlogPosting\" itemprop=\"blogPost\" ><div class='avia_textblock  '   itemprop=\"text\" ><p class=\"v1MsoNormal\" style=\"text-align: justify;\">Con un total de 19 instituciones participantes, se realiz\u00f3 en Coyhaique la segunda sesi\u00f3n del Comit\u00e9 de Gesti\u00f3n de la Reserva de Bi\u00f3sfera Laguna San Rafael y el Guayaneco, instancia p\u00fablico privada que tiene como objetivo trabajar para dotar a la reserva de una gobernanza que permita tanto su conservaci\u00f3n como, la gesti\u00f3n sostenible de sus distintas zonas.<\/p>\n<p class=\"v1MsoNormal\" style=\"text-align: justify;\">El comit\u00e9, que es impulsado de manera conjunta entre el Gobierno Regional de Ays\u00e9n y\u00a0 la Corporaci\u00f3n Nacional Forestal Ays\u00e9n (Conaf) cuenta con la asesor\u00eda t\u00e9cnica del Centro de Investigaci\u00f3n en Ecosistemas de la Patagonia (CIEP), quienes a trav\u00e9s del proyecto \u00abEstudio de la resiliencia, sustentabilidad y valorizaci\u00f3n de la Reserva de la Bi\u00f3sfera LSR-G\u00bb\u00a0 (financiado a trav\u00e9s del de Fondo de Innovaci\u00f3n para la Competitividad del Gobierno Regional de Ays\u00e9n) buscan impulsar una gobernanza que permita su valorizaci\u00f3n y la debida protecci\u00f3n de las zonas n\u00facleos y sus ecosistemas fr\u00e1giles.<\/p>\n<p class=\"v1MsoNormal\" style=\"text-align: justify;\">Durante la jornada Fabien Bourlon, investigador Ciep y director del proyecto FIC, destac\u00f3 el alto compromiso demostrado en la sesi\u00f3n por los integrantes del comit\u00e9 para avanzar en la elaboraci\u00f3n del plan de gesti\u00f3n para la reserva. \u00abHoy d\u00eda sesion\u00f3 por segunda vez el Comit\u00e9 de Gesti\u00f3n de la Reserva de Bi\u00f3sfera Laguna San Rafael y el Guayaneco, donde el objetivo era formalizar la participaci\u00f3n integrantes que fueron definidos en la primera sesi\u00f3n y con ello conformar el Comit\u00e9 N\u00facleo que estar\u00e1 integrado por 19 instituciones tanto p\u00fablicas como privadas, lo que permitir\u00e1 establecer un plan de trabajo, acuerdos multisectoriales y tambi\u00e9n a nivel local con los municipios, para definir un plan de acci\u00f3n de la reserva\u00bb, indic\u00f3 el investigador. En la ocasi\u00f3n adem\u00e1s, el investigador expuso a los asistentes las principales actividades que contempla el proyecto FIC, entre las que se encuentra la puesta en valor de la reserva, la revisi\u00f3n de su l\u00ednea base y las gestiones necesarias que permitan impulsar su gobernanza.<\/p>\n<p class=\"v1MsoNormal\" style=\"text-align: justify;\">De acuerdo a lo definido en la segunda sesi\u00f3n, una de las principales tareas del comit\u00e9 ser\u00e1 llegar a acuerdos sobre prioridades que permitan definir el plan de gesti\u00f3n 2024-2028 para valorar de manera sostenible los m\u00e1s de cinco millones de hect\u00e1reas que abarca la reserva. En este contexto, Andrea Bahamonde, jefa de \u00c1reas Silvestres Protegidas de CONAF destac\u00f3 la posibilidad que brinda el comit\u00e9 para lograr conformar la gobernanza de la reserva de la biosfera. \u00abEs importante debido a que podemos tener relaciones con toda la parte p\u00fablica y privada que va a ir conformando la gobernanza de esta reserva de biosfera, que tiene un territorio muy grande, son cinco millones aproximadamente de hect\u00e1reas, y necesitamos que todos y todas los que est\u00e1n aqu\u00ed presentes podamos conversar e ir delineando esta hoja de ruta para poder realmente tener una reserva de biosfera empoderada\u00bb, indic\u00f3 Bahamonde.<\/p>\n<p class=\"v1MsoNormal\" style=\"text-align: justify;\">Por otra parte, durante la sesi\u00f3n, realizada en dependencias de la Biblioteca Regional de Ays\u00e9n, se acord\u00f3 de manera un\u00e1nime que sea la gobernadora regional quien, en una primera instancia,\u00a0 presida el comit\u00e9\u00a0 de gesti\u00f3n. Asimismo, se defini\u00f3 la necesidad de incorporar a la Delegaci\u00f3n Presidencial, la Seremi de Agricultura y la Subsecretar\u00eda de Pesca al comit\u00e9, para que puedan contribuir, desde sus \u00e1mbitos de acci\u00f3n, a la gesti\u00f3n de la reserva. Al finalizar la reuni\u00f3n, se acord\u00f3 adem\u00e1s que la tercera sesi\u00f3n del comit\u00e9 se llevar\u00e1 a cabo la primera quincena de abril, ocasi\u00f3n en la se espera formalizar p\u00fablicamente su conformaci\u00f3n.<\/p>\n<p class=\"v1MsoNormal\" style=\"text-align: justify;\">En la ocasi\u00f3n, el Seremi de Medioambiente, Yoal D\u00edaz destac\u00f3 la creaci\u00f3n del comit\u00e9 de gesti\u00f3n de la reserva, lo que sin duda contribuir\u00e1 a su protecci\u00f3n, cuando comience a funcionar el\u00a0 Servicio de Biodiversidad y \u00c1reas Protegidas\u00a0 (cuya principal labor ser\u00e1 la\u00a0 conservaci\u00f3n de la\u00a0biodiversidad\u00a0del pa\u00eds).\u00a0\u00abVemos con mucha esperanza el trabajo que podemos hacer en avanzar con mayor resiliencia, hacia una mirada mucho m\u00e1s sustentable del uso del maritorio, del territorio y tambi\u00e9n de las gobernanzas locales, desde la experiencia que tenemos en el Ministerio del Medio Ambiente con este tipo de gobernanza, queremos aportar y sumarnos tambi\u00e9n a este comit\u00e9, que nos permita avanzar en\u00a0 una mayor protecci\u00f3n de un \u00e1rea tan valorable para nuestra regi\u00f3n\u00bb, indic\u00f3 el Seremi.<\/p>\n<p class=\"v1MsoNormal\" style=\"text-align: justify;\">Otra de las instituciones que integran este comit\u00e9 es el ministerio de Bienes Nacionales, ya que gran parte de la reserva se ubica en terrenos fiscales, raz\u00f3n por la cual se\u00f1al\u00f3 la Seremi de Bienes Nacionales Irina Morend, ser parte del comit\u00e9 de gesti\u00f3n es fundamental para poder tomar decisiones en coherencia con su categor\u00eda de reserva de bi\u00f3sfera. \u00abNosotros lo hemos puesto como prioridad en nuestro Ministerio de Bienes Nacionales. Por una parte, el \u00e1rea tanto de amortiguaci\u00f3n como del \u00e1rea de reserva de la biosfera es propiedad fiscal, por lo tanto, nosotros tenemos un especial inter\u00e9s de que esto se vincule adecuadamente, que nos permita a nosotros tambi\u00e9n tomar decisiones estrat\u00e9gicas y\u00a0 decisiones m\u00e1s asertivas, en coherencia con este concepto de reserva de la bi\u00f3sfera y en coherencia tambi\u00e9n con el desarrollo de los territorios\u00bb.<\/p>\n<p class=\"v1MsoNormal\" style=\"text-align: justify;\"><b>Nuevos Integrantes del Comit\u00e9<\/b><\/p>\n<p class=\"v1MsoNormal\" style=\"text-align: justify;\">La segunda sesi\u00f3n del comit\u00e9 ten\u00eda como objetivo formalizar la incorporaci\u00f3n de nuevos miembros, entre ellos la direcci\u00f3n regional de Sernatur, representada por su director regional, Claudio Montecinos quien destac\u00f3 la posibilidad de ser parte de esta instancia, ya que ello se vincula directamente con la promoci\u00f3n de un turismo sostenible para la regi\u00f3n. \u00abEstamos muy contentos de poder incorporarnos en el Comit\u00e9 Gestor de la reserva, nos interesa ser parte de esta instancia, sobre todo porque se vincula directamente con una l\u00ednea estrat\u00e9gica de Sernatur a nivel nacional que tiene que ver con el desarrollo sustentable de la actividad tur\u00edstica\u00bb, indic\u00f3 Montecinos.<\/p>\n<p class=\"v1MsoNormal\" style=\"text-align: justify;\">Otra de las instituciones que se sum\u00f3 a esta instancia p\u00fablico privada fue la Seremi de Econom\u00eda, representada por su autoridad regional, Felipe Rojas, quien plantea la necesidad de generar articulaciones que permitan incorporar a los sectores productivos para potenciar el desarrollo del territorio. \u00abEstar presente en el comit\u00e9 resulta muy importante porque la regi\u00f3n de Ays\u00e9n no solo representa un paisaje y la naturaleza, sino tambi\u00e9n, las personas que habitan ese territorio y las actividades productivas que se desarrollan en \u00e9l, y c\u00f3mo de alguna manera, podemos coordinar, consensuar\u00a0 y participar los distintos sectores productivos y podamos potenciar el desarrollo sustentable de la regi\u00f3n de Ays\u00e9n y eso proyectarlo al mundo\u00bb, indic\u00f3 el Seremi.<\/p>\n<p class=\"v1MsoNormal\" style=\"text-align: justify;\">Tambi\u00e9n se integraron en esta segunda sesi\u00f3n, la Subsecretaria de Fuerzas Armadas, representada por el Teniente Sim\u00f3n Stuven, debido al importante rol que tienen en la\u00a0 administraci\u00f3n del borde costero litoral y lacustre que se encuentra integrado a la reserva.<\/p>\n<p class=\"v1MsoNormal\" style=\"text-align: justify;\">De esta manera, el Comit\u00e9 de Reserva de Bi\u00f3sfera Laguna San Rafael y el Guyaneco qued\u00f3 compuesto por el Gobierno Regional de Ays\u00e9n, Conaf Ays\u00e9n; ONG Aumen, Corporaci\u00f3n Chelenko y Corporaci\u00f3n Los Glaciares; adem\u00e1s de las Seremias de Bienes Nacionales, Econom\u00eda, Medio Ambiente, as\u00ed como tambi\u00e9n, Sernatur Ays\u00e9n; Subsecretar\u00eda de las Fuerzas Armadas, Gobernaci\u00f3n Mar\u00edtima en Ays\u00e9n y las municipalidades de Tortel, Cochrane, R\u00edo Ib\u00e1\u00f1ez, Puerto Ays\u00e9n y Chile Chico.<\/p>\n<p class=\"v1MsoNormal\" style=\"text-align: justify;\"><b>Reservas de Bi\u00f3sfera<\/b><\/p>\n<p class=\"v1MsoNormal\" style=\"text-align: justify;\">Es importante recordar que la regi\u00f3n de Ays\u00e9n cuenta desde el a\u00f1o 1979 con una Reserva de Bi\u00f3sfera, designaci\u00f3n emitida por la UNESCO a trav\u00e9s del programa intergubernamental MAB, siendo un estatus reconocido internacionalmente. Las reservas de bi\u00f3sfera son territorios que cuentan con sistemas ecol\u00f3gicos representativos de un territorio, donde es fundamental generar espacios de conservaci\u00f3n de la diversidad biol\u00f3gica, adem\u00e1s de ofrecer posibilidades de ensayar y demostrar m\u00e9todos de desarrollo sostenible a escala regional.<\/p>\n<p class=\"v1MsoNormal\" style=\"text-align: justify;\">Las reservas de bi\u00f3sfera cuentan con ecosistemas terrestres, marinos y costeros y son lugares de aprendizaje para el desarrollo sostenible, donde se intentan aplicar enfoques interdisciplinarios que permitan entender y gestionar los cambios y las interacciones que se producen entre los sistemas sociales y ecol\u00f3gicos. De esta manera, cada sitio propone distintas soluciones para conciliar la conservaci\u00f3n de la biodiversidad con un uso sostenible.<\/p>\n<p class=\"v1MsoNormal\" style=\"text-align: justify;\">La Reserva de Bi\u00f3sfera Laguna San Rafael y el Guayaneco, es una de las diez con las que cuenta el pa\u00eds (754 a nivel mundial) con una superficie total de 1.784 hect\u00e1reas en su zona n\u00facleo y un total de 5.130. 462 hect\u00e1reas considerando sus zonas de amortiguaci\u00f3n y transici\u00f3n, las que incluyen franjas del territorio de las comunas de Tortel, Cochrane, Chile Chico, R\u00edo Ib\u00e1\u00f1ez y Puerto Ays\u00e9n.<\/p>\n<\/div><\/section><\/div><div  style='height:50px' class='hr hr-invisible   avia-builder-el-6  el_after_av_one_full  el_before_av_social_share '><span class='hr-inner ' ><span class='hr-inner-style'><\/span><\/span><\/div><\/p>\n<div  class='av-social-sharing-box  avia-builder-el-7  el_after_av_hr  el_before_av_hr  '><div class='av-share-box'><h5 class='av-share-link-description av-no-toc '>Compartir esta noticia<\/h5><ul class='av-share-box-list noLightbox'><li class='av-share-link av-social-link-facebook' ><a target=\"_blank\" aria-label=\"Compartir en Facebook\" href='https:\/\/www.facebook.com\/sharer.php?u=https:\/\/radiorevelacionfm.cl\/?p=40259&#038;t=Comit%C3%A9%20de%20gesti%C3%B3n%20Reserva%20de%20Bi%C3%B3sfera%20Laguna%20San%20Rafael%20y%20el%20Guayaneco%20realiza%20su%20segunda%20sesi%C3%B3n%20integrando%20a%2019%20instituciones%20p%C3%BAblico%20privadas' aria-hidden='false' data-av_icon='\ue8f3' data-av_iconfont='entypo-fontello' title='' data-avia-related-tooltip='Compartir en Facebook' rel=\"noopener\"><span class='avia_hidden_link_text'>Compartir en Facebook<\/span><\/a><\/li><li class='av-share-link av-social-link-twitter' ><a target=\"_blank\" aria-label=\"Compartir en Twitter\" href='https:\/\/twitter.com\/share?text=Comit%C3%A9%20de%20gesti%C3%B3n%20Reserva%20de%20Bi%C3%B3sfera%20Laguna%20San%20Rafael%20y%20el%20Guayaneco%20realiza%20su%20segunda%20sesi%C3%B3n%20integrando%20a%2019%20instituciones%20p%C3%BAblico%20privadas&#038;url=https:\/\/radiorevelacionfm.cl\/?p=40259' aria-hidden='false' data-av_icon='\ue8f1' data-av_iconfont='entypo-fontello' title='' data-avia-related-tooltip='Compartir en Twitter' rel=\"noopener\"><span class='avia_hidden_link_text'>Compartir en Twitter<\/span><\/a><\/li><li class='av-share-link av-social-link-whatsapp' ><a target=\"_blank\" aria-label=\"Compartir en Whatsapp\" href='https:\/\/api.whatsapp.com\/send?text=https:\/\/radiorevelacionfm.cl\/?p=40259' aria-hidden='false' data-av_icon='\uf232' data-av_iconfont='entypo-fontello' title='' data-avia-related-tooltip='Compartir en Whatsapp' rel=\"noopener\"><span class='avia_hidden_link_text'>Compartir en Whatsapp<\/span><\/a><\/li><li class='av-share-link av-social-link-linkedin' ><a target=\"_blank\" aria-label=\"Compartir en LinkedIn\" href='https:\/\/linkedin.com\/shareArticle?mini=true&#038;title=Comit%C3%A9%20de%20gesti%C3%B3n%20Reserva%20de%20Bi%C3%B3sfera%20Laguna%20San%20Rafael%20y%20el%20Guayaneco%20realiza%20su%20segunda%20sesi%C3%B3n%20integrando%20a%2019%20instituciones%20p%C3%BAblico%20privadas&#038;url=https:\/\/radiorevelacionfm.cl\/?p=40259' aria-hidden='false' data-av_icon='\ue8fc' data-av_iconfont='entypo-fontello' title='' data-avia-related-tooltip='Compartir en LinkedIn' rel=\"noopener\"><span class='avia_hidden_link_text'>Compartir en LinkedIn<\/span><\/a><\/li><li class='av-share-link av-social-link-mail' ><a  aria-label=\"Compartir por correo\" href='mailto:?subject=Comit%C3%A9%20de%20gesti%C3%B3n%20Reserva%20de%20Bi%C3%B3sfera%20Laguna%20San%20Rafael%20y%20el%20Guayaneco%20realiza%20su%20segunda%20sesi%C3%B3n%20integrando%20a%2019%20instituciones%20p%C3%BAblico%20privadas&#038;body=https:\/\/radiorevelacionfm.cl\/?p=40259' aria-hidden='false' data-av_icon='\ue805' data-av_iconfont='entypo-fontello' title='' data-avia-related-tooltip='Compartir por correo'><span class='avia_hidden_link_text'>Compartir por correo<\/span><\/a><\/li><\/ul><\/div><\/div>\n<div  style='height:50px' class='hr hr-invisible   avia-builder-el-8  el_after_av_social_share  el_before_av_comments_list '><span class='hr-inner ' ><span class='hr-inner-style'><\/span><\/span><\/div>\n<div  class='av-buildercomment  av-blog-meta-html-info-disabled av-blog-meta-tag-disabled  '><\/div>\n","protected":false},"excerpt":{"rendered":"","protected":false},"author":1,"featured_media":40260,"comment_status":"open","ping_status":"open","sticky":false,"template":"","format":"standard","meta":{"footnotes":""},"categories":[38],"tags":[],"class_list":["post-40259","post","type-post","status-publish","format-standard","has-post-thumbnail","hentry","category-regional"],"jetpack_featured_media_url":"https:\/\/radiorevelacionfm.cl\/wp-content\/uploads\/2024\/03\/pnlsr-exploradores-foto-referencia-1_optimized.jpg","_links":{"self":[{"href":"https:\/\/radiorevelacionfm.cl\/index.php?rest_route=\/wp\/v2\/posts\/40259","targetHints":{"allow":["GET"]}}],"collection":[{"href":"https:\/\/radiorevelacionfm.cl\/index.php?rest_route=\/wp\/v2\/posts"}],"about":[{"href":"https:\/\/radiorevelacionfm.cl\/index.php?rest_route=\/wp\/v2\/types\/post"}],"author":[{"embeddable":true,"href":"https:\/\/radiorevelacionfm.cl\/index.php?rest_route=\/wp\/v2\/users\/1"}],"replies":[{"embeddable":true,"href":"https:\/\/radiorevelacionfm.cl\/index.php?rest_route=%2Fwp%2Fv2%2Fcomments&post=40259"}],"version-history":[{"count":1,"href":"https:\/\/radiorevelacionfm.cl\/index.php?rest_route=\/wp\/v2\/posts\/40259\/revisions"}],"predecessor-version":[{"id":40261,"href":"https:\/\/radiorevelacionfm.cl\/index.php?rest_route=\/wp\/v2\/posts\/40259\/revisions\/40261"}],"wp:featuredmedia":[{"embeddable":true,"href":"https:\/\/radiorevelacionfm.cl\/index.php?rest_route=\/wp\/v2\/media\/40260"}],"wp:attachment":[{"href":"https:\/\/radiorevelacionfm.cl\/index.php?rest_route=%2Fwp%2Fv2%2Fmedia&parent=40259"}],"wp:term":[{"taxonomy":"category","embeddable":true,"href":"https:\/\/radiorevelacionfm.cl\/index.php?rest_route=%2Fwp%2Fv2%2Fcategories&post=40259"},{"taxonomy":"post_tag","embeddable":true,"href":"https:\/\/radiorevelacionfm.cl\/index.php?rest_route=%2Fwp%2Fv2%2Ftags&post=40259"}],"curies":[{"name":"wp","href":"https:\/\/api.w.org\/{rel}","templated":true}]}}