{"id":40256,"date":"2024-03-11T19:57:52","date_gmt":"2024-03-11T22:57:52","guid":{"rendered":"https:\/\/radiorevelacionfm.cl\/?p=40256"},"modified":"2024-03-11T19:57:52","modified_gmt":"2024-03-11T22:57:52","slug":"juventudes-de-la-agrupacion-cultural-jamaustral-realizaran-muestra-de-talentos-en-villa-ortega","status":"publish","type":"post","link":"https:\/\/radiorevelacionfm.cl\/?p=40256","title":{"rendered":"Juventudes de la Agrupaci\u00f3n Cultural JamAustral realizar\u00e1n muestra de talentos en Villa Ortega"},"content":{"rendered":"<div class=\"flex_column av_one_full  flex_column_div av-zero-column-padding first  avia-builder-el-0  el_before_av_one_full  avia-builder-el-first  \" style='border-radius:0px; '><div  class='avia-image-container  av-styling-    avia-builder-el-1  avia-builder-el-no-sibling  avia-align-center '  itemprop=\"image\" itemscope=\"itemscope\" itemtype=\"https:\/\/schema.org\/ImageObject\"  ><div class='avia-image-container-inner'><div class='avia-image-overlay-wrap'><img decoding=\"async\" class='wp-image-40257 avia-img-lazy-loading-not-40257 avia_image' src=\"https:\/\/radiorevelacionfm.cl\/wp-content\/uploads\/2024\/03\/foto-parte-agrupaciOn-jam-austral-1_optimized-1.jpg\" alt='' title='foto-parte-agrupaci\u00d3n-jam-austral-(1)_optimized (1)' height=\"800\" width=\"862\"  itemprop=\"thumbnailUrl\" srcset=\"https:\/\/radiorevelacionfm.cl\/wp-content\/uploads\/2024\/03\/foto-parte-agrupaciOn-jam-austral-1_optimized-1.jpg 862w, https:\/\/radiorevelacionfm.cl\/wp-content\/uploads\/2024\/03\/foto-parte-agrupaciOn-jam-austral-1_optimized-1-300x278.jpg 300w, https:\/\/radiorevelacionfm.cl\/wp-content\/uploads\/2024\/03\/foto-parte-agrupaciOn-jam-austral-1_optimized-1-768x713.jpg 768w, https:\/\/radiorevelacionfm.cl\/wp-content\/uploads\/2024\/03\/foto-parte-agrupaciOn-jam-austral-1_optimized-1-705x654.jpg 705w, https:\/\/radiorevelacionfm.cl\/wp-content\/uploads\/2024\/03\/foto-parte-agrupaciOn-jam-austral-1_optimized-1-450x418.jpg 450w, https:\/\/radiorevelacionfm.cl\/wp-content\/uploads\/2024\/03\/foto-parte-agrupaciOn-jam-austral-1_optimized-1-600x557.jpg 600w\" sizes=\"(max-width: 862px) 100vw, 862px\" \/><\/div><\/div><\/div><\/div><div class=\"flex_column av_one_full  flex_column_div av-zero-column-padding first  avia-builder-el-2  el_after_av_one_full  el_before_av_one_full  column-top-margin\" style='border-radius:0px; '><section class=\"av_textblock_section \"  itemscope=\"itemscope\" itemtype=\"https:\/\/schema.org\/BlogPosting\" itemprop=\"blogPost\" ><div class='avia_textblock  '   itemprop=\"text\" ><p style=\"text-align: center;\"><strong><span style=\"font-size: 18pt;\">Juventudes de la Agrupaci\u00f3n Cultural JamAustral realizar\u00e1n muestra de talentos \u00a0en Villa Ortega<\/span><\/strong><\/p>\n<div id=\"gtx-trans\" style=\"position: absolute; left: -50px; top: 4.31534px;\">\n<div class=\"gtx-trans-icon\"><\/div>\n<\/div>\n<\/div><\/section><\/div><div class=\"flex_column av_one_full  flex_column_div av-zero-column-padding first  avia-builder-el-4  el_after_av_one_full  el_before_av_hr  column-top-margin\" style='border-radius:0px; '><section class=\"av_textblock_section \"  itemscope=\"itemscope\" itemtype=\"https:\/\/schema.org\/BlogPosting\" itemprop=\"blogPost\" ><div class='avia_textblock  '   itemprop=\"text\" ><p style=\"text-align: justify;\">Este s\u00e1bado 16 de marzo desde las 14:00 horas en la Plaza de Villa Ortega, la Agrupaci\u00f3n Cultural JamAustral realizar\u00e1 un interesante \u00a0encuentro art\u00edstico, instancia que tiene por objetivo\u00a0 que las agrupaciones y artistas emergentes de la regi\u00f3n\u00a0\u00a0 muestren\u00a0 sus distintos y variados talentos a la comunidad, permitiendo adem\u00e1s extender el alcance del JamAustral en el territorio, brindando una actividad de esparcimiento para las juventudes y familias de la localidad.<\/p>\n<p style=\"text-align: justify;\">Los artistas que se presentaran en la actividad \u00a0son: Naiser, Euskaro, Esencia M\u00edstica, Chiki Styla, Holysendes, LuchoTeclas, Nico Vergara, Fernando Pro-Sa, Conisha y Camila. Durante el encuentro tambi\u00e9n se realizar\u00e1 un mural acompa\u00f1ado de \u00a0un taller de muralismo a cargo de: Honers, Bosset, Dyre, Kepa y Hierba Fresca.<\/p>\n<p style=\"text-align: justify;\">Camilo Le\u00f3n Barrientos, joven integrante y tesorero de la Agrupaci\u00f3n Cultural JamAustral, sostuvo que \u201cinvitamos a toda la comunidad a presenciar la muestra de talentos que se realizar\u00e1 en la localidad de\u00a0 Villa Ortega,\u00a0 este s\u00e1bado 16 de marzo, desde las 14:00 horas. Contaremos con varios grupos art\u00edsticos de variados estilos que se presentar\u00e1n y mostraran sus talentos, ser\u00e1 una gran instancia para visibilizar el arte de las juventudes y tambi\u00e9n para descubrir nuevos talentos. Se elaborar\u00e1 un interesante mural acompa\u00f1ado de \u00a0talleres de pintura y bienestar. Quienes deseen ser part\u00edcipes de la muestra de talento, pueden inscribirse, enviando un mensaje por interno a la cuenta de Instagram @Jam_austral\u201d.<\/p>\n<p style=\"text-align: justify;\">En la misma l\u00ednea indic\u00f3 que \u201ces importante contarles a la comunidad regional que tambi\u00e9n\u00a0 para la actividad habr\u00e1 un bus de acercamiento gratuito y disponible \u00a0para la gente de la comuna de Coyhaique que quiera \u00a0ir a presenciar el evento cultural. Como Agrupaci\u00f3n Cultural agradecemos el significativo apoyo de la Ilustre Municipalidad de Coyhaique, Instituto Nacional de la Juventud y la Escuela de Villa Ortega, Pablo Neruda\u201d.<\/p>\n<p style=\"text-align: justify;\">\u201cEs importante realzar el trabajo que realizan las diversas juventudes de la regi\u00f3n, sobre todo en \u00e1mbitos art\u00edsticos y culturales, tal como se presenta esta actividad. Al mismo tiempo, la invitaci\u00f3n es a seguir fortaleciendo este tiempo de instancias y ponernos a disposici\u00f3n de lo que necesiten las juventudes de la regi\u00f3n, promoviendo una agenda cultural con perspectiva de juventud\u201d, se\u00f1al\u00f3 el Director Regional de INJUV Ays\u00e9n, Camilo Trivi\u00f1o Urtubia.<\/p>\n<\/div><\/section><\/div><div  style='height:50px' class='hr hr-invisible   avia-builder-el-6  el_after_av_one_full  el_before_av_social_share '><span class='hr-inner ' ><span class='hr-inner-style'><\/span><\/span><\/div><\/p>\n<div  class='av-social-sharing-box  avia-builder-el-7  el_after_av_hr  el_before_av_hr  '><div class='av-share-box'><h5 class='av-share-link-description av-no-toc '>Compartir esta noticia<\/h5><ul class='av-share-box-list noLightbox'><li class='av-share-link av-social-link-facebook' ><a target=\"_blank\" aria-label=\"Compartir en Facebook\" href='https:\/\/www.facebook.com\/sharer.php?u=https:\/\/radiorevelacionfm.cl\/?p=40256&#038;t=Juventudes%20de%20la%20Agrupaci%C3%B3n%20Cultural%20JamAustral%20realizar%C3%A1n%20muestra%20de%20talentos%20en%20Villa%20Ortega' aria-hidden='false' data-av_icon='\ue8f3' data-av_iconfont='entypo-fontello' title='' data-avia-related-tooltip='Compartir en Facebook' rel=\"noopener\"><span class='avia_hidden_link_text'>Compartir en Facebook<\/span><\/a><\/li><li class='av-share-link av-social-link-twitter' ><a target=\"_blank\" aria-label=\"Compartir en Twitter\" href='https:\/\/twitter.com\/share?text=Juventudes%20de%20la%20Agrupaci%C3%B3n%20Cultural%20JamAustral%20realizar%C3%A1n%20muestra%20de%20talentos%20en%20Villa%20Ortega&#038;url=https:\/\/radiorevelacionfm.cl\/?p=40256' aria-hidden='false' data-av_icon='\ue8f1' data-av_iconfont='entypo-fontello' title='' data-avia-related-tooltip='Compartir en Twitter' rel=\"noopener\"><span class='avia_hidden_link_text'>Compartir en Twitter<\/span><\/a><\/li><li class='av-share-link av-social-link-whatsapp' ><a target=\"_blank\" aria-label=\"Compartir en Whatsapp\" href='https:\/\/api.whatsapp.com\/send?text=https:\/\/radiorevelacionfm.cl\/?p=40256' aria-hidden='false' data-av_icon='\uf232' data-av_iconfont='entypo-fontello' title='' data-avia-related-tooltip='Compartir en Whatsapp' rel=\"noopener\"><span class='avia_hidden_link_text'>Compartir en Whatsapp<\/span><\/a><\/li><li class='av-share-link av-social-link-linkedin' ><a target=\"_blank\" aria-label=\"Compartir en LinkedIn\" href='https:\/\/linkedin.com\/shareArticle?mini=true&#038;title=Juventudes%20de%20la%20Agrupaci%C3%B3n%20Cultural%20JamAustral%20realizar%C3%A1n%20muestra%20de%20talentos%20en%20Villa%20Ortega&#038;url=https:\/\/radiorevelacionfm.cl\/?p=40256' aria-hidden='false' data-av_icon='\ue8fc' data-av_iconfont='entypo-fontello' title='' data-avia-related-tooltip='Compartir en LinkedIn' rel=\"noopener\"><span class='avia_hidden_link_text'>Compartir en LinkedIn<\/span><\/a><\/li><li class='av-share-link av-social-link-mail' ><a  aria-label=\"Compartir por correo\" href='mailto:?subject=Juventudes%20de%20la%20Agrupaci%C3%B3n%20Cultural%20JamAustral%20realizar%C3%A1n%20muestra%20de%20talentos%20en%20Villa%20Ortega&#038;body=https:\/\/radiorevelacionfm.cl\/?p=40256' aria-hidden='false' data-av_icon='\ue805' data-av_iconfont='entypo-fontello' title='' data-avia-related-tooltip='Compartir por correo'><span class='avia_hidden_link_text'>Compartir por correo<\/span><\/a><\/li><\/ul><\/div><\/div>\n<div  style='height:50px' class='hr hr-invisible   avia-builder-el-8  el_after_av_social_share  el_before_av_comments_list '><span class='hr-inner ' ><span class='hr-inner-style'><\/span><\/span><\/div>\n<div  class='av-buildercomment  av-blog-meta-html-info-disabled av-blog-meta-tag-disabled  '><\/div>\n","protected":false},"excerpt":{"rendered":"","protected":false},"author":1,"featured_media":40257,"comment_status":"open","ping_status":"open","sticky":false,"template":"","format":"standard","meta":{"footnotes":""},"categories":[38],"tags":[],"class_list":["post-40256","post","type-post","status-publish","format-standard","has-post-thumbnail","hentry","category-regional"],"jetpack_featured_media_url":"https:\/\/radiorevelacionfm.cl\/wp-content\/uploads\/2024\/03\/foto-parte-agrupaciOn-jam-austral-1_optimized-1.jpg","_links":{"self":[{"href":"https:\/\/radiorevelacionfm.cl\/index.php?rest_route=\/wp\/v2\/posts\/40256","targetHints":{"allow":["GET"]}}],"collection":[{"href":"https:\/\/radiorevelacionfm.cl\/index.php?rest_route=\/wp\/v2\/posts"}],"about":[{"href":"https:\/\/radiorevelacionfm.cl\/index.php?rest_route=\/wp\/v2\/types\/post"}],"author":[{"embeddable":true,"href":"https:\/\/radiorevelacionfm.cl\/index.php?rest_route=\/wp\/v2\/users\/1"}],"replies":[{"embeddable":true,"href":"https:\/\/radiorevelacionfm.cl\/index.php?rest_route=%2Fwp%2Fv2%2Fcomments&post=40256"}],"version-history":[{"count":1,"href":"https:\/\/radiorevelacionfm.cl\/index.php?rest_route=\/wp\/v2\/posts\/40256\/revisions"}],"predecessor-version":[{"id":40258,"href":"https:\/\/radiorevelacionfm.cl\/index.php?rest_route=\/wp\/v2\/posts\/40256\/revisions\/40258"}],"wp:featuredmedia":[{"embeddable":true,"href":"https:\/\/radiorevelacionfm.cl\/index.php?rest_route=\/wp\/v2\/media\/40257"}],"wp:attachment":[{"href":"https:\/\/radiorevelacionfm.cl\/index.php?rest_route=%2Fwp%2Fv2%2Fmedia&parent=40256"}],"wp:term":[{"taxonomy":"category","embeddable":true,"href":"https:\/\/radiorevelacionfm.cl\/index.php?rest_route=%2Fwp%2Fv2%2Fcategories&post=40256"},{"taxonomy":"post_tag","embeddable":true,"href":"https:\/\/radiorevelacionfm.cl\/index.php?rest_route=%2Fwp%2Fv2%2Ftags&post=40256"}],"curies":[{"name":"wp","href":"https:\/\/api.w.org\/{rel}","templated":true}]}}