{"id":40253,"date":"2024-03-11T18:05:40","date_gmt":"2024-03-11T21:05:40","guid":{"rendered":"https:\/\/radiorevelacionfm.cl\/?p=40253"},"modified":"2024-03-11T18:05:40","modified_gmt":"2024-03-11T21:05:40","slug":"organizaciones-de-caleta-andrade-validan-disenos-de-nuevos-proyectos-presentados-por-secplan","status":"publish","type":"post","link":"https:\/\/radiorevelacionfm.cl\/?p=40253","title":{"rendered":"Organizaciones de Caleta Andrade validan dise\u00f1os de nuevos proyectos presentados por SECPLAN"},"content":{"rendered":"<div class=\"flex_column av_one_full  flex_column_div av-zero-column-padding first  avia-builder-el-0  el_before_av_one_full  avia-builder-el-first  \" style='border-radius:0px; '><div  class='avia-image-container  av-styling-    avia-builder-el-1  avia-builder-el-no-sibling  avia-align-center '  itemprop=\"image\" itemscope=\"itemscope\" itemtype=\"https:\/\/schema.org\/ImageObject\"  ><div class='avia-image-container-inner'><div class='avia-image-overlay-wrap'><img decoding=\"async\" class='wp-image-40254 avia-img-lazy-loading-not-40254 avia_image' src=\"https:\/\/radiorevelacionfm.cl\/wp-content\/uploads\/2024\/03\/secplan-caleta-9-2_optimized.jpg\" alt='' title='secplan-caleta-9-(2)_optimized' height=\"600\" width=\"905\"  itemprop=\"thumbnailUrl\" srcset=\"https:\/\/radiorevelacionfm.cl\/wp-content\/uploads\/2024\/03\/secplan-caleta-9-2_optimized.jpg 905w, https:\/\/radiorevelacionfm.cl\/wp-content\/uploads\/2024\/03\/secplan-caleta-9-2_optimized-300x199.jpg 300w, https:\/\/radiorevelacionfm.cl\/wp-content\/uploads\/2024\/03\/secplan-caleta-9-2_optimized-768x509.jpg 768w, https:\/\/radiorevelacionfm.cl\/wp-content\/uploads\/2024\/03\/secplan-caleta-9-2_optimized-705x467.jpg 705w, https:\/\/radiorevelacionfm.cl\/wp-content\/uploads\/2024\/03\/secplan-caleta-9-2_optimized-450x298.jpg 450w, https:\/\/radiorevelacionfm.cl\/wp-content\/uploads\/2024\/03\/secplan-caleta-9-2_optimized-600x398.jpg 600w\" sizes=\"(max-width: 905px) 100vw, 905px\" \/><\/div><\/div><\/div><\/div><div class=\"flex_column av_one_full  flex_column_div av-zero-column-padding first  avia-builder-el-2  el_after_av_one_full  el_before_av_one_full  column-top-margin\" style='border-radius:0px; '><section class=\"av_textblock_section \"  itemscope=\"itemscope\" itemtype=\"https:\/\/schema.org\/BlogPosting\" itemprop=\"blogPost\" ><div class='avia_textblock  '   itemprop=\"text\" ><p style=\"text-align: center;\"><strong><span style=\"font-size: 18pt;\">Organizaciones de Caleta Andrade validan dise\u00f1os de nuevos proyectos presentados por SECPLAN<\/span><\/strong><\/p>\n<div id=\"gtx-trans\" style=\"position: absolute; left: -50px; top: 4.31534px;\">\n<div class=\"gtx-trans-icon\"><\/div>\n<\/div>\n<\/div><\/section><\/div><div class=\"flex_column av_one_full  flex_column_div av-zero-column-padding first  avia-builder-el-4  el_after_av_one_full  el_before_av_hr  column-top-margin\" style='border-radius:0px; '><section class=\"av_textblock_section \"  itemscope=\"itemscope\" itemtype=\"https:\/\/schema.org\/BlogPosting\" itemprop=\"blogPost\" ><div class='avia_textblock  '   itemprop=\"text\" ><p style=\"text-align: justify;\"><em>Se puso en valor el apoyo de los trabajadores PMU tanto de Puerto Aguirre como de Caleta Andrade, quienes colaboraron en algunas acciones del equipo municipal.<\/em><\/p>\n<p style=\"text-align: justify;\">Recientemente un equipo de la Secretaria Comunal de Planificaci\u00f3n (SECPLAN) de la Municipalidad de Ays\u00e9n, estuvo en Islas Huichas, donde junto a los vecinos e integrantes de algunas organizaciones, dieron a conocer los dise\u00f1os de proyectos planteados por la propia comunidad, como son la Sede del Club de Adulto Mayor \u201cLas Rosas\u201d y la Sede de la Junta de Vecinos, ambas iniciativas en el sector de Caleta Andrade.<\/p>\n<p style=\"text-align: justify;\">La directora del Secplan, Roc\u00edo Borquez Jorquera, coment\u00f3 que esto nace tras un dialogo con los vecinos realizado durante el mes de febrero y que ahora en un nuevo encuentro, les mostraron los resultados del trabajo realizado por el equipo t\u00e9cnico municipal y que en primera instancia correspondi\u00f3 a la sede de la unidad vecinal.<\/p>\n<p style=\"text-align: justify;\">\u201cParticularmente les presentamos a los vecinos de la junta de vecinos de Caleta Andrade, el dise\u00f1o de lo que ser\u00e1 su nueva sede comunitaria. Recordar que, en el mes de febrero nos acercamos con los profesionales de Secplan a conversar con los vecinos, a requerimiento de ellos, nos manifestaron la necesidad de contar con una nueva sede, que tenga la capacidad no solo de albergar las reuniones de la junta de vecinos, sino que tambi\u00e9n, un buen centro comunitario para la isla. Levantamos las ideas y luego esto se transform\u00f3 en una propuesta de arquitectura, que es lo que fuimos a presentar a Caleta Andrade y la verdad es que los vecinos se mostraron bastante contentos\u201d, se\u00f1al\u00f3 la directora de Secplan.<\/p>\n<p style=\"text-align: justify;\">Lo rescatable de las instancias donde se trabaja con la comunidad es atender lo que ellos plantean y que luego esto se traduzca en iniciativas concretas, tal como ocurri\u00f3 en la reciente reuni\u00f3n con la junta de vecinos de Caleta Andrade, a\u00f1adi\u00f3 Roc\u00edo Borquez. \u201cPorque la iniciativa recogi\u00f3 todo lo que son sus necesidades, pero tambi\u00e9n sus gustos, temas de colores, de materialidades, ah\u00ed trabajamos tambi\u00e9n un mural que va a llevar la sede. As\u00ed es que, bastante contentos nosotros con esta reuni\u00f3n, nos vamos con un visto bueno, para ahora terminar el proyecto t\u00e9cnico e ingresarlo a la cartera FRIL de este a\u00f1o 2024, el ingreso va a ser en el corto plazo. Por lo tanto, esperamos que ese proyecto quede aprobado en lo que queda del a\u00f1o e incluso si todo sale bien, pueda iniciar su ejecuci\u00f3n a fines de este a\u00f1o\u201d.<\/p>\n<p style=\"text-align: justify;\">Junto al Club de Adulto Mayor Las Rosas de Caleta Andrade, tambi\u00e9n se llev\u00f3 a cabo un taller de validaci\u00f3n, luego de que el equipo Secplan mostr\u00f3 el dise\u00f1o propuesto para la nueva sede social de la organizaci\u00f3n.<\/p>\n<p style=\"text-align: justify;\">\u201cRealizamos otro taller de validaci\u00f3n, con el Club de Adulto Mayor Las Rosas de Caleta Andrade, la din\u00e1mica fue similar, con ellos nos reunimos durante el mes de febrero para levantar sus necesidades y ahora fuimos a mostrarles el dise\u00f1o propuesto, que sigue una l\u00ednea de arquitectura particular. Ah\u00ed tambi\u00e9n con la junta de vecinos, porque est\u00e1n en terrenos muy cercanos, as\u00ed es que, las integrantes del Club de Adulto Mayor se mostraron muy contentas, aprobaron el proyecto, nos dieron su visto bueno. Ahora, seguimos avanzando con la estructura, el proyecto sanitario y el el\u00e9ctrico, porque lo que es arquitectura ya quedar\u00eda cerrado con la reuni\u00f3n a la que asistimos\u201d.<\/p>\n<p style=\"text-align: justify;\">Otras acciones realizadas por el equipo de Secplan en Islas Huichas fueron, la toma de muestras y ensayos para proyectos sanitarios y estructurales de la delegaci\u00f3n municipal y las nuevas sedes para Caleta Andrade. Adem\u00e1s, se efectuaron calicatas y toma de ensayos con apoyo de los equipos PMU de Puerto Aguirre y Caleta Andrade, a quienes agradecieron el trabajo y colaboraci\u00f3n.<\/p>\n<\/div><\/section><\/div><div  style='height:50px' class='hr hr-invisible   avia-builder-el-6  el_after_av_one_full  el_before_av_social_share '><span class='hr-inner ' ><span class='hr-inner-style'><\/span><\/span><\/div><\/p>\n<div  class='av-social-sharing-box  avia-builder-el-7  el_after_av_hr  el_before_av_hr  '><div class='av-share-box'><h5 class='av-share-link-description av-no-toc '>Compartir esta noticia<\/h5><ul class='av-share-box-list noLightbox'><li class='av-share-link av-social-link-facebook' ><a target=\"_blank\" aria-label=\"Compartir en Facebook\" href='https:\/\/www.facebook.com\/sharer.php?u=https:\/\/radiorevelacionfm.cl\/?p=40253&#038;t=Organizaciones%20de%20Caleta%20Andrade%20validan%20dise%C3%B1os%20de%20nuevos%20proyectos%20presentados%20por%20SECPLAN' aria-hidden='false' data-av_icon='\ue8f3' data-av_iconfont='entypo-fontello' title='' data-avia-related-tooltip='Compartir en Facebook' rel=\"noopener\"><span class='avia_hidden_link_text'>Compartir en Facebook<\/span><\/a><\/li><li class='av-share-link av-social-link-twitter' ><a target=\"_blank\" aria-label=\"Compartir en Twitter\" href='https:\/\/twitter.com\/share?text=Organizaciones%20de%20Caleta%20Andrade%20validan%20dise%C3%B1os%20de%20nuevos%20proyectos%20presentados%20por%20SECPLAN&#038;url=https:\/\/radiorevelacionfm.cl\/?p=40253' aria-hidden='false' data-av_icon='\ue8f1' data-av_iconfont='entypo-fontello' title='' data-avia-related-tooltip='Compartir en Twitter' rel=\"noopener\"><span class='avia_hidden_link_text'>Compartir en Twitter<\/span><\/a><\/li><li class='av-share-link av-social-link-whatsapp' ><a target=\"_blank\" aria-label=\"Compartir en Whatsapp\" href='https:\/\/api.whatsapp.com\/send?text=https:\/\/radiorevelacionfm.cl\/?p=40253' aria-hidden='false' data-av_icon='\uf232' data-av_iconfont='entypo-fontello' title='' data-avia-related-tooltip='Compartir en Whatsapp' rel=\"noopener\"><span class='avia_hidden_link_text'>Compartir en Whatsapp<\/span><\/a><\/li><li class='av-share-link av-social-link-linkedin' ><a target=\"_blank\" aria-label=\"Compartir en LinkedIn\" href='https:\/\/linkedin.com\/shareArticle?mini=true&#038;title=Organizaciones%20de%20Caleta%20Andrade%20validan%20dise%C3%B1os%20de%20nuevos%20proyectos%20presentados%20por%20SECPLAN&#038;url=https:\/\/radiorevelacionfm.cl\/?p=40253' aria-hidden='false' data-av_icon='\ue8fc' data-av_iconfont='entypo-fontello' title='' data-avia-related-tooltip='Compartir en LinkedIn' rel=\"noopener\"><span class='avia_hidden_link_text'>Compartir en LinkedIn<\/span><\/a><\/li><li class='av-share-link av-social-link-mail' ><a  aria-label=\"Compartir por correo\" href='mailto:?subject=Organizaciones%20de%20Caleta%20Andrade%20validan%20dise%C3%B1os%20de%20nuevos%20proyectos%20presentados%20por%20SECPLAN&#038;body=https:\/\/radiorevelacionfm.cl\/?p=40253' aria-hidden='false' data-av_icon='\ue805' data-av_iconfont='entypo-fontello' title='' data-avia-related-tooltip='Compartir por correo'><span class='avia_hidden_link_text'>Compartir por correo<\/span><\/a><\/li><\/ul><\/div><\/div>\n<div  style='height:50px' class='hr hr-invisible   avia-builder-el-8  el_after_av_social_share  el_before_av_comments_list '><span class='hr-inner ' ><span class='hr-inner-style'><\/span><\/span><\/div>\n<div  class='av-buildercomment  av-blog-meta-html-info-disabled av-blog-meta-tag-disabled  '><\/div>\n","protected":false},"excerpt":{"rendered":"","protected":false},"author":1,"featured_media":40254,"comment_status":"open","ping_status":"open","sticky":false,"template":"","format":"standard","meta":{"footnotes":""},"categories":[38],"tags":[],"class_list":["post-40253","post","type-post","status-publish","format-standard","has-post-thumbnail","hentry","category-regional"],"jetpack_featured_media_url":"https:\/\/radiorevelacionfm.cl\/wp-content\/uploads\/2024\/03\/secplan-caleta-9-2_optimized.jpg","_links":{"self":[{"href":"https:\/\/radiorevelacionfm.cl\/index.php?rest_route=\/wp\/v2\/posts\/40253","targetHints":{"allow":["GET"]}}],"collection":[{"href":"https:\/\/radiorevelacionfm.cl\/index.php?rest_route=\/wp\/v2\/posts"}],"about":[{"href":"https:\/\/radiorevelacionfm.cl\/index.php?rest_route=\/wp\/v2\/types\/post"}],"author":[{"embeddable":true,"href":"https:\/\/radiorevelacionfm.cl\/index.php?rest_route=\/wp\/v2\/users\/1"}],"replies":[{"embeddable":true,"href":"https:\/\/radiorevelacionfm.cl\/index.php?rest_route=%2Fwp%2Fv2%2Fcomments&post=40253"}],"version-history":[{"count":1,"href":"https:\/\/radiorevelacionfm.cl\/index.php?rest_route=\/wp\/v2\/posts\/40253\/revisions"}],"predecessor-version":[{"id":40255,"href":"https:\/\/radiorevelacionfm.cl\/index.php?rest_route=\/wp\/v2\/posts\/40253\/revisions\/40255"}],"wp:featuredmedia":[{"embeddable":true,"href":"https:\/\/radiorevelacionfm.cl\/index.php?rest_route=\/wp\/v2\/media\/40254"}],"wp:attachment":[{"href":"https:\/\/radiorevelacionfm.cl\/index.php?rest_route=%2Fwp%2Fv2%2Fmedia&parent=40253"}],"wp:term":[{"taxonomy":"category","embeddable":true,"href":"https:\/\/radiorevelacionfm.cl\/index.php?rest_route=%2Fwp%2Fv2%2Fcategories&post=40253"},{"taxonomy":"post_tag","embeddable":true,"href":"https:\/\/radiorevelacionfm.cl\/index.php?rest_route=%2Fwp%2Fv2%2Ftags&post=40253"}],"curies":[{"name":"wp","href":"https:\/\/api.w.org\/{rel}","templated":true}]}}