{"id":40250,"date":"2024-03-11T18:19:08","date_gmt":"2024-03-11T21:19:08","guid":{"rendered":"https:\/\/radiorevelacionfm.cl\/?p=40250"},"modified":"2024-03-11T18:19:08","modified_gmt":"2024-03-11T21:19:08","slug":"ministra-jeanette-jara-inauguro-primera-feria-laboral-impulsando-la-reactivacion-economica-chile-avanzando","status":"publish","type":"post","link":"https:\/\/radiorevelacionfm.cl\/?p=40250","title":{"rendered":"Ministra Jeanette Jara inaugur\u00f3 \u201cPrimera Feria Laboral Impulsando la reactivaci\u00f3n econ\u00f3mica Chile Avanzando\u201d"},"content":{"rendered":"<div class=\"flex_column av_one_full  flex_column_div av-zero-column-padding first  avia-builder-el-0  el_before_av_one_full  avia-builder-el-first  \" style='border-radius:0px; '><div  class='avia-image-container  av-styling-    avia-builder-el-1  avia-builder-el-no-sibling  avia-align-center '  itemprop=\"image\" itemscope=\"itemscope\" itemtype=\"https:\/\/schema.org\/ImageObject\"  ><div class='avia-image-container-inner'><div class='avia-image-overlay-wrap'><img decoding=\"async\" class='wp-image-40251 avia-img-lazy-loading-not-40251 avia_image' src=\"https:\/\/radiorevelacionfm.cl\/wp-content\/uploads\/2024\/03\/whatsapp-image-2024-03-11-at-1_optimized.02.04-pm-1.jpeg\" alt='' title='whatsapp-image-2024-03-11-at-1_optimized.02.04-pm-(1)' height=\"600\" width=\"963\"  itemprop=\"thumbnailUrl\" srcset=\"https:\/\/radiorevelacionfm.cl\/wp-content\/uploads\/2024\/03\/whatsapp-image-2024-03-11-at-1_optimized.02.04-pm-1.jpeg 963w, https:\/\/radiorevelacionfm.cl\/wp-content\/uploads\/2024\/03\/whatsapp-image-2024-03-11-at-1_optimized.02.04-pm-1-300x187.jpeg 300w, https:\/\/radiorevelacionfm.cl\/wp-content\/uploads\/2024\/03\/whatsapp-image-2024-03-11-at-1_optimized.02.04-pm-1-768x479.jpeg 768w, https:\/\/radiorevelacionfm.cl\/wp-content\/uploads\/2024\/03\/whatsapp-image-2024-03-11-at-1_optimized.02.04-pm-1-705x439.jpeg 705w, https:\/\/radiorevelacionfm.cl\/wp-content\/uploads\/2024\/03\/whatsapp-image-2024-03-11-at-1_optimized.02.04-pm-1-450x280.jpeg 450w, https:\/\/radiorevelacionfm.cl\/wp-content\/uploads\/2024\/03\/whatsapp-image-2024-03-11-at-1_optimized.02.04-pm-1-600x374.jpeg 600w\" sizes=\"(max-width: 963px) 100vw, 963px\" \/><\/div><\/div><\/div><\/div><div class=\"flex_column av_one_full  flex_column_div av-zero-column-padding first  avia-builder-el-2  el_after_av_one_full  el_before_av_one_full  column-top-margin\" style='border-radius:0px; '><section class=\"av_textblock_section \"  itemscope=\"itemscope\" itemtype=\"https:\/\/schema.org\/BlogPosting\" itemprop=\"blogPost\" ><div class='avia_textblock  '   itemprop=\"text\" ><p style=\"text-align: center;\"><span style=\"font-size: 18pt;\"><b>Ministra Jeanette Jara inaugur\u00f3 \u201cPrimera Feria Laboral Impulsando la reactivaci\u00f3n econ\u00f3mica Chile Avanzando\u201d<\/b><\/span><\/p>\n<div id=\"gtx-trans\" style=\"position: absolute; left: -50px; top: 4.31534px;\">\n<div class=\"gtx-trans-icon\"><\/div>\n<\/div>\n<\/div><\/section><\/div><div class=\"flex_column av_one_full  flex_column_div av-zero-column-padding first  avia-builder-el-4  el_after_av_one_full  el_before_av_hr  column-top-margin\" style='border-radius:0px; '><section class=\"av_textblock_section \"  itemscope=\"itemscope\" itemtype=\"https:\/\/schema.org\/BlogPosting\" itemprop=\"blogPost\" ><div class='avia_textblock  '   itemprop=\"text\" ><p style=\"font-weight: 400; text-align: justify;\">La ministra del Trabajo y Previsi\u00f3n Social, Jeanette Jara Rom\u00e1n, inaugur\u00f3 este lunes en Coyhaique la \u201cPrimera Feria Laboral Impulsando la Reactivaci\u00f3n Econ\u00f3mica Chile Avanzando\u201d, actividad que se desarroll\u00f3 en el marco del segundo aniversario del Gobierno del Presidente Gabriel Boric.<\/p>\n<p style=\"font-weight: 400; text-align: justify;\">En la instancia, que fue organizada por las secretar\u00edas regionales ministeriales (seremis) de Obras P\u00fablicas y de Trabajo y Previsi\u00f3n Social, participaron empresas que ofrecieron m\u00e1s de 150 empleos en obras licitadas por el MOP en diferentes puntos de la regi\u00f3n, adem\u00e1s de servicios p\u00fablicos relacionados con la contrataci\u00f3n y el empleo.<\/p>\n<p style=\"font-weight: 400; text-align: justify;\">En un punto de prensa con medios de la regi\u00f3n, la ministra Jeannette Jara se refiri\u00f3 a los logros del Gobierno en sus dos primeros a\u00f1os y a los desaf\u00edos que se deben enfrentar. En ese sentido, se\u00f1al\u00f3 que \u201ctenemos la convicci\u00f3n de que lo que hemos logrado avanzar va a mejorar la vida de las personas. Tenemos desaf\u00edos importantes todav\u00eda pendientes a los cuales el Presidente, con mucha claridad, nos ha llamado a trabajar para cumplirlos. M\u00e1s que hacer promesas, cumplir lo prometido\u201d.<\/p>\n<p style=\"font-weight: 400; text-align: justify;\">\u201cA nosotros nos toc\u00f3 asumir el pa\u00eds hace dos a\u00f1os, con un indicador de inflaci\u00f3n muy alto y se hab\u00eda producido un proceso en el cual las personas estaban en una situaci\u00f3n muy compleja, porque con un salario m\u00ednimo de $350.000 y con el alza de los alimentos por motivo de la inflaci\u00f3n, se hac\u00eda muy dif\u00edcil poder llegar a fin de mes. Hemos ido avanzando, el control de la inflaci\u00f3n ha sido fundamental y el desaf\u00edo para este a\u00f1o es que ello se traduzca en que el crecimiento en nuestro pa\u00eds se asiente\u201d, a\u00f1adi\u00f3 la secretaria de Estado, cuya visita a la Regi\u00f3n de Ays\u00e9n se extender\u00e1 hasta ma\u00f1ana martes 12 de marzo.<\/p>\n<p style=\"font-weight: 400; text-align: justify;\">El Delegado Presidencial Regional, Rodrigo Araya, destac\u00f3 que iniciativas como la feria laboral se mantendr\u00e1n durante el a\u00f1o, para favorecer tanto la actividad econ\u00f3mica como la empleabilidad a nivel local.<\/p>\n<p style=\"font-weight: 400; text-align: justify;\">\u201cHay un despliegue en todo el pa\u00eds, para dar relevancia a este segundo per\u00edodo de Gobierno, donde la seguridad, la reactivaci\u00f3n econ\u00f3mica y las pensiones, son tres puntos clave para la gesti\u00f3n. Aqu\u00ed tenemos una oferta laboral de empresas que se han adjudicado obras del Ministerio de Obras P\u00fablicas, en la l\u00ednea de la reactivaci\u00f3n econ\u00f3mica. Tenemos 44 licitaciones, m\u00e1s de 270 mil millones de pesos en obras que se van a ejecutar y, por lo tanto, la participaci\u00f3n de las personas en instancias como estas son clave para encontrar un espacio laboral\u201d, sostuvo.<\/p>\n<p style=\"font-weight: 400; text-align: justify;\">Entre los asistentes, Sandra Vidal Vidal, indic\u00f3 que un programa formativo en conducci\u00f3n de maquinaria pesada, impartido por del Servicio Nacional de Capacitaci\u00f3n y Empleo (Sence), le permiti\u00f3 acceder a empleos estables.<\/p>\n<p style=\"font-weight: 400; text-align: justify;\">\u201cM\u00e1s que nada, invitar a las mujeres a que se atrevan. Es una experiencia muy bonita. Entramos a un \u00e1mbito laboral de hombres, donde primero, obviamente, no nos miran muy bien; pero luego te das cuenta de que eres capaz. Yo entr\u00e9 operando una m\u00e1quina y hoy en d\u00eda estoy operando m\u00e1s de seis m\u00e1quinas pesadas\u201d, indic\u00f3.<\/p>\n<p style=\"font-weight: 400; text-align: justify;\">La Gobernadora Andrea Mac\u00edas manifest\u00f3 la disposici\u00f3n de contribuir al trabajo p\u00fablico privado, orientado a afianzar la reactivaci\u00f3n econ\u00f3mica en la regi\u00f3n, se\u00f1alando que \u201clas ferias laborales como espacios abiertos a la comunidad, son fundamentales hoy d\u00eda cuando tenemos como foco avanzar de manera conjunta en reactivaci\u00f3n econ\u00f3mica\u201d.<\/p>\n<p style=\"font-weight: 400; text-align: justify;\">Las empresas que tuvieron un conjunto de 150 ofertas laborales presentadas en esta feria son Urales, Bitumix, Flesan, Patricio Roa, Apia y Aguas Patagonia, mientras que, como servicios de apoyo, participaron la Oficina Municipal de Informaci\u00f3n Laboral (OMIL) Coyhaique y Ays\u00e9n; Sence, que apoy\u00f3 en la confecci\u00f3n de curr\u00edculos e inscripci\u00f3n en la Bolsa Nacional de Empleo; Servicio Nacional de Migraciones; INACAP Centro de Formaci\u00f3n T\u00e9cnica; Registro Civil e Identificaci\u00f3n; Administradora de Fondos de Cesant\u00eda (AFC); Aguas Patagonia.<\/p>\n<\/div><\/section><\/div><div  style='height:50px' class='hr hr-invisible   avia-builder-el-6  el_after_av_one_full  el_before_av_social_share '><span class='hr-inner ' ><span class='hr-inner-style'><\/span><\/span><\/div><\/p>\n<div  class='av-social-sharing-box  avia-builder-el-7  el_after_av_hr  el_before_av_hr  '><div class='av-share-box'><h5 class='av-share-link-description av-no-toc '>Compartir esta noticia<\/h5><ul class='av-share-box-list noLightbox'><li class='av-share-link av-social-link-facebook' ><a target=\"_blank\" aria-label=\"Compartir en Facebook\" href='https:\/\/www.facebook.com\/sharer.php?u=https:\/\/radiorevelacionfm.cl\/?p=40250&#038;t=Ministra%20Jeanette%20Jara%20inaugur%C3%B3%20%E2%80%9CPrimera%20Feria%20Laboral%20Impulsando%20la%20reactivaci%C3%B3n%20econ%C3%B3mica%20Chile%20Avanzando%E2%80%9D' aria-hidden='false' data-av_icon='\ue8f3' data-av_iconfont='entypo-fontello' title='' data-avia-related-tooltip='Compartir en Facebook' rel=\"noopener\"><span class='avia_hidden_link_text'>Compartir en Facebook<\/span><\/a><\/li><li class='av-share-link av-social-link-twitter' ><a target=\"_blank\" aria-label=\"Compartir en Twitter\" href='https:\/\/twitter.com\/share?text=Ministra%20Jeanette%20Jara%20inaugur%C3%B3%20%E2%80%9CPrimera%20Feria%20Laboral%20Impulsando%20la%20reactivaci%C3%B3n%20econ%C3%B3mica%20Chile%20Avanzando%E2%80%9D&#038;url=https:\/\/radiorevelacionfm.cl\/?p=40250' aria-hidden='false' data-av_icon='\ue8f1' data-av_iconfont='entypo-fontello' title='' data-avia-related-tooltip='Compartir en Twitter' rel=\"noopener\"><span class='avia_hidden_link_text'>Compartir en Twitter<\/span><\/a><\/li><li class='av-share-link av-social-link-whatsapp' ><a target=\"_blank\" aria-label=\"Compartir en Whatsapp\" href='https:\/\/api.whatsapp.com\/send?text=https:\/\/radiorevelacionfm.cl\/?p=40250' aria-hidden='false' data-av_icon='\uf232' data-av_iconfont='entypo-fontello' title='' data-avia-related-tooltip='Compartir en Whatsapp' rel=\"noopener\"><span class='avia_hidden_link_text'>Compartir en Whatsapp<\/span><\/a><\/li><li class='av-share-link av-social-link-linkedin' ><a target=\"_blank\" aria-label=\"Compartir en LinkedIn\" href='https:\/\/linkedin.com\/shareArticle?mini=true&#038;title=Ministra%20Jeanette%20Jara%20inaugur%C3%B3%20%E2%80%9CPrimera%20Feria%20Laboral%20Impulsando%20la%20reactivaci%C3%B3n%20econ%C3%B3mica%20Chile%20Avanzando%E2%80%9D&#038;url=https:\/\/radiorevelacionfm.cl\/?p=40250' aria-hidden='false' data-av_icon='\ue8fc' data-av_iconfont='entypo-fontello' title='' data-avia-related-tooltip='Compartir en LinkedIn' rel=\"noopener\"><span class='avia_hidden_link_text'>Compartir en LinkedIn<\/span><\/a><\/li><li class='av-share-link av-social-link-mail' ><a  aria-label=\"Compartir por correo\" href='mailto:?subject=Ministra%20Jeanette%20Jara%20inaugur%C3%B3%20%E2%80%9CPrimera%20Feria%20Laboral%20Impulsando%20la%20reactivaci%C3%B3n%20econ%C3%B3mica%20Chile%20Avanzando%E2%80%9D&#038;body=https:\/\/radiorevelacionfm.cl\/?p=40250' aria-hidden='false' data-av_icon='\ue805' data-av_iconfont='entypo-fontello' title='' data-avia-related-tooltip='Compartir por correo'><span class='avia_hidden_link_text'>Compartir por correo<\/span><\/a><\/li><\/ul><\/div><\/div>\n<div  style='height:50px' class='hr hr-invisible   avia-builder-el-8  el_after_av_social_share  el_before_av_comments_list '><span class='hr-inner ' ><span class='hr-inner-style'><\/span><\/span><\/div>\n<div  class='av-buildercomment  av-blog-meta-html-info-disabled av-blog-meta-tag-disabled  '><\/div>\n","protected":false},"excerpt":{"rendered":"","protected":false},"author":1,"featured_media":40251,"comment_status":"open","ping_status":"open","sticky":false,"template":"","format":"standard","meta":{"footnotes":""},"categories":[56],"tags":[],"class_list":["post-40250","post","type-post","status-publish","format-standard","has-post-thumbnail","hentry","category-trabajo"],"jetpack_featured_media_url":"https:\/\/radiorevelacionfm.cl\/wp-content\/uploads\/2024\/03\/whatsapp-image-2024-03-11-at-1_optimized.02.04-pm-1.jpeg","_links":{"self":[{"href":"https:\/\/radiorevelacionfm.cl\/index.php?rest_route=\/wp\/v2\/posts\/40250","targetHints":{"allow":["GET"]}}],"collection":[{"href":"https:\/\/radiorevelacionfm.cl\/index.php?rest_route=\/wp\/v2\/posts"}],"about":[{"href":"https:\/\/radiorevelacionfm.cl\/index.php?rest_route=\/wp\/v2\/types\/post"}],"author":[{"embeddable":true,"href":"https:\/\/radiorevelacionfm.cl\/index.php?rest_route=\/wp\/v2\/users\/1"}],"replies":[{"embeddable":true,"href":"https:\/\/radiorevelacionfm.cl\/index.php?rest_route=%2Fwp%2Fv2%2Fcomments&post=40250"}],"version-history":[{"count":1,"href":"https:\/\/radiorevelacionfm.cl\/index.php?rest_route=\/wp\/v2\/posts\/40250\/revisions"}],"predecessor-version":[{"id":40252,"href":"https:\/\/radiorevelacionfm.cl\/index.php?rest_route=\/wp\/v2\/posts\/40250\/revisions\/40252"}],"wp:featuredmedia":[{"embeddable":true,"href":"https:\/\/radiorevelacionfm.cl\/index.php?rest_route=\/wp\/v2\/media\/40251"}],"wp:attachment":[{"href":"https:\/\/radiorevelacionfm.cl\/index.php?rest_route=%2Fwp%2Fv2%2Fmedia&parent=40250"}],"wp:term":[{"taxonomy":"category","embeddable":true,"href":"https:\/\/radiorevelacionfm.cl\/index.php?rest_route=%2Fwp%2Fv2%2Fcategories&post=40250"},{"taxonomy":"post_tag","embeddable":true,"href":"https:\/\/radiorevelacionfm.cl\/index.php?rest_route=%2Fwp%2Fv2%2Ftags&post=40250"}],"curies":[{"name":"wp","href":"https:\/\/api.w.org\/{rel}","templated":true}]}}