{"id":40245,"date":"2024-03-11T15:18:42","date_gmt":"2024-03-11T18:18:42","guid":{"rendered":"https:\/\/radiorevelacionfm.cl\/?p=40245"},"modified":"2024-03-11T15:18:42","modified_gmt":"2024-03-11T18:18:42","slug":"explora-aysen-promueve-tres-iniciativas-formativas-gratuitas-para-fomentar-la-ciencia-en-liceos-escuelas-y-jardines-de-la-region","status":"publish","type":"post","link":"https:\/\/radiorevelacionfm.cl\/?p=40245","title":{"rendered":"Explora Ays\u00e9n promueve tres iniciativas formativas gratuitas para fomentar la ciencia en liceos, escuelas y jardines de la regi\u00f3n"},"content":{"rendered":"<div class=\"flex_column av_one_full  flex_column_div av-zero-column-padding first  avia-builder-el-0  el_before_av_one_full  avia-builder-el-first  \" style='border-radius:0px; '><div  class='avia-image-container  av-styling-    avia-builder-el-1  avia-builder-el-no-sibling  avia-align-center '  itemprop=\"image\" itemscope=\"itemscope\" itemtype=\"https:\/\/schema.org\/ImageObject\"  ><div class='avia-image-container-inner'><div class='avia-image-overlay-wrap'><img decoding=\"async\" class='wp-image-40246 avia-img-lazy-loading-not-40246 avia_image' src=\"https:\/\/radiorevelacionfm.cl\/wp-content\/uploads\/2024\/03\/explora-actividades2-1_optimized-1_optimized-1.jpg\" alt='' title='explora-actividades2-(1)_optimized-(1)_optimized (1)' height=\"600\" width=\"800\"  itemprop=\"thumbnailUrl\" srcset=\"https:\/\/radiorevelacionfm.cl\/wp-content\/uploads\/2024\/03\/explora-actividades2-1_optimized-1_optimized-1.jpg 800w, https:\/\/radiorevelacionfm.cl\/wp-content\/uploads\/2024\/03\/explora-actividades2-1_optimized-1_optimized-1-300x225.jpg 300w, https:\/\/radiorevelacionfm.cl\/wp-content\/uploads\/2024\/03\/explora-actividades2-1_optimized-1_optimized-1-768x576.jpg 768w, https:\/\/radiorevelacionfm.cl\/wp-content\/uploads\/2024\/03\/explora-actividades2-1_optimized-1_optimized-1-705x529.jpg 705w, https:\/\/radiorevelacionfm.cl\/wp-content\/uploads\/2024\/03\/explora-actividades2-1_optimized-1_optimized-1-450x338.jpg 450w, https:\/\/radiorevelacionfm.cl\/wp-content\/uploads\/2024\/03\/explora-actividades2-1_optimized-1_optimized-1-600x450.jpg 600w\" sizes=\"(max-width: 800px) 100vw, 800px\" \/><\/div><\/div><\/div><\/div><div class=\"flex_column av_one_full  flex_column_div av-zero-column-padding first  avia-builder-el-2  el_after_av_one_full  el_before_av_one_full  column-top-margin\" style='border-radius:0px; '><section class=\"av_textblock_section \"  itemscope=\"itemscope\" itemtype=\"https:\/\/schema.org\/BlogPosting\" itemprop=\"blogPost\" ><div class='avia_textblock  '   itemprop=\"text\" ><p style=\"text-align: center;\"><span style=\"font-size: 18pt;\"><strong>Explora Ays\u00e9n promueve tres iniciativas formativas gratuitas para fomentar la ciencia en liceos, escuelas y jardines de la regi\u00f3n<\/strong><\/span><\/p>\n<div id=\"gtx-trans\" style=\"position: absolute; left: -50px; top: 4.31534px;\">\n<div class=\"gtx-trans-icon\"><\/div>\n<\/div>\n<\/div><\/section><\/div><div class=\"flex_column av_one_full  flex_column_div av-zero-column-padding first  avia-builder-el-4  el_after_av_one_full  el_before_av_hr  column-top-margin\" style='border-radius:0px; '><section class=\"av_textblock_section \"  itemscope=\"itemscope\" itemtype=\"https:\/\/schema.org\/BlogPosting\" itemprop=\"blogPost\" ><div class='avia_textblock  '   itemprop=\"text\" ><p style=\"text-align: justify;\">Las actividades impulsadas por el PAR Explora Ays\u00e9n est\u00e1n dirigidas a docentes, estudiantes y educadoras(es) de la regi\u00f3n de Ays\u00e9n y buscan impactar en las comunidades escolares, apoyando el desarrollo de la curiosidad cient\u00edfica y el pensamiento cr\u00edtico de ni\u00f1as, ni\u00f1os y adolescentes de la regi\u00f3n.<\/p>\n<p style=\"text-align: justify;\">Un campamento de ciencias dirigido a docentes y educadoras(es) y dos programas de formaci\u00f3n dirigidos -el primero- a integrantes de equipos pedag\u00f3gicos de Educaci\u00f3n Parvularia y -el segundo- a equipos escolares de ense\u00f1anza b\u00e1sica y media conforman las tres convocatorias impulsadas por el PAR Explora Ays\u00e9n del Ministerio de Ciencia y el Campus Patagonia UACh.<\/p>\n<p style=\"text-align: justify;\">Se trata del Campamento Explora Va!, del Programa de Indagaci\u00f3n para Primeras Edades, y del Programa de Investigaci\u00f3n e Innovaci\u00f3n Escolar, cuyos procesos de postulaci\u00f3n cierran los d\u00edas 15 y 18 de marzo respectivamente.<\/p>\n<p style=\"text-align: justify;\">\u201cNuestras actividades fomentan la curiosidad y el pensamiento cr\u00edtico, y permiten que las comunidades educativas se vinculen con el ecosistema CTCI de la regi\u00f3n, es decir, con diversas personas que est\u00e1n trabajando en ciencia, tecnolog\u00eda e innovaci\u00f3n, adem\u00e1s de promover el desarrollo de habilidades transversales como lo es aprender de otras y otros, aprender para la innovaci\u00f3n y la resoluci\u00f3n de problemas, generando impactos positivos en la formaci\u00f3n de las y los estudiantes y sus comunidades\u201d se\u00f1al\u00f3 la directora del PAR Explora Ays\u00e9n, Viviana Pizarro.<\/p>\n<p style=\"text-align: justify;\">El Campamento Explora Va! convoca a docentes y educadoras(es) de todas las disciplinas a incorporar la ciencia y la innovaci\u00f3n en sus pr\u00e1cticas pedag\u00f3gicas. Las actividades incluyen un campamento presencial de 4 d\u00edas y la realizaci\u00f3n de una experiencia en el aula a partir de lo aprendido en este encuentro de capacitaci\u00f3n y reflexi\u00f3n entre pares. El proceso de postulaci\u00f3n finaliza el 15 de marzo, y los resultados estar\u00e1n disponibles el 20 de marzo.<\/p>\n<p style=\"text-align: justify;\">Por su parte, el Programa de Indagaci\u00f3n para Primeras Edades, PIPE, invita a integrantes de equipos pedag\u00f3gicos de Educaci\u00f3n Parvularia de la Regi\u00f3n de Ays\u00e9n a desarrollar competencias para fomentar el asombro y la curiosidad cient\u00edfica de ni\u00f1as y ni\u00f1os. El programa incluye actividades formativas adem\u00e1s de facilitaci\u00f3n de materiales y recursos pedag\u00f3gicos. La convocatoria termina el 18 de marzo, y la publicaci\u00f3n de equipos participantes se realizar\u00e1 el 2 de abril.<\/p>\n<p style=\"text-align: justify;\">El Programa de Investigaci\u00f3n e Innovaci\u00f3n Escolar, IIE, motiva a equipos de estudiantes y docentes de Ays\u00e9n para que desarrollen proyectos de investigaci\u00f3n o innovaci\u00f3n que atiendan problem\u00e1ticas o necesidades locales. Los equipos participan en talleres formativos, desarrollando habilidades cient\u00edficas en compa\u00f1\u00eda de especialistas. La postulaci\u00f3n a IIE finaliza el 18 de marzo, y los resultados ser\u00e1n publicados el 22 de marzo.<\/p>\n<p style=\"text-align: justify;\">Para m\u00e1s detalles sobre estas convocatorias, los(as) docentes y educadoras(es) interesadas deber\u00e1n ingresar a la p\u00e1gina web del PAR Explora Ays\u00e9n, www.explora.cl\/aysen\/ donde encontrar\u00e1n disponibles las bases, anexos y formularios de postulaci\u00f3n.<\/p>\n<p style=\"text-align: justify;\">El d\u00eda martes 12 de marzo, a las 17:00h, se realizar\u00e1 un encuentro virtual informativo, el cual se suma a otros dos encuentros realizados junto a comunidades escolares de las comunas de Coyhaique y Ays\u00e9n. Las inscripciones para esta jornada est\u00e1n disponibles en bit.ly\/encuentros-explora-aysen.<\/p>\n<\/div><\/section><\/div><div  style='height:50px' class='hr hr-invisible   avia-builder-el-6  el_after_av_one_full  el_before_av_social_share '><span class='hr-inner ' ><span class='hr-inner-style'><\/span><\/span><\/div><\/p>\n<div  class='av-social-sharing-box  avia-builder-el-7  el_after_av_hr  el_before_av_hr  '><div class='av-share-box'><h5 class='av-share-link-description av-no-toc '>Compartir esta noticia<\/h5><ul class='av-share-box-list noLightbox'><li class='av-share-link av-social-link-facebook' ><a target=\"_blank\" aria-label=\"Compartir en Facebook\" href='https:\/\/www.facebook.com\/sharer.php?u=https:\/\/radiorevelacionfm.cl\/?p=40245&#038;t=Explora%20Ays%C3%A9n%20promueve%20tres%20iniciativas%20formativas%20gratuitas%20para%20fomentar%20la%20ciencia%20en%20liceos%2C%20escuelas%20y%20jardines%20de%20la%20regi%C3%B3n' aria-hidden='false' data-av_icon='\ue8f3' data-av_iconfont='entypo-fontello' title='' data-avia-related-tooltip='Compartir en Facebook' rel=\"noopener\"><span class='avia_hidden_link_text'>Compartir en Facebook<\/span><\/a><\/li><li class='av-share-link av-social-link-twitter' ><a target=\"_blank\" aria-label=\"Compartir en Twitter\" href='https:\/\/twitter.com\/share?text=Explora%20Ays%C3%A9n%20promueve%20tres%20iniciativas%20formativas%20gratuitas%20para%20fomentar%20la%20ciencia%20en%20liceos%2C%20escuelas%20y%20jardines%20de%20la%20regi%C3%B3n&#038;url=https:\/\/radiorevelacionfm.cl\/?p=40245' aria-hidden='false' data-av_icon='\ue8f1' data-av_iconfont='entypo-fontello' title='' data-avia-related-tooltip='Compartir en Twitter' rel=\"noopener\"><span class='avia_hidden_link_text'>Compartir en Twitter<\/span><\/a><\/li><li class='av-share-link av-social-link-whatsapp' ><a target=\"_blank\" aria-label=\"Compartir en Whatsapp\" href='https:\/\/api.whatsapp.com\/send?text=https:\/\/radiorevelacionfm.cl\/?p=40245' aria-hidden='false' data-av_icon='\uf232' data-av_iconfont='entypo-fontello' title='' data-avia-related-tooltip='Compartir en Whatsapp' rel=\"noopener\"><span class='avia_hidden_link_text'>Compartir en Whatsapp<\/span><\/a><\/li><li class='av-share-link av-social-link-linkedin' ><a target=\"_blank\" aria-label=\"Compartir en LinkedIn\" href='https:\/\/linkedin.com\/shareArticle?mini=true&#038;title=Explora%20Ays%C3%A9n%20promueve%20tres%20iniciativas%20formativas%20gratuitas%20para%20fomentar%20la%20ciencia%20en%20liceos%2C%20escuelas%20y%20jardines%20de%20la%20regi%C3%B3n&#038;url=https:\/\/radiorevelacionfm.cl\/?p=40245' aria-hidden='false' data-av_icon='\ue8fc' data-av_iconfont='entypo-fontello' title='' data-avia-related-tooltip='Compartir en LinkedIn' rel=\"noopener\"><span class='avia_hidden_link_text'>Compartir en LinkedIn<\/span><\/a><\/li><li class='av-share-link av-social-link-mail' ><a  aria-label=\"Compartir por correo\" href='mailto:?subject=Explora%20Ays%C3%A9n%20promueve%20tres%20iniciativas%20formativas%20gratuitas%20para%20fomentar%20la%20ciencia%20en%20liceos%2C%20escuelas%20y%20jardines%20de%20la%20regi%C3%B3n&#038;body=https:\/\/radiorevelacionfm.cl\/?p=40245' aria-hidden='false' data-av_icon='\ue805' data-av_iconfont='entypo-fontello' title='' data-avia-related-tooltip='Compartir por correo'><span class='avia_hidden_link_text'>Compartir por correo<\/span><\/a><\/li><\/ul><\/div><\/div>\n<div  style='height:50px' class='hr hr-invisible   avia-builder-el-8  el_after_av_social_share  el_before_av_comments_list '><span class='hr-inner ' ><span class='hr-inner-style'><\/span><\/span><\/div>\n<div  class='av-buildercomment  av-blog-meta-html-info-disabled av-blog-meta-tag-disabled  '><\/div>\n","protected":false},"excerpt":{"rendered":"","protected":false},"author":1,"featured_media":40246,"comment_status":"open","ping_status":"open","sticky":false,"template":"","format":"standard","meta":{"footnotes":""},"categories":[49],"tags":[],"class_list":["post-40245","post","type-post","status-publish","format-standard","has-post-thumbnail","hentry","category-educacion"],"jetpack_featured_media_url":"https:\/\/radiorevelacionfm.cl\/wp-content\/uploads\/2024\/03\/explora-actividades2-1_optimized-1_optimized-1.jpg","_links":{"self":[{"href":"https:\/\/radiorevelacionfm.cl\/index.php?rest_route=\/wp\/v2\/posts\/40245","targetHints":{"allow":["GET"]}}],"collection":[{"href":"https:\/\/radiorevelacionfm.cl\/index.php?rest_route=\/wp\/v2\/posts"}],"about":[{"href":"https:\/\/radiorevelacionfm.cl\/index.php?rest_route=\/wp\/v2\/types\/post"}],"author":[{"embeddable":true,"href":"https:\/\/radiorevelacionfm.cl\/index.php?rest_route=\/wp\/v2\/users\/1"}],"replies":[{"embeddable":true,"href":"https:\/\/radiorevelacionfm.cl\/index.php?rest_route=%2Fwp%2Fv2%2Fcomments&post=40245"}],"version-history":[{"count":1,"href":"https:\/\/radiorevelacionfm.cl\/index.php?rest_route=\/wp\/v2\/posts\/40245\/revisions"}],"predecessor-version":[{"id":40247,"href":"https:\/\/radiorevelacionfm.cl\/index.php?rest_route=\/wp\/v2\/posts\/40245\/revisions\/40247"}],"wp:featuredmedia":[{"embeddable":true,"href":"https:\/\/radiorevelacionfm.cl\/index.php?rest_route=\/wp\/v2\/media\/40246"}],"wp:attachment":[{"href":"https:\/\/radiorevelacionfm.cl\/index.php?rest_route=%2Fwp%2Fv2%2Fmedia&parent=40245"}],"wp:term":[{"taxonomy":"category","embeddable":true,"href":"https:\/\/radiorevelacionfm.cl\/index.php?rest_route=%2Fwp%2Fv2%2Fcategories&post=40245"},{"taxonomy":"post_tag","embeddable":true,"href":"https:\/\/radiorevelacionfm.cl\/index.php?rest_route=%2Fwp%2Fv2%2Ftags&post=40245"}],"curies":[{"name":"wp","href":"https:\/\/api.w.org\/{rel}","templated":true}]}}