{"id":40242,"date":"2024-03-11T12:11:41","date_gmt":"2024-03-11T15:11:41","guid":{"rendered":"https:\/\/radiorevelacionfm.cl\/?p=40242"},"modified":"2024-03-11T12:11:41","modified_gmt":"2024-03-11T15:11:41","slug":"incubadora-de-negocios-de-corfo-aysen-expande-su-alcance-territorial-para-impulsar-el-emprendimiento-en-la-region","status":"publish","type":"post","link":"https:\/\/radiorevelacionfm.cl\/?p=40242","title":{"rendered":"Incubadora de negocios de Corfo Ays\u00e9n expande su alcance territorial para impulsar el emprendimiento en la regi\u00f3n"},"content":{"rendered":"<div class=\"flex_column av_one_full  flex_column_div av-zero-column-padding first  avia-builder-el-0  el_before_av_one_full  avia-builder-el-first  \" style='border-radius:0px; '><div  class='avia-image-container  av-styling-    avia-builder-el-1  avia-builder-el-no-sibling  avia-align-center '  itemprop=\"image\" itemscope=\"itemscope\" itemtype=\"https:\/\/schema.org\/ImageObject\"  ><div class='avia-image-container-inner'><div class='avia-image-overlay-wrap'><img decoding=\"async\" class='wp-image-40243 avia-img-lazy-loading-not-40243 avia_image' src=\"https:\/\/radiorevelacionfm.cl\/wp-content\/uploads\/2024\/03\/240311-ECOTERRANEO-1-1.jpg\" alt='' title='240311 ECOTERRANEO- (1) (1)' height=\"600\" width=\"1062\"  itemprop=\"thumbnailUrl\" srcset=\"https:\/\/radiorevelacionfm.cl\/wp-content\/uploads\/2024\/03\/240311-ECOTERRANEO-1-1.jpg 1062w, https:\/\/radiorevelacionfm.cl\/wp-content\/uploads\/2024\/03\/240311-ECOTERRANEO-1-1-300x169.jpg 300w, https:\/\/radiorevelacionfm.cl\/wp-content\/uploads\/2024\/03\/240311-ECOTERRANEO-1-1-1030x582.jpg 1030w, https:\/\/radiorevelacionfm.cl\/wp-content\/uploads\/2024\/03\/240311-ECOTERRANEO-1-1-768x434.jpg 768w, https:\/\/radiorevelacionfm.cl\/wp-content\/uploads\/2024\/03\/240311-ECOTERRANEO-1-1-705x398.jpg 705w, https:\/\/radiorevelacionfm.cl\/wp-content\/uploads\/2024\/03\/240311-ECOTERRANEO-1-1-450x254.jpg 450w, https:\/\/radiorevelacionfm.cl\/wp-content\/uploads\/2024\/03\/240311-ECOTERRANEO-1-1-600x339.jpg 600w\" sizes=\"(max-width: 1062px) 100vw, 1062px\" \/><\/div><\/div><\/div><\/div><div class=\"flex_column av_one_full  flex_column_div av-zero-column-padding first  avia-builder-el-2  el_after_av_one_full  el_before_av_one_full  column-top-margin\" style='border-radius:0px; '><section class=\"av_textblock_section \"  itemscope=\"itemscope\" itemtype=\"https:\/\/schema.org\/BlogPosting\" itemprop=\"blogPost\" ><div class='avia_textblock  '   itemprop=\"text\" ><p style=\"text-align: center;\"><strong><span style=\"font-size: 18pt;\">Incubadora de negocios de Corfo Ays\u00e9n expande su alcance territorial para impulsar el emprendimiento en la regi\u00f3n<\/span><\/strong><\/p>\n<div id=\"gtx-trans\" style=\"position: absolute; left: -50px; top: 4.31534px;\">\n<div class=\"gtx-trans-icon\"><\/div>\n<\/div>\n<\/div><\/section><\/div><div class=\"flex_column av_one_full  flex_column_div av-zero-column-padding first  avia-builder-el-4  el_after_av_one_full  el_before_av_hr  column-top-margin\" style='border-radius:0px; '><section class=\"av_textblock_section \"  itemscope=\"itemscope\" itemtype=\"https:\/\/schema.org\/BlogPosting\" itemprop=\"blogPost\" ><div class='avia_textblock  '   itemprop=\"text\" ><p style=\"font-weight: 400; text-align: justify;\">En un esfuerzo por consolidar y fortalecer el ecosistema emprendedor en la Regi\u00f3n de Ays\u00e9n, la Incubadora de Negocios \u00abEcoterr\u00e1neo\u00bb, respaldada por Corfo Ays\u00e9n y Geogama, ha anunciado la expansi\u00f3n de su alcance territorial para el a\u00f1o 2024.<\/p>\n<p style=\"font-weight: 400; text-align: justify;\">Humberto Mar\u00edn Leiva, director de Corfo Ays\u00e9n, explic\u00f3 que, en el a\u00f1o 2022, Corfo adjudic\u00f3 a GeoGama la primera incubadora de negocios en la regi\u00f3n, ubicada en Puerto Ays\u00e9n. \u201cDesde entonces, bajo el nombre de Ecoterr\u00e1neo, se ha brindado apoyo a m\u00e1s de 90 emprendedores y emprendedoras, consolidando el ecosistema de emprendimiento e innovaci\u00f3n. Ahora, en su segundo a\u00f1o, Ecoterr\u00e1neo da un paso significativo al aumentar la cobertura territorial, extendiendo sus servicios a Cisnes y Coyhaique, cumpliendo as\u00ed con su compromiso de ser una incubadora de car\u00e1cter regional\u201d.<\/p>\n<p style=\"font-weight: 400; text-align: justify;\">\u201cEl lanzamiento oficial del a\u00f1o 2024 de la Incubadora de Negocios de Ecoterr\u00e1neo representa una noticia trascendental para el emprendimiento en Ays\u00e9n\u201d, indic\u00f3 Marcela Vidal, gerenta de\u00a0Ecoterr\u00e1neo\u00a0Patagonia Cowork, quien detall\u00f3 que \u201cdurante el 2023, el programa de incubaci\u00f3n logr\u00f3 destacarse, ofreciendo asesor\u00edas, talleres y clases a emprendedores, gui\u00e1ndoles desde la concepci\u00f3n de la idea hasta la materializaci\u00f3n de un proyecto exitoso y escalable\u201d.<\/p>\n<p style=\"font-weight: 400; text-align: justify;\">La novedad m\u00e1s destacada para este a\u00f1o es la ampliaci\u00f3n de la presencialidad a Puerto Cisnes y Coyhaique. Este enfoque, basado en la creaci\u00f3n de redes y el contacto directo entre emprendedores, busca ofrecer un mayor valor a los participantes. Las clases presenciales se llevar\u00e1n a cabo en los tres territorios, mientras que la modalidad online continuar\u00e1 disponible para aquellos que no puedan asistir de manera presencial.<\/p>\n<p style=\"font-weight: 400; text-align: justify;\">Por su parte, Christian Haeger\u00a0Figueroa, Gerente General de GEOGAMA, indic\u00f3 que \u201csomos una empresa regional con 15 a\u00f1os de experiencia y nos enorgullece de ser parte de este proyecto. Con un compromiso firme hacia el desarrollo local, hemos contribuido al \u00e9xito del programa, junto al respaldo fundamental de Corfo. El a\u00f1o 2024 promete ser a\u00fan m\u00e1s exitoso, con mejoras implementadas a partir de la retroalimentaci\u00f3n recibida y la voluntad del equipo de brindar un acompa\u00f1amiento excepcional a los emprendedores\u201d.<\/p>\n<p style=\"font-weight: 400; text-align: justify;\">Para aquellos interesados en ser parte de la Academia Ecoterr\u00e1neo en el Programa de Incubaci\u00f3n, se informa que el per\u00edodo de seis meses, de abril a septiembre de 2024, incluir\u00e1 talleres, clases, charlas, eventos y asesor\u00edas en diversas \u00e1reas, como formalizaci\u00f3n, digitalizaci\u00f3n, marketing y financiamiento.<\/p>\n<p style=\"font-weight: 400; text-align: justify;\">El objetivo principal de la incubadora es acompa\u00f1ar al emprendedor en su camino hacia la concreci\u00f3n de su idea, transform\u00e1ndola en un emprendimiento concreto, escalable e innovador. Es esencial destacar que todo el Programa de Incubaci\u00f3n estar\u00e1 disponible tanto de forma online como presencial. Esto significa que cualquier persona de la Regi\u00f3n de Ays\u00e9n puede postular y beneficiarse de los recursos y conocimientos ofrecidos por Ecoterr\u00e1neo.<\/p>\n<p style=\"font-weight: 400; text-align: justify;\">Adem\u00e1s, el equipo de la incubadora estar\u00e1 viajando constantemente, una vez por semana, a cada territorio para agendar reuniones, resolver dudas y brindar apoyo personalizado a los emprendedores.<\/p>\n<\/div><\/section><\/div><div  style='height:50px' class='hr hr-invisible   avia-builder-el-6  el_after_av_one_full  el_before_av_social_share '><span class='hr-inner ' ><span class='hr-inner-style'><\/span><\/span><\/div><\/p>\n<div  class='av-social-sharing-box  avia-builder-el-7  el_after_av_hr  el_before_av_hr  '><div class='av-share-box'><h5 class='av-share-link-description av-no-toc '>Compartir esta noticia<\/h5><ul class='av-share-box-list noLightbox'><li class='av-share-link av-social-link-facebook' ><a target=\"_blank\" aria-label=\"Compartir en Facebook\" href='https:\/\/www.facebook.com\/sharer.php?u=https:\/\/radiorevelacionfm.cl\/?p=40242&#038;t=Incubadora%20de%20negocios%20de%20Corfo%20Ays%C3%A9n%20expande%20su%20alcance%20territorial%20para%20impulsar%20el%20emprendimiento%20en%20la%20regi%C3%B3n' aria-hidden='false' data-av_icon='\ue8f3' data-av_iconfont='entypo-fontello' title='' data-avia-related-tooltip='Compartir en Facebook' rel=\"noopener\"><span class='avia_hidden_link_text'>Compartir en Facebook<\/span><\/a><\/li><li class='av-share-link av-social-link-twitter' ><a target=\"_blank\" aria-label=\"Compartir en Twitter\" href='https:\/\/twitter.com\/share?text=Incubadora%20de%20negocios%20de%20Corfo%20Ays%C3%A9n%20expande%20su%20alcance%20territorial%20para%20impulsar%20el%20emprendimiento%20en%20la%20regi%C3%B3n&#038;url=https:\/\/radiorevelacionfm.cl\/?p=40242' aria-hidden='false' data-av_icon='\ue8f1' data-av_iconfont='entypo-fontello' title='' data-avia-related-tooltip='Compartir en Twitter' rel=\"noopener\"><span class='avia_hidden_link_text'>Compartir en Twitter<\/span><\/a><\/li><li class='av-share-link av-social-link-whatsapp' ><a target=\"_blank\" aria-label=\"Compartir en Whatsapp\" href='https:\/\/api.whatsapp.com\/send?text=https:\/\/radiorevelacionfm.cl\/?p=40242' aria-hidden='false' data-av_icon='\uf232' data-av_iconfont='entypo-fontello' title='' data-avia-related-tooltip='Compartir en Whatsapp' rel=\"noopener\"><span class='avia_hidden_link_text'>Compartir en Whatsapp<\/span><\/a><\/li><li class='av-share-link av-social-link-linkedin' ><a target=\"_blank\" aria-label=\"Compartir en LinkedIn\" href='https:\/\/linkedin.com\/shareArticle?mini=true&#038;title=Incubadora%20de%20negocios%20de%20Corfo%20Ays%C3%A9n%20expande%20su%20alcance%20territorial%20para%20impulsar%20el%20emprendimiento%20en%20la%20regi%C3%B3n&#038;url=https:\/\/radiorevelacionfm.cl\/?p=40242' aria-hidden='false' data-av_icon='\ue8fc' data-av_iconfont='entypo-fontello' title='' data-avia-related-tooltip='Compartir en LinkedIn' rel=\"noopener\"><span class='avia_hidden_link_text'>Compartir en LinkedIn<\/span><\/a><\/li><li class='av-share-link av-social-link-mail' ><a  aria-label=\"Compartir por correo\" href='mailto:?subject=Incubadora%20de%20negocios%20de%20Corfo%20Ays%C3%A9n%20expande%20su%20alcance%20territorial%20para%20impulsar%20el%20emprendimiento%20en%20la%20regi%C3%B3n&#038;body=https:\/\/radiorevelacionfm.cl\/?p=40242' aria-hidden='false' data-av_icon='\ue805' data-av_iconfont='entypo-fontello' title='' data-avia-related-tooltip='Compartir por correo'><span class='avia_hidden_link_text'>Compartir por correo<\/span><\/a><\/li><\/ul><\/div><\/div>\n<div  style='height:50px' class='hr hr-invisible   avia-builder-el-8  el_after_av_social_share  el_before_av_comments_list '><span class='hr-inner ' ><span class='hr-inner-style'><\/span><\/span><\/div>\n<div  class='av-buildercomment  av-blog-meta-html-info-disabled av-blog-meta-tag-disabled  '><\/div>\n","protected":false},"excerpt":{"rendered":"","protected":false},"author":1,"featured_media":40243,"comment_status":"open","ping_status":"open","sticky":false,"template":"","format":"standard","meta":{"footnotes":""},"categories":[38],"tags":[],"class_list":["post-40242","post","type-post","status-publish","format-standard","has-post-thumbnail","hentry","category-regional"],"jetpack_featured_media_url":"https:\/\/radiorevelacionfm.cl\/wp-content\/uploads\/2024\/03\/240311-ECOTERRANEO-1-1.jpg","_links":{"self":[{"href":"https:\/\/radiorevelacionfm.cl\/index.php?rest_route=\/wp\/v2\/posts\/40242","targetHints":{"allow":["GET"]}}],"collection":[{"href":"https:\/\/radiorevelacionfm.cl\/index.php?rest_route=\/wp\/v2\/posts"}],"about":[{"href":"https:\/\/radiorevelacionfm.cl\/index.php?rest_route=\/wp\/v2\/types\/post"}],"author":[{"embeddable":true,"href":"https:\/\/radiorevelacionfm.cl\/index.php?rest_route=\/wp\/v2\/users\/1"}],"replies":[{"embeddable":true,"href":"https:\/\/radiorevelacionfm.cl\/index.php?rest_route=%2Fwp%2Fv2%2Fcomments&post=40242"}],"version-history":[{"count":1,"href":"https:\/\/radiorevelacionfm.cl\/index.php?rest_route=\/wp\/v2\/posts\/40242\/revisions"}],"predecessor-version":[{"id":40244,"href":"https:\/\/radiorevelacionfm.cl\/index.php?rest_route=\/wp\/v2\/posts\/40242\/revisions\/40244"}],"wp:featuredmedia":[{"embeddable":true,"href":"https:\/\/radiorevelacionfm.cl\/index.php?rest_route=\/wp\/v2\/media\/40243"}],"wp:attachment":[{"href":"https:\/\/radiorevelacionfm.cl\/index.php?rest_route=%2Fwp%2Fv2%2Fmedia&parent=40242"}],"wp:term":[{"taxonomy":"category","embeddable":true,"href":"https:\/\/radiorevelacionfm.cl\/index.php?rest_route=%2Fwp%2Fv2%2Fcategories&post=40242"},{"taxonomy":"post_tag","embeddable":true,"href":"https:\/\/radiorevelacionfm.cl\/index.php?rest_route=%2Fwp%2Fv2%2Ftags&post=40242"}],"curies":[{"name":"wp","href":"https:\/\/api.w.org\/{rel}","templated":true}]}}