{"id":40238,"date":"2024-03-11T11:05:01","date_gmt":"2024-03-11T14:05:01","guid":{"rendered":"https:\/\/radiorevelacionfm.cl\/?p=40238"},"modified":"2024-03-11T11:05:01","modified_gmt":"2024-03-11T14:05:01","slug":"ejercito-realizo-proceso-de-seleccion-del-contingente-2024-en-la-region","status":"publish","type":"post","link":"https:\/\/radiorevelacionfm.cl\/?p=40238","title":{"rendered":"Ej\u00e9rcito realiz\u00f3 proceso de selecci\u00f3n del contingente 2024 en la regi\u00f3n"},"content":{"rendered":"<div class=\"flex_column av_one_full  flex_column_div av-zero-column-padding first  avia-builder-el-0  el_before_av_one_full  avia-builder-el-first  \" style='border-radius:0px; '><div  class='avia-image-container  av-styling-    avia-builder-el-1  avia-builder-el-no-sibling  avia-align-center '  itemprop=\"image\" itemscope=\"itemscope\" itemtype=\"https:\/\/schema.org\/ImageObject\"  ><div class='avia-image-container-inner'><div class='avia-image-overlay-wrap'><img decoding=\"async\" class='wp-image-40239 avia-img-lazy-loading-not-40239 avia_image' src=\"https:\/\/radiorevelacionfm.cl\/wp-content\/uploads\/2024\/03\/whatsapp-image-2024-03-06-at-17_optimized.14.08-1.jpeg\" alt='' title='whatsapp-image-2024-03-06-at-17_optimized.14.08-(1)' height=\"600\" width=\"900\"  itemprop=\"thumbnailUrl\" srcset=\"https:\/\/radiorevelacionfm.cl\/wp-content\/uploads\/2024\/03\/whatsapp-image-2024-03-06-at-17_optimized.14.08-1.jpeg 900w, https:\/\/radiorevelacionfm.cl\/wp-content\/uploads\/2024\/03\/whatsapp-image-2024-03-06-at-17_optimized.14.08-1-300x200.jpeg 300w, https:\/\/radiorevelacionfm.cl\/wp-content\/uploads\/2024\/03\/whatsapp-image-2024-03-06-at-17_optimized.14.08-1-768x512.jpeg 768w, https:\/\/radiorevelacionfm.cl\/wp-content\/uploads\/2024\/03\/whatsapp-image-2024-03-06-at-17_optimized.14.08-1-705x470.jpeg 705w, https:\/\/radiorevelacionfm.cl\/wp-content\/uploads\/2024\/03\/whatsapp-image-2024-03-06-at-17_optimized.14.08-1-450x300.jpeg 450w, https:\/\/radiorevelacionfm.cl\/wp-content\/uploads\/2024\/03\/whatsapp-image-2024-03-06-at-17_optimized.14.08-1-600x400.jpeg 600w\" sizes=\"(max-width: 900px) 100vw, 900px\" \/><\/div><\/div><\/div><\/div><div class=\"flex_column av_one_full  flex_column_div av-zero-column-padding first  avia-builder-el-2  el_after_av_one_full  el_before_av_one_full  column-top-margin\" style='border-radius:0px; '><section class=\"av_textblock_section \"  itemscope=\"itemscope\" itemtype=\"https:\/\/schema.org\/BlogPosting\" itemprop=\"blogPost\" ><div class='avia_textblock  '   itemprop=\"text\" ><p style=\"text-align: center;\"><span style=\"font-size: 18pt;\"><strong>Ej\u00e9rcito realiz\u00f3 proceso de selecci\u00f3n del contingente 2024 en la regi\u00f3n<\/strong><\/span><\/p>\n<div id=\"gtx-trans\" style=\"position: absolute; left: -50px; top: 4.31534px;\">\n<div class=\"gtx-trans-icon\"><\/div>\n<\/div>\n<\/div><\/section><\/div><div class=\"flex_column av_one_full  flex_column_div av-zero-column-padding first  avia-builder-el-4  el_after_av_one_full  el_before_av_hr  column-top-margin\" style='border-radius:0px; '><section class=\"av_textblock_section \"  itemscope=\"itemscope\" itemtype=\"https:\/\/schema.org\/BlogPosting\" itemprop=\"blogPost\" ><div class='avia_textblock  '   itemprop=\"text\" ><p style=\"text-align: justify;\">En la Unidades Bases de Selecci\u00f3n tanto de Coyhaique como de Puerto Ays\u00e9n, se dio inicio al Proceso de Selecci\u00f3n del contingente masculino y femenino nacidos el a\u00f1o 2005, para realizar el Servicio Militar.<\/p>\n<p style=\"text-align: justify;\">En este sentido, el Regimiento N\u00b08 \u201cChilo\u00e9\u201d de Puerto Ays\u00e9n fueron quienes iniciaron primero el proceso de selecci\u00f3n del contingente \u00a0los d\u00edas lunes 04 y martes 05 de marzo. Asimismo, en la ciudad de Coyhaique, el Destacamento Motorizado N\u00b014 \u201cAys\u00e9n\u201d comenz\u00f3 el proceso el d\u00eda mi\u00e9rcoles 06, continuando los d\u00edas jueves 07 y viernes 08 de marzo, d\u00eda en que se presentaron las mujeres, quienes voluntariamente se inscriben para cumplir con su deber c\u00edvico.<\/p>\n<p style=\"text-align: justify;\">Cabe destacar, en ambas unidades los j\u00f3venes fueron recibidos con una muestra de material y equipo, para luego proceder a la revisi\u00f3n de los antecedentes personales, m\u00e9dicos y dentales, adem\u00e1s de un test sicol\u00f3gico, lo que permitir\u00e1 determinar qui\u00e9nes son id\u00f3neos para iniciar su Servicio Militar.<\/p>\n<p style=\"text-align: justify;\">Quienes cumplan con su deber c\u00edvico, podr\u00e1n acceder a los beneficios que el Ej\u00e9rcito de Chile ofrece a su contingente, como nivelar sus estudios de ense\u00f1anza b\u00e1sica o media, as\u00ed como tambi\u00e9n capacitarse en diferentes oficios gracias a un convenio con el Servicio Nacional de Capacitaci\u00f3n y Empleo (SENCE).<\/p>\n<p style=\"text-align: justify;\">El Servicio Militar tiene una duraci\u00f3n de dos a\u00f1os, en los cu\u00e1les el nuevo contingente podr\u00e1 adquirir conocimientos y tener un entrenamiento b\u00e1sico como soldado quedando capacitados para apoyar al pa\u00eds en Defensa, as\u00ed como tambi\u00e9n en cat\u00e1strofes y emergencias.<\/p>\n<\/div><\/section><\/div><div  style='height:50px' class='hr hr-invisible   avia-builder-el-6  el_after_av_one_full  el_before_av_social_share '><span class='hr-inner ' ><span class='hr-inner-style'><\/span><\/span><\/div><\/p>\n<div  class='av-social-sharing-box  avia-builder-el-7  el_after_av_hr  el_before_av_hr  '><div class='av-share-box'><h5 class='av-share-link-description av-no-toc '>Compartir esta noticia<\/h5><ul class='av-share-box-list noLightbox'><li class='av-share-link av-social-link-facebook' ><a target=\"_blank\" aria-label=\"Compartir en Facebook\" href='https:\/\/www.facebook.com\/sharer.php?u=https:\/\/radiorevelacionfm.cl\/?p=40238&#038;t=Ej%C3%A9rcito%20realiz%C3%B3%20proceso%20de%20selecci%C3%B3n%20del%20contingente%202024%20en%20la%20regi%C3%B3n' aria-hidden='false' data-av_icon='\ue8f3' data-av_iconfont='entypo-fontello' title='' data-avia-related-tooltip='Compartir en Facebook' rel=\"noopener\"><span class='avia_hidden_link_text'>Compartir en Facebook<\/span><\/a><\/li><li class='av-share-link av-social-link-twitter' ><a target=\"_blank\" aria-label=\"Compartir en Twitter\" href='https:\/\/twitter.com\/share?text=Ej%C3%A9rcito%20realiz%C3%B3%20proceso%20de%20selecci%C3%B3n%20del%20contingente%202024%20en%20la%20regi%C3%B3n&#038;url=https:\/\/radiorevelacionfm.cl\/?p=40238' aria-hidden='false' data-av_icon='\ue8f1' data-av_iconfont='entypo-fontello' title='' data-avia-related-tooltip='Compartir en Twitter' rel=\"noopener\"><span class='avia_hidden_link_text'>Compartir en Twitter<\/span><\/a><\/li><li class='av-share-link av-social-link-whatsapp' ><a target=\"_blank\" aria-label=\"Compartir en Whatsapp\" href='https:\/\/api.whatsapp.com\/send?text=https:\/\/radiorevelacionfm.cl\/?p=40238' aria-hidden='false' data-av_icon='\uf232' data-av_iconfont='entypo-fontello' title='' data-avia-related-tooltip='Compartir en Whatsapp' rel=\"noopener\"><span class='avia_hidden_link_text'>Compartir en Whatsapp<\/span><\/a><\/li><li class='av-share-link av-social-link-linkedin' ><a target=\"_blank\" aria-label=\"Compartir en LinkedIn\" href='https:\/\/linkedin.com\/shareArticle?mini=true&#038;title=Ej%C3%A9rcito%20realiz%C3%B3%20proceso%20de%20selecci%C3%B3n%20del%20contingente%202024%20en%20la%20regi%C3%B3n&#038;url=https:\/\/radiorevelacionfm.cl\/?p=40238' aria-hidden='false' data-av_icon='\ue8fc' data-av_iconfont='entypo-fontello' title='' data-avia-related-tooltip='Compartir en LinkedIn' rel=\"noopener\"><span class='avia_hidden_link_text'>Compartir en LinkedIn<\/span><\/a><\/li><li class='av-share-link av-social-link-mail' ><a  aria-label=\"Compartir por correo\" href='mailto:?subject=Ej%C3%A9rcito%20realiz%C3%B3%20proceso%20de%20selecci%C3%B3n%20del%20contingente%202024%20en%20la%20regi%C3%B3n&#038;body=https:\/\/radiorevelacionfm.cl\/?p=40238' aria-hidden='false' data-av_icon='\ue805' data-av_iconfont='entypo-fontello' title='' data-avia-related-tooltip='Compartir por correo'><span class='avia_hidden_link_text'>Compartir por correo<\/span><\/a><\/li><\/ul><\/div><\/div>\n<div  style='height:50px' class='hr hr-invisible   avia-builder-el-8  el_after_av_social_share  el_before_av_comments_list '><span class='hr-inner ' ><span class='hr-inner-style'><\/span><\/span><\/div>\n<div  class='av-buildercomment  av-blog-meta-html-info-disabled av-blog-meta-tag-disabled  '><\/div>\n","protected":false},"excerpt":{"rendered":"","protected":false},"author":1,"featured_media":40239,"comment_status":"open","ping_status":"open","sticky":false,"template":"","format":"standard","meta":{"footnotes":""},"categories":[38],"tags":[],"class_list":["post-40238","post","type-post","status-publish","format-standard","has-post-thumbnail","hentry","category-regional"],"jetpack_featured_media_url":"https:\/\/radiorevelacionfm.cl\/wp-content\/uploads\/2024\/03\/whatsapp-image-2024-03-06-at-17_optimized.14.08-1.jpeg","_links":{"self":[{"href":"https:\/\/radiorevelacionfm.cl\/index.php?rest_route=\/wp\/v2\/posts\/40238","targetHints":{"allow":["GET"]}}],"collection":[{"href":"https:\/\/radiorevelacionfm.cl\/index.php?rest_route=\/wp\/v2\/posts"}],"about":[{"href":"https:\/\/radiorevelacionfm.cl\/index.php?rest_route=\/wp\/v2\/types\/post"}],"author":[{"embeddable":true,"href":"https:\/\/radiorevelacionfm.cl\/index.php?rest_route=\/wp\/v2\/users\/1"}],"replies":[{"embeddable":true,"href":"https:\/\/radiorevelacionfm.cl\/index.php?rest_route=%2Fwp%2Fv2%2Fcomments&post=40238"}],"version-history":[{"count":1,"href":"https:\/\/radiorevelacionfm.cl\/index.php?rest_route=\/wp\/v2\/posts\/40238\/revisions"}],"predecessor-version":[{"id":40241,"href":"https:\/\/radiorevelacionfm.cl\/index.php?rest_route=\/wp\/v2\/posts\/40238\/revisions\/40241"}],"wp:featuredmedia":[{"embeddable":true,"href":"https:\/\/radiorevelacionfm.cl\/index.php?rest_route=\/wp\/v2\/media\/40239"}],"wp:attachment":[{"href":"https:\/\/radiorevelacionfm.cl\/index.php?rest_route=%2Fwp%2Fv2%2Fmedia&parent=40238"}],"wp:term":[{"taxonomy":"category","embeddable":true,"href":"https:\/\/radiorevelacionfm.cl\/index.php?rest_route=%2Fwp%2Fv2%2Fcategories&post=40238"},{"taxonomy":"post_tag","embeddable":true,"href":"https:\/\/radiorevelacionfm.cl\/index.php?rest_route=%2Fwp%2Fv2%2Ftags&post=40238"}],"curies":[{"name":"wp","href":"https:\/\/api.w.org\/{rel}","templated":true}]}}