{"id":40232,"date":"2024-03-10T22:29:03","date_gmt":"2024-03-11T01:29:03","guid":{"rendered":"https:\/\/radiorevelacionfm.cl\/?p=40232"},"modified":"2024-03-10T22:29:03","modified_gmt":"2024-03-11T01:29:03","slug":"carabineros-recibe-primeros-diez-vehiculos-para-el-servicio-policial-en-aysen","status":"publish","type":"post","link":"https:\/\/radiorevelacionfm.cl\/?p=40232","title":{"rendered":"Carabineros recibe primeros diez veh\u00edculos para el servicio policial en Ays\u00e9n"},"content":{"rendered":"<div class=\"flex_column av_one_full  flex_column_div av-zero-column-padding first  avia-builder-el-0  el_before_av_one_full  avia-builder-el-first  \" style='border-radius:0px; '><div  class='avia-image-container  av-styling-    avia-builder-el-1  avia-builder-el-no-sibling  avia-align-center '  itemprop=\"image\" itemscope=\"itemscope\" itemtype=\"https:\/\/schema.org\/ImageObject\"  ><div class='avia-image-container-inner'><div class='avia-image-overlay-wrap'><img decoding=\"async\" class='wp-image-40233 avia-img-lazy-loading-not-40233 avia_image' src=\"https:\/\/radiorevelacionfm.cl\/wp-content\/uploads\/2024\/03\/470bd6ab-fe39-4ad3-9f75-79ccc4b38e78-1_optimized.jpg\" alt='' title='470bd6ab-fe39-4ad3-9f75-79ccc4b38e78-(1)_optimized' height=\"600\" width=\"903\"  itemprop=\"thumbnailUrl\" srcset=\"https:\/\/radiorevelacionfm.cl\/wp-content\/uploads\/2024\/03\/470bd6ab-fe39-4ad3-9f75-79ccc4b38e78-1_optimized.jpg 903w, https:\/\/radiorevelacionfm.cl\/wp-content\/uploads\/2024\/03\/470bd6ab-fe39-4ad3-9f75-79ccc4b38e78-1_optimized-300x199.jpg 300w, https:\/\/radiorevelacionfm.cl\/wp-content\/uploads\/2024\/03\/470bd6ab-fe39-4ad3-9f75-79ccc4b38e78-1_optimized-768x510.jpg 768w, https:\/\/radiorevelacionfm.cl\/wp-content\/uploads\/2024\/03\/470bd6ab-fe39-4ad3-9f75-79ccc4b38e78-1_optimized-705x468.jpg 705w, https:\/\/radiorevelacionfm.cl\/wp-content\/uploads\/2024\/03\/470bd6ab-fe39-4ad3-9f75-79ccc4b38e78-1_optimized-450x299.jpg 450w, https:\/\/radiorevelacionfm.cl\/wp-content\/uploads\/2024\/03\/470bd6ab-fe39-4ad3-9f75-79ccc4b38e78-1_optimized-600x399.jpg 600w\" sizes=\"(max-width: 903px) 100vw, 903px\" \/><\/div><\/div><\/div><\/div><div class=\"flex_column av_one_full  flex_column_div av-zero-column-padding first  avia-builder-el-2  el_after_av_one_full  el_before_av_one_full  column-top-margin\" style='border-radius:0px; '><section class=\"av_textblock_section \"  itemscope=\"itemscope\" itemtype=\"https:\/\/schema.org\/BlogPosting\" itemprop=\"blogPost\" ><div class='avia_textblock  '   itemprop=\"text\" ><p style=\"text-align: center;\"><strong><span style=\"font-size: 18pt;\">Carabineros recibe primeros diez veh\u00edculos para el servicio policial en Ays\u00e9n <\/span><\/strong><\/p>\n<div id=\"gtx-trans\" style=\"position: absolute; left: -50px; top: 4.31534px;\">\n<div class=\"gtx-trans-icon\"><\/div>\n<\/div>\n<\/div><\/section><\/div><div class=\"flex_column av_one_full  flex_column_div av-zero-column-padding first  avia-builder-el-4  el_after_av_one_full  el_before_av_hr  column-top-margin\" style='border-radius:0px; '><section class=\"av_textblock_section \"  itemscope=\"itemscope\" itemtype=\"https:\/\/schema.org\/BlogPosting\" itemprop=\"blogPost\" ><div class='avia_textblock  '   itemprop=\"text\" ><div>\n<p class=\"v1MsoNormal\" style=\"text-align: justify;\"><em><span lang=\"ES-CL\">De esta primera entrega, cinco carros est\u00e1n destinados a a Coyhaique, mientras que el resto se distribuir\u00e1 entre la 3ra. Comisar\u00eda Chile Chico (F), Subcomisar\u00eda Villa O&#8217;Higgins (F), Subcomisar\u00eda Puerto Cisnes, Ret\u00e9n Lago Castor (F) y Ret\u00e9n Puerto Guadal (F).<\/span><\/em><\/p>\n<p class=\"v1MsoNormal\" style=\"text-align: justify;\"><span lang=\"ES-CL\">Tras recorrer m\u00e1s de 1.800 km, diez veh\u00edculos destinados al servicio policial para Carabineros en la regi\u00f3n de Ays\u00e9n, llegaron al territorio, cuya recepci\u00f3n y entrega se materializ\u00f3 en el sector feria Las Quintas en la ciudad de Coyhaique.<\/span><\/p>\n<p class=\"v1MsoNormal\" style=\"text-align: justify;\"><span lang=\"ES-CL\">La ceremonia efectuada a los sones de la Banda Instrumental, cont\u00f3 con la presencia de la Gobernadora Regional de Ays\u00e9n, Andrea Mac\u00edas Palma; el Delegado Presidencial Regional, Rodrigo Araya Morales; el Jefe de Zona Ays\u00e9n, General Patricio Santos Poblete; la Consejera Regional Marisol Mart\u00ednez S\u00e1nchez, entre otras autoridades, dirigentes vecinales e invitados especiales.<\/span><\/p>\n<p class=\"v1MsoNormal\" style=\"text-align: justify;\"><span lang=\"ES-CL\">La entrega corresponde a la reposici\u00f3n de nueve camionetas todo terreno y un ret\u00e9n m\u00f3vil, medios que fueron adquiridos mediante la transferencia de recursos aprobada por el Gobierno Regional y su Consejo y corresponden a una primera parte de un conjunto de medios y recursos tecnol\u00f3gicos que permitir\u00e1n modernizar la instituci\u00f3n para un mejor servicio a la comunidad.<\/span><\/p>\n<p class=\"v1MsoNormal\" style=\"text-align: justify;\"><span lang=\"ES-CL\">\u00abEs un aporte de m\u00e1s de 3 mil millones de pesos que permiten dotar a la regi\u00f3n de Ays\u00e9n de 35 nuevos veh\u00edculos policiales, pero adem\u00e1s de otro tipo de equipamiento.<\/span><\/p>\n<p class=\"v1MsoNormal\" style=\"text-align: justify;\"><span lang=\"ES-CL\">Hoy, bajo la convicci\u00f3n que la seguridad es un problema del cual debemos hacernos cargo todos\/as, desde las familias hasta todas las instituciones del Estado, vamos a seguir trabajando en esta materia. Hoy son diez nuevos veh\u00edculos que se suman \u2013van a llegar 25 m\u00e1s- cada uno de los retenes y cuarteles que existe en la regi\u00f3n va a contar con su veh\u00edculo propio\u00bb, expres\u00f3 la Gobernadora de Ays\u00e9n Andrea Mac\u00edas Palma.<\/span><\/p>\n<p class=\"v1MsoNormal\" style=\"text-align: justify;\"><span lang=\"ES-CL\">La autoridad agradeci\u00f3 al Consejo Regional y a Carabineros de Chile el trabajo conjunto con el Ministerio del Interior, y disposici\u00f3n para atender estas urgencias de especial relevancia para la comunidad.<\/span><\/p>\n<p class=\"v1MsoNormal\" style=\"text-align: justify;\"><b><span lang=\"ES-CL\">Modernizaci\u00f3n\u00a0\u00a0<\/span><\/b><\/p>\n<p class=\"v1MsoNormal\" style=\"text-align: justify;\"><span lang=\"ES-CL\">El Jefe de Zona Ays\u00e9n, General Patricio Santos Poblete, indic\u00f3 que la llegada de estos nuevos veh\u00edculos permite dar cumplimiento a una de las principales expectativas ciudadanas.<\/span><\/p>\n<p class=\"v1MsoNormal\" style=\"text-align: justify;\"><span lang=\"ES-CL\">\u00abDonde uno va con las autoridades, las personas solicitan mayor presencia policial, m\u00e1s carabineros en el sector, de tal forma de controlar objetivamente la comisi\u00f3n de delitos y la percepci\u00f3n de inseguridad\u00bb, expres\u00f3 el Oficial General, quien precis\u00f3 que se trata de nueve camionetas y un ret\u00e9n m\u00f3vil, de los cuales cinco est\u00e1n destinados a Coyhaique, en tanto que el resto de las unidades ser\u00e1n distribuidas entre la 3ra. Comisar\u00eda Chile Chico (F), Subcomisar\u00eda Villa O&#8217;Higgins (F), Subcomisar\u00eda Puerto Cisnes, Ret\u00e9n Lago Castor (F) y Ret\u00e9n Puerto Guadal (F).<\/span><\/p>\n<p class=\"v1MsoNormal\" style=\"text-align: justify;\"><span lang=\"ES-CL\">\u00abEl ret\u00e9n m\u00f3vil cumple la finalidad de acercar el cuartel fijo con capacidades de acoger constancias y denuncias.<\/span><\/p>\n<p class=\"v1MsoNormal\" style=\"text-align: justify;\"><span lang=\"ES-CL\">Los otros 25 veh\u00edculos que llegan, est\u00e1n equipados con calabozos y se distribuyen en toda la regi\u00f3n. Adem\u00e1s, estamos adquiriendo dos lanchas, una para navegar en el lago General Carrera y que va a depender de la 3ra Comisar\u00eda de Chile Chico y la otra va a estar en Puerto Cisnes, las cuales se suman a la lancha que opera en Villa O&#8217;Higgins y que nos conecta con Candelario Mansilla\u00bb, detall\u00f3 el Jefe de Zona.<\/span><\/p>\n<p class=\"v1MsoNormal\" style=\"text-align: justify;\"><span lang=\"ES-CL\">Estos diez primeros veh\u00edculos permitir\u00e1n reforzar las capacidades de Carabineros en la regi\u00f3n, aumentar la cobertura, disminuir los tiempos de respuesta operativo y cumplir con las expectativas de la comunidad.<\/span><\/p>\n<p class=\"v1MsoNormal\" style=\"text-align: justify;\"><b><span lang=\"ES-CL\">Nuevos medios y recursos tecnol\u00f3gicos<\/span><\/b><\/p>\n<p class=\"v1MsoNormal\" style=\"text-align: justify;\"><span lang=\"ES-CL\">El General Santos a\u00f1adi\u00f3 que los recursos transferidos por el Gobierno Regional y su Consejo, permitir\u00e1n tambi\u00e9n adquirir 14 drones, 14 m\u00f3dulos de atenci\u00f3n m\u00f3vil similares al que se encuentra instalado hoy en Cerro Castillo, adem\u00e1s de cien c\u00e1maras corporales, una sala de monitoreo telem\u00e1tico de las c\u00e1maras de vigilancia, a lo cual se suma un bus para la Banda Instrumental.<\/span><\/p>\n<p class=\"v1MsoNormal\" style=\"text-align: justify;\"><span lang=\"ES-CL\">Estos medios vienen a reforzar esa idea, porque a trav\u00e9s del control, Carabineros previene.<\/span><\/p>\n<p class=\"v1MsoNormal\" style=\"text-align: justify;\"><span lang=\"ES-CL\">\u00abEsta es la primera partida de veh\u00edculos que llega, son camionetas del tipo AP para el recorrido, para la fiscalizaci\u00f3n, para el desplazamiento, para llegar oportunamente a cada una de nuestras necesidades, y actuar de manera oportuna en el ex post, es decir, en los efectos y consecuencias de la desviaci\u00f3n social como expresi\u00f3n de la decisi\u00f3n racional de los sujetos de delinquir\u00bb, indic\u00f3.<\/span><\/p>\n<p class=\"v1MsoNormal\" style=\"text-align: justify;\">El Jefe de Zona Ays\u00e9n a\u00f1adi\u00f3 que la seguridad es un compromiso de todos, en consecuencia, lo realizado por el Gobierno Regional es una demostraci\u00f3n de ese compromiso.<\/p>\n<p class=\"v1MsoNormal\" style=\"text-align: justify;\"><b><span lang=\"ES-CL\">\u00abLa seguridad es una tarea entre todos\u00bb<\/span><\/b><\/p>\n<p class=\"v1MsoNormal\" style=\"text-align: justify;\"><span lang=\"ES-CL\">Por su parte el Delegado Presidencial Regional de Ays\u00e9n, Rodrigo Araya Morales indic\u00f3 que Carabineros a la fecha enfrentaba un problema en la modernizaci\u00f3n de su flota de veh\u00edculos y equipamiento a nivel nacional, tras lo cual el Gobierno ha realizado una importante inversi\u00f3n en esta materia.<\/span><\/p>\n<p class=\"v1MsoNormal\" style=\"text-align: justify;\"><span lang=\"ES-CL\">\u00abClaramente es un aporte muy importante el que est\u00e1 haciendo el Gobierno regional en nuestra regi\u00f3n en t\u00e9rminos de equipamiento de c\u00e1maras, de veh\u00edculos y de otros insumos y mecanismos necesarios para que puedan abordar bien su tarea\u00bb.<\/span><\/p>\n<p class=\"v1MsoNormal\" style=\"text-align: justify;\"><span lang=\"ES-CL\">Morales recalc\u00f3 que la seguridad es una tarea entre todos, por lo que convocar al Gobierno regional, municipios, juntas de vecinos y tener un plan regional y comunal de seguridad p\u00fablica van en ese sentido, en el cual se requiere de la colaboraci\u00f3n y coordinaci\u00f3n de la institucionalidad p\u00fablica.<\/span><\/p>\n<p class=\"v1MsoNormal\" style=\"text-align: justify;\"><span lang=\"ES-CL\">En la ocasi\u00f3n, la Presidenta de la Uni\u00f3n Comunal de Juntas de Vecinos, Ver\u00f3nica Legue Vera valor\u00f3 la llegada de los veh\u00edculos, lo cual se traducir\u00e1 en una mayor presencia, seguridad y prevenci\u00f3n de la ocurrencia de delitos, para seguir haciendo de Ays\u00e9n una de las regiones m\u00e1s seguras de nuestro pa\u00eds.<\/span><\/p>\n<p class=\"v1MsoNormal\" style=\"text-align: justify;\"><b><span lang=\"ES-CL\">915 detenidos<\/span><\/b><\/p>\n<p class=\"v1MsoNormal\" style=\"text-align: justify;\"><span lang=\"ES-CL\">Cabe consignar que Carabineros registra en la regi\u00f3n cerca de 30 procedimientos por hora, en tanto que desde el mes de enero al 03 de marzo del presente a\u00f1o, se han efectuado cerca de 45 mil controles, siendo detenidas 915 personas en las primeras nueve semanas de este a\u00f1o, de las cuales 87 son por delitos de connotaci\u00f3n social, 101 con \u00f3rdenes de detenci\u00f3n vigente, 54 por ley de drogas, 60 por violencia intrafamiliar.<\/span><\/p>\n<p class=\"v1MsoNormal\" style=\"text-align: justify;\"><span lang=\"ES-CL\">Durante este periodo, Carabineros igualmente ha detenido a 411 personas por conducci\u00f3n en estado de ebriedad e incivilidades, siendo igualmente desarticuladas 12 bandas delictuales, m\u00e1s de dos kilos de droga decomisada, sumado a la recuperaci\u00f3n de 21 armas de fuego.<\/span><\/p>\n<p class=\"v1MsoNormal\" style=\"text-align: justify;\"><span lang=\"ES-CL\">El General Patricio Santos inst\u00f3 a la comunidad a generar una cadena de valor y construir la seguridad entre todos.<\/span><\/p>\n<\/div>\n<div style=\"text-align: justify;\"><\/div>\n<\/div><\/section><\/div><div  style='height:50px' class='hr hr-invisible   avia-builder-el-6  el_after_av_one_full  el_before_av_social_share '><span class='hr-inner ' ><span class='hr-inner-style'><\/span><\/span><\/div><\/p>\n<div  class='av-social-sharing-box  avia-builder-el-7  el_after_av_hr  el_before_av_hr  '><div class='av-share-box'><h5 class='av-share-link-description av-no-toc '>Compartir esta noticia<\/h5><ul class='av-share-box-list noLightbox'><li class='av-share-link av-social-link-facebook' ><a target=\"_blank\" aria-label=\"Compartir en Facebook\" href='https:\/\/www.facebook.com\/sharer.php?u=https:\/\/radiorevelacionfm.cl\/?p=40232&#038;t=Carabineros%20recibe%20primeros%20diez%20veh%C3%ADculos%20para%20el%20servicio%20policial%20en%20Ays%C3%A9n' aria-hidden='false' data-av_icon='\ue8f3' data-av_iconfont='entypo-fontello' title='' data-avia-related-tooltip='Compartir en Facebook' rel=\"noopener\"><span class='avia_hidden_link_text'>Compartir en Facebook<\/span><\/a><\/li><li class='av-share-link av-social-link-twitter' ><a target=\"_blank\" aria-label=\"Compartir en Twitter\" href='https:\/\/twitter.com\/share?text=Carabineros%20recibe%20primeros%20diez%20veh%C3%ADculos%20para%20el%20servicio%20policial%20en%20Ays%C3%A9n&#038;url=https:\/\/radiorevelacionfm.cl\/?p=40232' aria-hidden='false' data-av_icon='\ue8f1' data-av_iconfont='entypo-fontello' title='' data-avia-related-tooltip='Compartir en Twitter' rel=\"noopener\"><span class='avia_hidden_link_text'>Compartir en Twitter<\/span><\/a><\/li><li class='av-share-link av-social-link-whatsapp' ><a target=\"_blank\" aria-label=\"Compartir en Whatsapp\" href='https:\/\/api.whatsapp.com\/send?text=https:\/\/radiorevelacionfm.cl\/?p=40232' aria-hidden='false' data-av_icon='\uf232' data-av_iconfont='entypo-fontello' title='' data-avia-related-tooltip='Compartir en Whatsapp' rel=\"noopener\"><span class='avia_hidden_link_text'>Compartir en Whatsapp<\/span><\/a><\/li><li class='av-share-link av-social-link-linkedin' ><a target=\"_blank\" aria-label=\"Compartir en LinkedIn\" href='https:\/\/linkedin.com\/shareArticle?mini=true&#038;title=Carabineros%20recibe%20primeros%20diez%20veh%C3%ADculos%20para%20el%20servicio%20policial%20en%20Ays%C3%A9n&#038;url=https:\/\/radiorevelacionfm.cl\/?p=40232' aria-hidden='false' data-av_icon='\ue8fc' data-av_iconfont='entypo-fontello' title='' data-avia-related-tooltip='Compartir en LinkedIn' rel=\"noopener\"><span class='avia_hidden_link_text'>Compartir en LinkedIn<\/span><\/a><\/li><li class='av-share-link av-social-link-mail' ><a  aria-label=\"Compartir por correo\" href='mailto:?subject=Carabineros%20recibe%20primeros%20diez%20veh%C3%ADculos%20para%20el%20servicio%20policial%20en%20Ays%C3%A9n&#038;body=https:\/\/radiorevelacionfm.cl\/?p=40232' aria-hidden='false' data-av_icon='\ue805' data-av_iconfont='entypo-fontello' title='' data-avia-related-tooltip='Compartir por correo'><span class='avia_hidden_link_text'>Compartir por correo<\/span><\/a><\/li><\/ul><\/div><\/div>\n<div  style='height:50px' class='hr hr-invisible   avia-builder-el-8  el_after_av_social_share  el_before_av_comments_list '><span class='hr-inner ' ><span class='hr-inner-style'><\/span><\/span><\/div>\n<div  class='av-buildercomment  av-blog-meta-html-info-disabled av-blog-meta-tag-disabled  '><\/div>\n","protected":false},"excerpt":{"rendered":"","protected":false},"author":1,"featured_media":40233,"comment_status":"open","ping_status":"open","sticky":false,"template":"","format":"standard","meta":{"footnotes":""},"categories":[38],"tags":[],"class_list":["post-40232","post","type-post","status-publish","format-standard","has-post-thumbnail","hentry","category-regional"],"jetpack_featured_media_url":"https:\/\/radiorevelacionfm.cl\/wp-content\/uploads\/2024\/03\/470bd6ab-fe39-4ad3-9f75-79ccc4b38e78-1_optimized.jpg","_links":{"self":[{"href":"https:\/\/radiorevelacionfm.cl\/index.php?rest_route=\/wp\/v2\/posts\/40232","targetHints":{"allow":["GET"]}}],"collection":[{"href":"https:\/\/radiorevelacionfm.cl\/index.php?rest_route=\/wp\/v2\/posts"}],"about":[{"href":"https:\/\/radiorevelacionfm.cl\/index.php?rest_route=\/wp\/v2\/types\/post"}],"author":[{"embeddable":true,"href":"https:\/\/radiorevelacionfm.cl\/index.php?rest_route=\/wp\/v2\/users\/1"}],"replies":[{"embeddable":true,"href":"https:\/\/radiorevelacionfm.cl\/index.php?rest_route=%2Fwp%2Fv2%2Fcomments&post=40232"}],"version-history":[{"count":1,"href":"https:\/\/radiorevelacionfm.cl\/index.php?rest_route=\/wp\/v2\/posts\/40232\/revisions"}],"predecessor-version":[{"id":40234,"href":"https:\/\/radiorevelacionfm.cl\/index.php?rest_route=\/wp\/v2\/posts\/40232\/revisions\/40234"}],"wp:featuredmedia":[{"embeddable":true,"href":"https:\/\/radiorevelacionfm.cl\/index.php?rest_route=\/wp\/v2\/media\/40233"}],"wp:attachment":[{"href":"https:\/\/radiorevelacionfm.cl\/index.php?rest_route=%2Fwp%2Fv2%2Fmedia&parent=40232"}],"wp:term":[{"taxonomy":"category","embeddable":true,"href":"https:\/\/radiorevelacionfm.cl\/index.php?rest_route=%2Fwp%2Fv2%2Fcategories&post=40232"},{"taxonomy":"post_tag","embeddable":true,"href":"https:\/\/radiorevelacionfm.cl\/index.php?rest_route=%2Fwp%2Fv2%2Ftags&post=40232"}],"curies":[{"name":"wp","href":"https:\/\/api.w.org\/{rel}","templated":true}]}}