{"id":4023,"date":"2021-05-11T16:43:36","date_gmt":"2021-05-11T19:43:36","guid":{"rendered":"https:\/\/radiorevelacionfm.cl\/?p=4023"},"modified":"2021-05-11T16:49:22","modified_gmt":"2021-05-11T19:49:22","slug":"presentan-visor-de-elecciones-para-fomentar-la-participacion-ciudadana-en-los-comicios-del-15-y-16-de-mayo","status":"publish","type":"post","link":"https:\/\/radiorevelacionfm.cl\/?p=4023","title":{"rendered":"Presentan visor de elecciones para fomentar la participaci\u00f3n ciudadana en los comicios del 15 y 16 de mayo"},"content":{"rendered":"<div class=\"flex_column av_one_full  flex_column_div av-zero-column-padding first  avia-builder-el-0  el_before_av_one_full  avia-builder-el-first  \" style='border-radius:0px; '><div  class='avia-image-container  av-styling-    avia-builder-el-1  avia-builder-el-no-sibling  avia-align-center '  itemprop=\"image\" itemscope=\"itemscope\" itemtype=\"https:\/\/schema.org\/ImageObject\"  ><div class='avia-image-container-inner'><div class='avia-image-overlay-wrap'><img decoding=\"async\" class='wp-image-0 avia-img-lazy-loading-not-0 avia_image' src=\"https:\/\/radiorevelacionfm.cl\/wp-content\/uploads\/2021\/05\/WhatsApp-Image-2021-05-10-at-15.08.50-1.jpeg\" alt='' title=''   itemprop=\"thumbnailUrl\"  \/><\/div><\/div><\/div><\/div>\n<div class=\"flex_column av_one_full  flex_column_div av-zero-column-padding first  avia-builder-el-2  el_after_av_one_full  el_before_av_one_full  column-top-margin\" style='border-radius:0px; '><section class=\"av_textblock_section \"  itemscope=\"itemscope\" itemtype=\"https:\/\/schema.org\/BlogPosting\" itemprop=\"blogPost\" ><div class='avia_textblock  '   itemprop=\"text\" ><p style=\"text-align: center;\"><strong><span style=\"font-size: 18pt;\">Presentan visor de elecciones para fomentar la participaci\u00f3n ciudadana en los comicios del 15 y 16 de mayo<\/span><\/strong><\/p>\n<div id=\"gtx-trans\" style=\"position: absolute; left: -50px; top: 4.31534px;\">\n<div class=\"gtx-trans-icon\"><\/div>\n<\/div>\n<\/div><\/section><\/div>\n<div class=\"flex_column av_one_full  flex_column_div av-zero-column-padding first  avia-builder-el-4  el_after_av_one_full  el_before_av_hr  column-top-margin\" style='border-radius:0px; '><section class=\"av_textblock_section \"  itemscope=\"itemscope\" itemtype=\"https:\/\/schema.org\/BlogPosting\" itemprop=\"blogPost\" ><div class='avia_textblock  '   itemprop=\"text\" ><p style=\"text-align: justify;\">La herramienta contiene informaci\u00f3n, tanto sanitaria como electoral, la cual incluye desde el n\u00famero de casos activos por comuna hasta la ubicaci\u00f3n de los locales de votaci\u00f3n y las papeletas que corresponden a cada elecci\u00f3n, fortaleciendo la comunicaci\u00f3n y mejorando la toma de decisiones ciudadanas.<\/p>\n<p style=\"text-align: justify;\">Este lunes el ministro de Bienes Nacionales, Julio Isamit, junto al Ministro Vocero de Gobierno, Jaime Bellolio y el Ministro Secretario General de la Presidencia, Juan Jos\u00e9 Ossa, presentaron el Visor Elecciones 2021 (elecciones.visorterritorial.cl), el cual busca ayudar a aumentar la participaci\u00f3n ciudadana, entregando informaci\u00f3n, tanto sanitaria como electoral. \u201cNuestro nuevo Visor de elecciones, muestra: georreferenciaci\u00f3n de todos los locales de votaci\u00f3n para que cada persona sepa c\u00f3mo llegar; filtro por regi\u00f3n y comuna para conocer las papeletas que te entregar\u00e1n ese d\u00eda, y as\u00ed est\u00e9s preparado y sea m\u00e1s r\u00e1pida la votaci\u00f3n\u201d, asegur\u00f3 el Ministro de Bienes Nacionales Julio Isamit.<\/p>\n<p style=\"text-align: justify;\">Por su parte, en el \u00e1mbito sanitario es posible acceder a informaci\u00f3n como el avance de los contagios, porcentaje de vacunaci\u00f3n y casos activos, tanto a nivel regional y comunal.<\/p>\n<p style=\"text-align: justify;\">El Ministro Vocero de gobierno, Jaime Bellolio, destac\u00f3 que tal c\u00f3mo fue con la votaci\u00f3n del plebiscito \u201cvotar es seguro, es seguro desde la seguridad p\u00fablica y tambi\u00e9n es seguro desde lo sanitario. Se han tomado absolutamente todos los resguardos. Este fin de semana esperamos tener mejores n\u00fameros de contagios, m\u00e1s de 9 millones de personas que van a estar al menos con una dosis y m\u00e1s de 7 millones de personas que van a estar con dos dosis, dentro de los cuales est\u00e1n la mayor parte de los vocales de mesa. Adem\u00e1s, la idea de hacerlo en dos d\u00edas es que no se produzca ning\u00fan tipo de aglomeraci\u00f3n y que todas las personas puedan hacerlo de manera tranquila y confiada\u201d.<\/p>\n<p style=\"text-align: justify;\">En tanto el Ministro Secretario General de la Presidencia, Juan Jos\u00e9 Ossa, hizo un llamado a \u201cparticipar en este acto eleccionario, recordando que se puede hacer en dos d\u00edas, que se elige el d\u00eda en que se vota. Hay que votar una sola vez, y nuestros adultos mayores y mujeres embarazadas o personas con alg\u00fan tipo de discapacidad, o personas que requieran voto asistido tendr\u00e1n siempre preferencia, pero particularmente un horario preferente el d\u00eda s\u00e1bado entre las 14:00 y las 18:00 horas\u201d, concluy\u00f3.<\/p>\n<p style=\"text-align: justify;\">Este nuevo visor, es el octavo desarrollado por el Ministerio de Bienes Nacionales y tiene como finalidad poner a disposici\u00f3n y entregar la mayor cantidad de informaci\u00f3n territorial a la ciudadan\u00eda. A la fecha, el sitio web <a href=\"http:\/\/www.visorterritorial.cl\">www.visorterritorial.cl<\/a> ya cuenta con m\u00e1s de 4 millones de visitas.<\/p>\n<\/div><\/section><\/div><div  style='height:50px' class='hr hr-invisible   avia-builder-el-6  el_after_av_one_full  el_before_av_social_share '><span class='hr-inner ' ><span class='hr-inner-style'><\/span><\/span><\/div><\/p>\n<div  class='av-social-sharing-box  avia-builder-el-7  el_after_av_hr  el_before_av_hr  '><div class='av-share-box'><h5 class='av-share-link-description av-no-toc '>Compartir esta noticia<\/h5><ul class='av-share-box-list noLightbox'><li class='av-share-link av-social-link-facebook' ><a target=\"_blank\" aria-label=\"Compartir en Facebook\" href='https:\/\/www.facebook.com\/sharer.php?u=https:\/\/radiorevelacionfm.cl\/?p=4023&#038;t=Presentan%20visor%20de%20elecciones%20para%20fomentar%20la%20participaci%C3%B3n%20ciudadana%20en%20los%20comicios%20del%2015%20y%2016%20de%20mayo' aria-hidden='false' data-av_icon='\ue8f3' data-av_iconfont='entypo-fontello' title='' data-avia-related-tooltip='Compartir en Facebook' rel=\"noopener\"><span class='avia_hidden_link_text'>Compartir en Facebook<\/span><\/a><\/li><li class='av-share-link av-social-link-twitter' ><a target=\"_blank\" aria-label=\"Compartir en Twitter\" href='https:\/\/twitter.com\/share?text=Presentan%20visor%20de%20elecciones%20para%20fomentar%20la%20participaci%C3%B3n%20ciudadana%20en%20los%20comicios%20del%2015%20y%2016%20de%20mayo&#038;url=https:\/\/radiorevelacionfm.cl\/?p=4023' aria-hidden='false' data-av_icon='\ue8f1' data-av_iconfont='entypo-fontello' title='' data-avia-related-tooltip='Compartir en Twitter' rel=\"noopener\"><span class='avia_hidden_link_text'>Compartir en Twitter<\/span><\/a><\/li><li class='av-share-link av-social-link-whatsapp' ><a target=\"_blank\" aria-label=\"Compartir en Whatsapp\" href='https:\/\/api.whatsapp.com\/send?text=https:\/\/radiorevelacionfm.cl\/?p=4023' aria-hidden='false' data-av_icon='\uf232' data-av_iconfont='entypo-fontello' title='' data-avia-related-tooltip='Compartir en Whatsapp' rel=\"noopener\"><span class='avia_hidden_link_text'>Compartir en Whatsapp<\/span><\/a><\/li><li class='av-share-link av-social-link-linkedin' ><a target=\"_blank\" aria-label=\"Compartir en LinkedIn\" href='https:\/\/linkedin.com\/shareArticle?mini=true&#038;title=Presentan%20visor%20de%20elecciones%20para%20fomentar%20la%20participaci%C3%B3n%20ciudadana%20en%20los%20comicios%20del%2015%20y%2016%20de%20mayo&#038;url=https:\/\/radiorevelacionfm.cl\/?p=4023' aria-hidden='false' data-av_icon='\ue8fc' data-av_iconfont='entypo-fontello' title='' data-avia-related-tooltip='Compartir en LinkedIn' rel=\"noopener\"><span class='avia_hidden_link_text'>Compartir en LinkedIn<\/span><\/a><\/li><li class='av-share-link av-social-link-mail' ><a  aria-label=\"Compartir por correo\" href='mailto:?subject=Presentan%20visor%20de%20elecciones%20para%20fomentar%20la%20participaci%C3%B3n%20ciudadana%20en%20los%20comicios%20del%2015%20y%2016%20de%20mayo&#038;body=https:\/\/radiorevelacionfm.cl\/?p=4023' aria-hidden='false' data-av_icon='\ue805' data-av_iconfont='entypo-fontello' title='' data-avia-related-tooltip='Compartir por correo'><span class='avia_hidden_link_text'>Compartir por correo<\/span><\/a><\/li><\/ul><\/div><\/div>\n<div  style='height:50px' class='hr hr-invisible   avia-builder-el-8  el_after_av_social_share  el_before_av_comments_list '><span class='hr-inner ' ><span class='hr-inner-style'><\/span><\/span><\/div>\n<div  class='av-buildercomment  av-blog-meta-html-info-disabled av-blog-meta-tag-disabled  '><\/div>\n","protected":false},"excerpt":{"rendered":"","protected":false},"author":1,"featured_media":0,"comment_status":"open","ping_status":"open","sticky":false,"template":"","format":"standard","meta":{"footnotes":""},"categories":[35],"tags":[],"class_list":["post-4023","post","type-post","status-publish","format-standard","hentry","category-politica"],"jetpack_featured_media_url":"","_links":{"self":[{"href":"https:\/\/radiorevelacionfm.cl\/index.php?rest_route=\/wp\/v2\/posts\/4023","targetHints":{"allow":["GET"]}}],"collection":[{"href":"https:\/\/radiorevelacionfm.cl\/index.php?rest_route=\/wp\/v2\/posts"}],"about":[{"href":"https:\/\/radiorevelacionfm.cl\/index.php?rest_route=\/wp\/v2\/types\/post"}],"author":[{"embeddable":true,"href":"https:\/\/radiorevelacionfm.cl\/index.php?rest_route=\/wp\/v2\/users\/1"}],"replies":[{"embeddable":true,"href":"https:\/\/radiorevelacionfm.cl\/index.php?rest_route=%2Fwp%2Fv2%2Fcomments&post=4023"}],"version-history":[{"count":2,"href":"https:\/\/radiorevelacionfm.cl\/index.php?rest_route=\/wp\/v2\/posts\/4023\/revisions"}],"predecessor-version":[{"id":4027,"href":"https:\/\/radiorevelacionfm.cl\/index.php?rest_route=\/wp\/v2\/posts\/4023\/revisions\/4027"}],"wp:attachment":[{"href":"https:\/\/radiorevelacionfm.cl\/index.php?rest_route=%2Fwp%2Fv2%2Fmedia&parent=4023"}],"wp:term":[{"taxonomy":"category","embeddable":true,"href":"https:\/\/radiorevelacionfm.cl\/index.php?rest_route=%2Fwp%2Fv2%2Fcategories&post=4023"},{"taxonomy":"post_tag","embeddable":true,"href":"https:\/\/radiorevelacionfm.cl\/index.php?rest_route=%2Fwp%2Fv2%2Ftags&post=4023"}],"curies":[{"name":"wp","href":"https:\/\/api.w.org\/{rel}","templated":true}]}}