{"id":40226,"date":"2024-03-10T22:01:48","date_gmt":"2024-03-11T01:01:48","guid":{"rendered":"https:\/\/radiorevelacionfm.cl\/?p=40226"},"modified":"2024-03-10T22:01:48","modified_gmt":"2024-03-11T01:01:48","slug":"en-su-visita-a-la-region-ministra-del-trabajo-inaugurara-feria-laboral-con-motivo-del-segundo-ano-de-gobierno","status":"publish","type":"post","link":"https:\/\/radiorevelacionfm.cl\/?p=40226","title":{"rendered":"En su visita a la regi\u00f3n Ministra del Trabajo inaugurar\u00e1 Feria Laboral con motivo del segundo a\u00f1o de Gobierno"},"content":{"rendered":"<div class=\"flex_column av_one_full  flex_column_div av-zero-column-padding first  avia-builder-el-0  el_before_av_one_full  avia-builder-el-first  \" style='border-radius:0px; '><div  class='avia-image-container  av-styling-    avia-builder-el-1  avia-builder-el-no-sibling  avia-align-center '  itemprop=\"image\" itemscope=\"itemscope\" itemtype=\"https:\/\/schema.org\/ImageObject\"  ><div class='avia-image-container-inner'><div class='avia-image-overlay-wrap'><img decoding=\"async\" class='wp-image-40227 avia-img-lazy-loading-not-40227 avia_image' src=\"https:\/\/radiorevelacionfm.cl\/wp-content\/uploads\/2024\/03\/WhatsApp-Image-2024-03-10-at-5.00.27-PM-1-1-1.jpeg\" alt='' title='WhatsApp Image 2024-03-10 at 5.00.27 PM (1) (1) (1)' height=\"600\" width=\"800\"  itemprop=\"thumbnailUrl\" srcset=\"https:\/\/radiorevelacionfm.cl\/wp-content\/uploads\/2024\/03\/WhatsApp-Image-2024-03-10-at-5.00.27-PM-1-1-1.jpeg 800w, https:\/\/radiorevelacionfm.cl\/wp-content\/uploads\/2024\/03\/WhatsApp-Image-2024-03-10-at-5.00.27-PM-1-1-1-300x225.jpeg 300w, https:\/\/radiorevelacionfm.cl\/wp-content\/uploads\/2024\/03\/WhatsApp-Image-2024-03-10-at-5.00.27-PM-1-1-1-768x576.jpeg 768w, https:\/\/radiorevelacionfm.cl\/wp-content\/uploads\/2024\/03\/WhatsApp-Image-2024-03-10-at-5.00.27-PM-1-1-1-705x529.jpeg 705w, https:\/\/radiorevelacionfm.cl\/wp-content\/uploads\/2024\/03\/WhatsApp-Image-2024-03-10-at-5.00.27-PM-1-1-1-450x338.jpeg 450w, https:\/\/radiorevelacionfm.cl\/wp-content\/uploads\/2024\/03\/WhatsApp-Image-2024-03-10-at-5.00.27-PM-1-1-1-600x450.jpeg 600w\" sizes=\"(max-width: 800px) 100vw, 800px\" \/><\/div><\/div><\/div><\/div><div class=\"flex_column av_one_full  flex_column_div av-zero-column-padding first  avia-builder-el-2  el_after_av_one_full  el_before_av_one_full  column-top-margin\" style='border-radius:0px; '><section class=\"av_textblock_section \"  itemscope=\"itemscope\" itemtype=\"https:\/\/schema.org\/BlogPosting\" itemprop=\"blogPost\" ><div class='avia_textblock  '   itemprop=\"text\" ><p style=\"text-align: center;\"><strong><span style=\"font-size: 18pt;\">En su visita a la regi\u00f3n Ministra del Trabajo inaugurar\u00e1 Feria Laboral con motivo del segundo a\u00f1o de Gobierno<\/span><\/strong><\/p>\n<div id=\"gtx-trans\" style=\"position: absolute; left: -50px; top: 4.31534px;\">\n<div class=\"gtx-trans-icon\"><\/div>\n<\/div>\n<\/div><\/section><\/div><div class=\"flex_column av_one_full  flex_column_div av-zero-column-padding first  avia-builder-el-4  el_after_av_one_full  el_before_av_hr  column-top-margin\" style='border-radius:0px; '><section class=\"av_textblock_section \"  itemscope=\"itemscope\" itemtype=\"https:\/\/schema.org\/BlogPosting\" itemprop=\"blogPost\" ><div class='avia_textblock  '   itemprop=\"text\" ><p style=\"font-weight: 400; text-align: justify;\">Una Feria Laboral organizada por los Ministerios de Obras P\u00fablicas y del Trabajo y Previsi\u00f3n Social, que inaugurar\u00e1 la ministra de esta cartera, Jeanette Jara Rom\u00e1n, ser\u00e1 una de las actividades que desarrollar\u00e1 el Gobierno en la Regi\u00f3n de Ays\u00e9n, con motivo de los dos a\u00f1os de gesti\u00f3n, encabezada por el Presidente Gabriel Boric Font.<\/p>\n<p style=\"font-weight: 400; text-align: justify;\">As\u00ed lo inform\u00f3 el Delegado Presidencial Regional, Rodrigo Araya, al se\u00f1alar que en este per\u00edodo se trabaja en un Estado m\u00e1s presente con su gente, donde las tres prioridades son Seguridad, Crecimiento y aumento de las Pensiones.<\/p>\n<p style=\"font-weight: 400; text-align: justify;\">\u201cEste a\u00f1o es muy importante, nuestro Presidente as\u00ed lo ha se\u00f1alado. Es un a\u00f1o en que se tienen que concretar proyectos y aumentar el empleo en todo nuestro pa\u00eds. Nuestra regi\u00f3n no es una excepci\u00f3n y este lunes 11 de marzo, tendremos una Feria Laboral MOP-Trabajo, donde diez empresas van a ofertar m\u00e1s de 150 empleos, concretando uno de los principales objetivos, que es mejorar la calidad de vida en nuestro territorio, a trav\u00e9s del aumento del empleo\u201d, se\u00f1al\u00f3.<\/p>\n<p style=\"font-weight: 400; text-align: justify;\">Entre las obras en ejecuci\u00f3n destacan la ampliaci\u00f3n del nuevo terminal del Aeropuerto Balmaceda, para su transformaci\u00f3n en terminal internacional; el nuevo hospital de Chile Chico; diez kil\u00f3metros de pavimentaci\u00f3n del camino a cruce Aer\u00f3dromo Teniente Vidal-Lago Atravesado y conservaci\u00f3n del aer\u00f3dromo de Villa O&#8217;Higgins.<\/p>\n<p style=\"font-weight: 400; text-align: justify;\">En este sentido, la Feria Laboral MOP-Trabajo presentar\u00e1 una oferta de 150 empleos disponibles en la regi\u00f3n, en diferentes niveles formativos, por parte de empresas que ejecutan obras p\u00fablicas en diferentes puntos de la regi\u00f3n, como indic\u00f3 el Seremi del MOP, Patricio Sanhueza.<\/p>\n<p style=\"font-weight: 400; text-align: justify;\">\u201cHaremos una feria conjunta con la Seremi del Trabajo, llevando el empleo de la obra p\u00fablica en la Regi\u00f3n de Ays\u00e9n a los trabajadores. Estamos invitando a esta feria pro reactivaci\u00f3n econ\u00f3mica, donde las empresas mostrar\u00e1n la oferta laboral que tienen en el marco de los contratos de obra p\u00fablica\u201d, recalc\u00f3.<\/p>\n<p style=\"font-weight: 400; text-align: justify;\">El seremi del Trabajo y Previsi\u00f3n Social, Rodrigo D\u00edaz, agreg\u00f3 que esta iniciativa busca impulsar los avances en trabajo decente y empleos de calidad.<\/p>\n<p style=\"font-weight: 400; text-align: justify;\">\u201cEsta feria va a ser muy importante porque, adem\u00e1s, va a estar apoyada por el Servicio Nacional de Capacitaci\u00f3n de Empleo (SENCE), para hacer curr\u00edculum y contar con asesor\u00eda de la Oficina de Intermediaci\u00f3n Laboral (OMIL), de manera de hacer el enlace entre la empresa y los trabajadores. Eso es virtuoso, porque aqu\u00ed estamos buscando empleos de calidad pero, adem\u00e1s, empleos formales. Van a ser m\u00e1s de 150 empleos de importancia para los sectores rurales de nuestra regi\u00f3n, pero tambi\u00e9n destacar, por ejemplo, el aeropuerto. Les invitamos a participar, porque va a ser una gran instancia del Gobierno del Presidente Boric\u201d, recalc\u00f3.<\/p>\n<p style=\"font-weight: 400; text-align: justify;\">La Feria Laboral MOP-Trabajo \u201cImpulsando la reactivaci\u00f3n econ\u00f3mica, Chile Avanzando\u201d se desarrollar\u00e1 este lunes entre las 09:00 y 18:00 horas en el Auditorio Augusto Grosse del MOP, ubicado en calle Riquelme 465, Coyhaique.<\/p>\n<\/div><\/section><\/div><div  style='height:50px' class='hr hr-invisible   avia-builder-el-6  el_after_av_one_full  el_before_av_social_share '><span class='hr-inner ' ><span class='hr-inner-style'><\/span><\/span><\/div><\/p>\n<div  class='av-social-sharing-box  avia-builder-el-7  el_after_av_hr  el_before_av_hr  '><div class='av-share-box'><h5 class='av-share-link-description av-no-toc '>Compartir esta noticia<\/h5><ul class='av-share-box-list noLightbox'><li class='av-share-link av-social-link-facebook' ><a target=\"_blank\" aria-label=\"Compartir en Facebook\" href='https:\/\/www.facebook.com\/sharer.php?u=https:\/\/radiorevelacionfm.cl\/?p=40226&#038;t=En%20su%20visita%20a%20la%20regi%C3%B3n%20Ministra%20del%20Trabajo%20inaugurar%C3%A1%20Feria%20Laboral%20con%20motivo%20del%20segundo%20a%C3%B1o%20de%20Gobierno' aria-hidden='false' data-av_icon='\ue8f3' data-av_iconfont='entypo-fontello' title='' data-avia-related-tooltip='Compartir en Facebook' rel=\"noopener\"><span class='avia_hidden_link_text'>Compartir en Facebook<\/span><\/a><\/li><li class='av-share-link av-social-link-twitter' ><a target=\"_blank\" aria-label=\"Compartir en Twitter\" href='https:\/\/twitter.com\/share?text=En%20su%20visita%20a%20la%20regi%C3%B3n%20Ministra%20del%20Trabajo%20inaugurar%C3%A1%20Feria%20Laboral%20con%20motivo%20del%20segundo%20a%C3%B1o%20de%20Gobierno&#038;url=https:\/\/radiorevelacionfm.cl\/?p=40226' aria-hidden='false' data-av_icon='\ue8f1' data-av_iconfont='entypo-fontello' title='' data-avia-related-tooltip='Compartir en Twitter' rel=\"noopener\"><span class='avia_hidden_link_text'>Compartir en Twitter<\/span><\/a><\/li><li class='av-share-link av-social-link-whatsapp' ><a target=\"_blank\" aria-label=\"Compartir en Whatsapp\" href='https:\/\/api.whatsapp.com\/send?text=https:\/\/radiorevelacionfm.cl\/?p=40226' aria-hidden='false' data-av_icon='\uf232' data-av_iconfont='entypo-fontello' title='' data-avia-related-tooltip='Compartir en Whatsapp' rel=\"noopener\"><span class='avia_hidden_link_text'>Compartir en Whatsapp<\/span><\/a><\/li><li class='av-share-link av-social-link-linkedin' ><a target=\"_blank\" aria-label=\"Compartir en LinkedIn\" href='https:\/\/linkedin.com\/shareArticle?mini=true&#038;title=En%20su%20visita%20a%20la%20regi%C3%B3n%20Ministra%20del%20Trabajo%20inaugurar%C3%A1%20Feria%20Laboral%20con%20motivo%20del%20segundo%20a%C3%B1o%20de%20Gobierno&#038;url=https:\/\/radiorevelacionfm.cl\/?p=40226' aria-hidden='false' data-av_icon='\ue8fc' data-av_iconfont='entypo-fontello' title='' data-avia-related-tooltip='Compartir en LinkedIn' rel=\"noopener\"><span class='avia_hidden_link_text'>Compartir en LinkedIn<\/span><\/a><\/li><li class='av-share-link av-social-link-mail' ><a  aria-label=\"Compartir por correo\" href='mailto:?subject=En%20su%20visita%20a%20la%20regi%C3%B3n%20Ministra%20del%20Trabajo%20inaugurar%C3%A1%20Feria%20Laboral%20con%20motivo%20del%20segundo%20a%C3%B1o%20de%20Gobierno&#038;body=https:\/\/radiorevelacionfm.cl\/?p=40226' aria-hidden='false' data-av_icon='\ue805' data-av_iconfont='entypo-fontello' title='' data-avia-related-tooltip='Compartir por correo'><span class='avia_hidden_link_text'>Compartir por correo<\/span><\/a><\/li><\/ul><\/div><\/div>\n<div  style='height:50px' class='hr hr-invisible   avia-builder-el-8  el_after_av_social_share  el_before_av_comments_list '><span class='hr-inner ' ><span class='hr-inner-style'><\/span><\/span><\/div>\n<div  class='av-buildercomment  av-blog-meta-html-info-disabled av-blog-meta-tag-disabled  '><\/div>\n","protected":false},"excerpt":{"rendered":"","protected":false},"author":1,"featured_media":40227,"comment_status":"open","ping_status":"open","sticky":false,"template":"","format":"standard","meta":{"footnotes":""},"categories":[38],"tags":[],"class_list":["post-40226","post","type-post","status-publish","format-standard","has-post-thumbnail","hentry","category-regional"],"jetpack_featured_media_url":"https:\/\/radiorevelacionfm.cl\/wp-content\/uploads\/2024\/03\/WhatsApp-Image-2024-03-10-at-5.00.27-PM-1-1-1.jpeg","_links":{"self":[{"href":"https:\/\/radiorevelacionfm.cl\/index.php?rest_route=\/wp\/v2\/posts\/40226","targetHints":{"allow":["GET"]}}],"collection":[{"href":"https:\/\/radiorevelacionfm.cl\/index.php?rest_route=\/wp\/v2\/posts"}],"about":[{"href":"https:\/\/radiorevelacionfm.cl\/index.php?rest_route=\/wp\/v2\/types\/post"}],"author":[{"embeddable":true,"href":"https:\/\/radiorevelacionfm.cl\/index.php?rest_route=\/wp\/v2\/users\/1"}],"replies":[{"embeddable":true,"href":"https:\/\/radiorevelacionfm.cl\/index.php?rest_route=%2Fwp%2Fv2%2Fcomments&post=40226"}],"version-history":[{"count":1,"href":"https:\/\/radiorevelacionfm.cl\/index.php?rest_route=\/wp\/v2\/posts\/40226\/revisions"}],"predecessor-version":[{"id":40228,"href":"https:\/\/radiorevelacionfm.cl\/index.php?rest_route=\/wp\/v2\/posts\/40226\/revisions\/40228"}],"wp:featuredmedia":[{"embeddable":true,"href":"https:\/\/radiorevelacionfm.cl\/index.php?rest_route=\/wp\/v2\/media\/40227"}],"wp:attachment":[{"href":"https:\/\/radiorevelacionfm.cl\/index.php?rest_route=%2Fwp%2Fv2%2Fmedia&parent=40226"}],"wp:term":[{"taxonomy":"category","embeddable":true,"href":"https:\/\/radiorevelacionfm.cl\/index.php?rest_route=%2Fwp%2Fv2%2Fcategories&post=40226"},{"taxonomy":"post_tag","embeddable":true,"href":"https:\/\/radiorevelacionfm.cl\/index.php?rest_route=%2Fwp%2Fv2%2Ftags&post=40226"}],"curies":[{"name":"wp","href":"https:\/\/api.w.org\/{rel}","templated":true}]}}