{"id":40220,"date":"2024-03-10T15:15:39","date_gmt":"2024-03-10T18:15:39","guid":{"rendered":"https:\/\/radiorevelacionfm.cl\/?p=40220"},"modified":"2024-03-10T15:15:39","modified_gmt":"2024-03-10T18:15:39","slug":"dan-el-vamos-al-censo-de-poblacion-y-vivienda-2024-en-la-region-de-aysen","status":"publish","type":"post","link":"https:\/\/radiorevelacionfm.cl\/?p=40220","title":{"rendered":"Dan el vamos al Censo de Poblaci\u00f3n y Vivienda 2024 en la regi\u00f3n de Ays\u00e9n"},"content":{"rendered":"<div class=\"flex_column av_one_full  flex_column_div av-zero-column-padding first  avia-builder-el-0  el_before_av_one_full  avia-builder-el-first  \" style='border-radius:0px; '><div  class='avia-image-container  av-styling-    avia-builder-el-1  avia-builder-el-no-sibling  avia-align-center '  itemprop=\"image\" itemscope=\"itemscope\" itemtype=\"https:\/\/schema.org\/ImageObject\"  ><div class='avia-image-container-inner'><div class='avia-image-overlay-wrap'><img decoding=\"async\" class='wp-image-40221 avia-img-lazy-loading-not-40221 avia_image' src=\"https:\/\/radiorevelacionfm.cl\/wp-content\/uploads\/2024\/03\/20240309_122542-1_optimized.jpg\" alt='' title='20240309_122542-(1)_optimized' height=\"600\" width=\"800\"  itemprop=\"thumbnailUrl\" srcset=\"https:\/\/radiorevelacionfm.cl\/wp-content\/uploads\/2024\/03\/20240309_122542-1_optimized.jpg 800w, https:\/\/radiorevelacionfm.cl\/wp-content\/uploads\/2024\/03\/20240309_122542-1_optimized-300x225.jpg 300w, https:\/\/radiorevelacionfm.cl\/wp-content\/uploads\/2024\/03\/20240309_122542-1_optimized-768x576.jpg 768w, https:\/\/radiorevelacionfm.cl\/wp-content\/uploads\/2024\/03\/20240309_122542-1_optimized-705x529.jpg 705w, https:\/\/radiorevelacionfm.cl\/wp-content\/uploads\/2024\/03\/20240309_122542-1_optimized-450x338.jpg 450w, https:\/\/radiorevelacionfm.cl\/wp-content\/uploads\/2024\/03\/20240309_122542-1_optimized-600x450.jpg 600w\" sizes=\"(max-width: 800px) 100vw, 800px\" \/><\/div><\/div><\/div><\/div><div class=\"flex_column av_one_full  flex_column_div av-zero-column-padding first  avia-builder-el-2  el_after_av_one_full  el_before_av_one_full  column-top-margin\" style='border-radius:0px; '><section class=\"av_textblock_section \"  itemscope=\"itemscope\" itemtype=\"https:\/\/schema.org\/BlogPosting\" itemprop=\"blogPost\" ><div class='avia_textblock  '   itemprop=\"text\" ><p style=\"text-align: center;\"><strong><span style=\"font-size: 18pt;\">Dan el vamos al Censo de Poblaci\u00f3n y Vivienda 2024 en la regi\u00f3n de Ays\u00e9n<\/span><\/strong><\/p>\n<div id=\"gtx-trans\" style=\"position: absolute; left: -50px; top: 4.31534px;\">\n<div class=\"gtx-trans-icon\"><\/div>\n<\/div>\n<\/div><\/section><\/div><div class=\"flex_column av_one_full  flex_column_div av-zero-column-padding first  avia-builder-el-4  el_after_av_one_full  el_before_av_hr  column-top-margin\" style='border-radius:0px; '><section class=\"av_textblock_section \"  itemscope=\"itemscope\" itemtype=\"https:\/\/schema.org\/BlogPosting\" itemprop=\"blogPost\" ><div class='avia_textblock  '   itemprop=\"text\" ><p style=\"text-align: justify;\">Este s\u00e1bado 09 de marzo se inici\u00f3 el Censo de Poblaci\u00f3n y Vivienda 2024 en todo Chile, en la regi\u00f3n de Ays\u00e9n, son 194 censistas que estar\u00e1n desplegados en las diez comunas de la regi\u00f3n aplicando el cuestionario censal que contiene 50 preguntas.<\/p>\n<p style=\"text-align: justify;\">As\u00ed lo anunci\u00f3 el director del Instituto Nacional de Estad\u00edsticas INE Ays\u00e9n, Danilo Pavez, en conjunto con el delegado presidencial regional, Rodrigo Araya, y el seremi de Econom\u00eda, Felipe Rojas.<\/p>\n<p style=\"text-align: justify;\">En este contexto, el delegado presidencial regional, Rodrigo Araya, se\u00f1al\u00f3 que: \u201choy damos inicio al Censo de Poblaci\u00f3n y Vivienda 2024 en todo el pa\u00eds, y en la regi\u00f3n, ya est\u00e1n los censistas aplicando el cuestionario censal, por esta raz\u00f3n, llamo \u00a0a todas las personas a que abran la puerta al censo y reciban a los censistas, ya que el cuestionario es f\u00e1cil de contestar\u201d.<\/p>\n<p style=\"text-align: justify;\">La autoridad tambi\u00e9n se\u00f1al\u00f3 que \u201cEl Censo es una tarea pa\u00eds que durar\u00e1 tres meses y es importante para que la informaci\u00f3n permita tomar decisiones en pol\u00edtica p\u00fablica y privada\u201d y a\u00f1adi\u00f3 que \u201clas personas puede conocer el cuestionario censal con anticipaci\u00f3n, ya que est\u00e1 alojado en la p\u00e1gina web <a href=\"http:\/\/www.censo2024.cl\">www.censo2024.cl<\/a>\u201d.<\/p>\n<p style=\"text-align: justify;\">Por su parte, el seremi de Econom\u00eda, Felipe Rojas, relev\u00f3 que, en temas de seguridad, el INE ha desarrollado diversos planes que protegen por un lado a la comunidad y por otro a los censistas. \u201cHago un llamado a responder con toda confianza las 50 preguntas que contiene el cuestionario, tambi\u00e9n transmitirles que el INE trabaja con la ley del secreto estad\u00edstico que protege los datos entregados, esto quiere decir que la informaci\u00f3n recopilada no se compartir\u00e1 con ninguna instituci\u00f3n ni p\u00fablica ni privada\u201d.<\/p>\n<p style=\"text-align: justify;\"><strong>Nuevo sitio web para saber d\u00f3nde est\u00e1n los censistas<\/strong><\/p>\n<p style=\"text-align: justify;\">El director del INE, Danilo Pavez, adem\u00e1s de llamar a la comunidad a confiar en el proceso, inform\u00f3 y mostr\u00f3 la nueva aplicaci\u00f3n \u201cD\u00f3nde est\u00e1 el Censo\u201d, la cual permite saber en qu\u00e9 lugar los censistas estar\u00e1n en terreno durante los tres meses de levantamiento.<\/p>\n<p style=\"text-align: justify;\">\u201cEn el sitio web\u00a0<a href=\"https:\/\/nam02.safelinks.protection.outlook.com\/?url=https%3A%2F%2Fdondeestaelcenso.ine.gob.cl%2F&amp;data=05%7C02%7CAcoliveran%40ine.gob.cl%7C87c00b1ce968433ce11208dc406459a8%7C5baaaa0a1f94469bbbb9d1645dad5ac5%7C0%7C0%7C638456047030061175%7CUnknown%7CTWFpbGZsb3d8eyJWIjoiMC4wLjAwMDAiLCJQIjoiV2luMzIiLCJBTiI6Ik1haWwiLCJXVCI6Mn0%3D%7C0%7C%7C%7C&amp;sdata=cO9iLdk6z%2Fc1Y63xkFJ%2Bnt9zwpb4W0u3i%2FlzKxMhP6A%3D&amp;reserved=0\">https:\/\/dondeestaelcenso.ine.gob.cl\/<\/a>, e ingresando la comuna del pa\u00eds sobre la que quieres obtener informaci\u00f3n, se desplegar\u00e1 un mapa en donde se mostrar\u00e1 demarcado el l\u00edmite comunal y, en su interior, coloreados los sectores que est\u00e1n siendo visitados en el momento de la consulta, informaci\u00f3n que se actualizar\u00e1 a medida que los sectores visitados vayan cambiando\u201d. Dijo el director.<\/p>\n<p style=\"text-align: justify;\">Sobre la indumentaria del censista y del coordinador de grupo, el director de INE reitero que \u201cSe puede apreciar las chaquetillas de censistas y coordinadores, que se caracterizar\u00e1n por un color azul oscuro para censistas y de un color azul claro para coordinadores. Todos estos implementos van con los logos INE \u2013 Censo para que sean absolutamente reconocibles por todas y todos\u201d.<\/p>\n<p style=\"text-align: justify;\">Adem\u00e1s las y los censistas portar\u00e1n una credencial con un c\u00f3digo QR\u00a0 con su c\u00e9dula de identidad al reverso para que toda la comunidad pueda verificar si la persona que los est\u00e1 entrevistando forma parte del equipo operativo.<\/p>\n<p style=\"text-align: justify;\">Cabe recordar que, toda la informaci\u00f3n del operativo estad\u00edstico est\u00e1 disponible en <a href=\"http:\/\/www.censo2024.cl\/\">www.censo2024.cl<\/a> y en el n\u00famero telef\u00f3nico del Censo: 1525.<\/p>\n<\/div><\/section><\/div><div  style='height:50px' class='hr hr-invisible   avia-builder-el-6  el_after_av_one_full  el_before_av_social_share '><span class='hr-inner ' ><span class='hr-inner-style'><\/span><\/span><\/div><\/p>\n<div  class='av-social-sharing-box  avia-builder-el-7  el_after_av_hr  el_before_av_hr  '><div class='av-share-box'><h5 class='av-share-link-description av-no-toc '>Compartir esta noticia<\/h5><ul class='av-share-box-list noLightbox'><li class='av-share-link av-social-link-facebook' ><a target=\"_blank\" aria-label=\"Compartir en Facebook\" href='https:\/\/www.facebook.com\/sharer.php?u=https:\/\/radiorevelacionfm.cl\/?p=40220&#038;t=Dan%20el%20vamos%20al%20Censo%20de%20Poblaci%C3%B3n%20y%20Vivienda%202024%20en%20la%20regi%C3%B3n%20de%20Ays%C3%A9n' aria-hidden='false' data-av_icon='\ue8f3' data-av_iconfont='entypo-fontello' title='' data-avia-related-tooltip='Compartir en Facebook' rel=\"noopener\"><span class='avia_hidden_link_text'>Compartir en Facebook<\/span><\/a><\/li><li class='av-share-link av-social-link-twitter' ><a target=\"_blank\" aria-label=\"Compartir en Twitter\" href='https:\/\/twitter.com\/share?text=Dan%20el%20vamos%20al%20Censo%20de%20Poblaci%C3%B3n%20y%20Vivienda%202024%20en%20la%20regi%C3%B3n%20de%20Ays%C3%A9n&#038;url=https:\/\/radiorevelacionfm.cl\/?p=40220' aria-hidden='false' data-av_icon='\ue8f1' data-av_iconfont='entypo-fontello' title='' data-avia-related-tooltip='Compartir en Twitter' rel=\"noopener\"><span class='avia_hidden_link_text'>Compartir en Twitter<\/span><\/a><\/li><li class='av-share-link av-social-link-whatsapp' ><a target=\"_blank\" aria-label=\"Compartir en Whatsapp\" href='https:\/\/api.whatsapp.com\/send?text=https:\/\/radiorevelacionfm.cl\/?p=40220' aria-hidden='false' data-av_icon='\uf232' data-av_iconfont='entypo-fontello' title='' data-avia-related-tooltip='Compartir en Whatsapp' rel=\"noopener\"><span class='avia_hidden_link_text'>Compartir en Whatsapp<\/span><\/a><\/li><li class='av-share-link av-social-link-linkedin' ><a target=\"_blank\" aria-label=\"Compartir en LinkedIn\" href='https:\/\/linkedin.com\/shareArticle?mini=true&#038;title=Dan%20el%20vamos%20al%20Censo%20de%20Poblaci%C3%B3n%20y%20Vivienda%202024%20en%20la%20regi%C3%B3n%20de%20Ays%C3%A9n&#038;url=https:\/\/radiorevelacionfm.cl\/?p=40220' aria-hidden='false' data-av_icon='\ue8fc' data-av_iconfont='entypo-fontello' title='' data-avia-related-tooltip='Compartir en LinkedIn' rel=\"noopener\"><span class='avia_hidden_link_text'>Compartir en LinkedIn<\/span><\/a><\/li><li class='av-share-link av-social-link-mail' ><a  aria-label=\"Compartir por correo\" href='mailto:?subject=Dan%20el%20vamos%20al%20Censo%20de%20Poblaci%C3%B3n%20y%20Vivienda%202024%20en%20la%20regi%C3%B3n%20de%20Ays%C3%A9n&#038;body=https:\/\/radiorevelacionfm.cl\/?p=40220' aria-hidden='false' data-av_icon='\ue805' data-av_iconfont='entypo-fontello' title='' data-avia-related-tooltip='Compartir por correo'><span class='avia_hidden_link_text'>Compartir por correo<\/span><\/a><\/li><\/ul><\/div><\/div>\n<div  style='height:50px' class='hr hr-invisible   avia-builder-el-8  el_after_av_social_share  el_before_av_comments_list '><span class='hr-inner ' ><span class='hr-inner-style'><\/span><\/span><\/div>\n<div  class='av-buildercomment  av-blog-meta-html-info-disabled av-blog-meta-tag-disabled  '><\/div>\n","protected":false},"excerpt":{"rendered":"","protected":false},"author":1,"featured_media":40221,"comment_status":"open","ping_status":"open","sticky":false,"template":"","format":"standard","meta":{"footnotes":""},"categories":[38],"tags":[],"class_list":["post-40220","post","type-post","status-publish","format-standard","has-post-thumbnail","hentry","category-regional"],"jetpack_featured_media_url":"https:\/\/radiorevelacionfm.cl\/wp-content\/uploads\/2024\/03\/20240309_122542-1_optimized.jpg","_links":{"self":[{"href":"https:\/\/radiorevelacionfm.cl\/index.php?rest_route=\/wp\/v2\/posts\/40220","targetHints":{"allow":["GET"]}}],"collection":[{"href":"https:\/\/radiorevelacionfm.cl\/index.php?rest_route=\/wp\/v2\/posts"}],"about":[{"href":"https:\/\/radiorevelacionfm.cl\/index.php?rest_route=\/wp\/v2\/types\/post"}],"author":[{"embeddable":true,"href":"https:\/\/radiorevelacionfm.cl\/index.php?rest_route=\/wp\/v2\/users\/1"}],"replies":[{"embeddable":true,"href":"https:\/\/radiorevelacionfm.cl\/index.php?rest_route=%2Fwp%2Fv2%2Fcomments&post=40220"}],"version-history":[{"count":1,"href":"https:\/\/radiorevelacionfm.cl\/index.php?rest_route=\/wp\/v2\/posts\/40220\/revisions"}],"predecessor-version":[{"id":40222,"href":"https:\/\/radiorevelacionfm.cl\/index.php?rest_route=\/wp\/v2\/posts\/40220\/revisions\/40222"}],"wp:featuredmedia":[{"embeddable":true,"href":"https:\/\/radiorevelacionfm.cl\/index.php?rest_route=\/wp\/v2\/media\/40221"}],"wp:attachment":[{"href":"https:\/\/radiorevelacionfm.cl\/index.php?rest_route=%2Fwp%2Fv2%2Fmedia&parent=40220"}],"wp:term":[{"taxonomy":"category","embeddable":true,"href":"https:\/\/radiorevelacionfm.cl\/index.php?rest_route=%2Fwp%2Fv2%2Fcategories&post=40220"},{"taxonomy":"post_tag","embeddable":true,"href":"https:\/\/radiorevelacionfm.cl\/index.php?rest_route=%2Fwp%2Fv2%2Ftags&post=40220"}],"curies":[{"name":"wp","href":"https:\/\/api.w.org\/{rel}","templated":true}]}}