{"id":40214,"date":"2024-03-10T14:41:34","date_gmt":"2024-03-10T17:41:34","guid":{"rendered":"https:\/\/radiorevelacionfm.cl\/?p=40214"},"modified":"2024-03-10T14:41:34","modified_gmt":"2024-03-10T17:41:34","slug":"con-fuerte-llamado-a-vacunarse-contra-el-covid-19-buscan-prevenir-aumento-de-enfermedades-respiratorias-en-aysen","status":"publish","type":"post","link":"https:\/\/radiorevelacionfm.cl\/?p=40214","title":{"rendered":"Con fuerte llamado a vacunarse contra el COVID 19 buscan prevenir aumento de enfermedades respiratorias en Ays\u00e9n"},"content":{"rendered":"<div class=\"flex_column av_one_full  flex_column_div av-zero-column-padding first  avia-builder-el-0  el_before_av_one_full  avia-builder-el-first  \" style='border-radius:0px; '><div  class='avia-image-container  av-styling-    avia-builder-el-1  avia-builder-el-no-sibling  avia-align-center '  itemprop=\"image\" itemscope=\"itemscope\" itemtype=\"https:\/\/schema.org\/ImageObject\"  ><div class='avia-image-container-inner'><div class='avia-image-overlay-wrap'><img decoding=\"async\" class='wp-image-40215 avia-img-lazy-loading-not-40215 avia_image' src=\"https:\/\/radiorevelacionfm.cl\/wp-content\/uploads\/2024\/03\/vacunacion-1-1.jpeg\" alt='' title='vacunaci\u00f3n (1) (1)' height=\"600\" width=\"800\"  itemprop=\"thumbnailUrl\" srcset=\"https:\/\/radiorevelacionfm.cl\/wp-content\/uploads\/2024\/03\/vacunacion-1-1.jpeg 800w, https:\/\/radiorevelacionfm.cl\/wp-content\/uploads\/2024\/03\/vacunacion-1-1-300x225.jpeg 300w, https:\/\/radiorevelacionfm.cl\/wp-content\/uploads\/2024\/03\/vacunacion-1-1-768x576.jpeg 768w, https:\/\/radiorevelacionfm.cl\/wp-content\/uploads\/2024\/03\/vacunacion-1-1-705x529.jpeg 705w, https:\/\/radiorevelacionfm.cl\/wp-content\/uploads\/2024\/03\/vacunacion-1-1-450x338.jpeg 450w, https:\/\/radiorevelacionfm.cl\/wp-content\/uploads\/2024\/03\/vacunacion-1-1-600x450.jpeg 600w\" sizes=\"(max-width: 800px) 100vw, 800px\" \/><\/div><\/div><\/div><\/div><div class=\"flex_column av_one_full  flex_column_div av-zero-column-padding first  avia-builder-el-2  el_after_av_one_full  el_before_av_one_full  column-top-margin\" style='border-radius:0px; '><section class=\"av_textblock_section \"  itemscope=\"itemscope\" itemtype=\"https:\/\/schema.org\/BlogPosting\" itemprop=\"blogPost\" ><div class='avia_textblock  '   itemprop=\"text\" ><p style=\"text-align: center;\"><span style=\"font-size: 18pt;\"><strong>Con fuerte llamado a vacunarse contra el COVID 19 buscan prevenir aumento de enfermedades respiratorias en Ays\u00e9n<\/strong><\/span><\/p>\n<div id=\"gtx-trans\" style=\"position: absolute; left: -50px; top: 4.31534px;\">\n<div class=\"gtx-trans-icon\"><\/div>\n<\/div>\n<\/div><\/section><\/div><div class=\"flex_column av_one_full  flex_column_div av-zero-column-padding first  avia-builder-el-4  el_after_av_one_full  el_before_av_hr  column-top-margin\" style='border-radius:0px; '><section class=\"av_textblock_section \"  itemscope=\"itemscope\" itemtype=\"https:\/\/schema.org\/BlogPosting\" itemprop=\"blogPost\" ><div class='avia_textblock  '   itemprop=\"text\" ><p style=\"text-align: justify;\">Con un fuerte trabajo en terreno para reforzar la importancia que la comunidad acceda a los procesos de vacunaci\u00f3n, autoridades sectoriales se salud han puesto \u00e9nfasis en que esta medida permitir\u00e1 resguardar la salud de la poblaci\u00f3n frente a enfermedades respiratorias.\u00a0 De esta forma, durante los primeros tres meses de este a\u00f1o, el Hospital Regional Coyhaique ha debido hospitalizar a 30 personas que consultaron por problemas de salud asociados a enfermedades respiratorias graves, situaci\u00f3n que est\u00e1 siendo monitoreada desde los equipos de epidemiolog\u00eda, debido a que las constantes que se reiteran son la prevalencia de casos por COVID-19 y los esquemas de vacunaci\u00f3n incompletos o sin vacunas por parte de los pacientes.\u00a0 Situaci\u00f3n que se traduce en un fuerte llamado al autocuidado por parte de los equipos de salud hacia la comunidad, con la finalidad de reiterar la importancia de acceder a los procesos de vacunaci\u00f3n para enfrentar de mejor forma la llegada del pr\u00f3ximo invierno.<\/p>\n<p style=\"text-align: justify;\">As\u00ed lo manifest\u00f3 el Epidemi\u00f3logo de la Seremi de Salud, Marco Acu\u00f1a Briones, quien fue enf\u00e1tico en manifestar que el virus del COVID-19 contin\u00faa presente en la mayor\u00eda de los casos que consultan en los centros de salud por enfermedades respiratorias. \u201cEl COVID-19 no ha concluido, de hecho en los tres primeros meses de este a\u00f1o hemos tenido 30 personas hospitalizadas con neumon\u00eda grave, una de las cosas que nos preocupa es que de los 05 ni\u00f1os hospitalizados, ninguno de ellos ten\u00eda sus vacunas COVID-19 vigentes; y en el caso de los adultos mayores de 65 a\u00f1os y m\u00e1s, que fueron 21, solo 10 de ellos estaban vacunados\u201d.<\/p>\n<p style=\"text-align: justify;\">Asimismo, el epidemi\u00f3logo manifest\u00f3 que la vacuna contra el COVID-19 contribuye a la prevenci\u00f3n de enfermedades respiratorias. \u201cLa neumon\u00eda grave se puede prevenir con una vacunaci\u00f3n oportuna, y ahora que estamos pr\u00f3ximos a iniciar los procesos de vacunaci\u00f3n estacional en la regi\u00f3n, queremos hacer un llamado especialmente a los padres, y a las familias de adultos mayores, a preocuparse de estas personas que son los m\u00e1s vulnerables de contraer una enfermedad grave, e incluso fallecer\u201d.<\/p>\n<p style=\"text-align: justify;\">Finalmente, la Seremi de Salud, Carmen Monsalve G\u00f3mez, tras cumplir un recorrido por la zona sur de la regi\u00f3n donde se procedi\u00f3 a la vacunaci\u00f3n de personal de carabineros y bomberos de Puerto Guadal, hizo un llamado a la comunidad para que se acerque a los centros de salud y acceda a la vacuna contra el COVID-19. \u201cComo Ministerio de Salud estamos preocupados de que nuestra comunidad se proteja tempranamente de las enfermedades respiratorias.\u00a0 En la regi\u00f3n de Ays\u00e9n, del total de personas afectadas por cuadros respiratorios graves que han sido hospitalizadas, m\u00e1s de un 70% no contaba con su esquema de vacunaci\u00f3n al d\u00eda, es por eso que el llamado de las autoridades es incentivar a la comunidad que acuda a los centros de salud y acceda a su vacuna contra el COVID-19, y si tiene dudas respecto de la fecha en que le toca su dosis, puede consultarlo en la p\u00e1gina www.mevacuno.cl\u201d<\/p>\n<p style=\"text-align: justify;\">Para mayor informaci\u00f3n respecto de los esquemas de vacunaci\u00f3n y fechas de inoculaci\u00f3n, se puede ingresar a <a href=\"http:\/\/www.mevacuno.cl\">www.mevacuno.cl<\/a> adem\u00e1s de acceder a los puntos de vacunaci\u00f3n disponibles.<\/p>\n<\/div><\/section><\/div><div  style='height:50px' class='hr hr-invisible   avia-builder-el-6  el_after_av_one_full  el_before_av_social_share '><span class='hr-inner ' ><span class='hr-inner-style'><\/span><\/span><\/div><\/p>\n<div  class='av-social-sharing-box  avia-builder-el-7  el_after_av_hr  el_before_av_hr  '><div class='av-share-box'><h5 class='av-share-link-description av-no-toc '>Compartir esta noticia<\/h5><ul class='av-share-box-list noLightbox'><li class='av-share-link av-social-link-facebook' ><a target=\"_blank\" aria-label=\"Compartir en Facebook\" href='https:\/\/www.facebook.com\/sharer.php?u=https:\/\/radiorevelacionfm.cl\/?p=40214&#038;t=Con%20fuerte%20llamado%20a%20vacunarse%20contra%20el%20COVID%2019%20buscan%20prevenir%20aumento%20de%20enfermedades%20respiratorias%20en%20Ays%C3%A9n' aria-hidden='false' data-av_icon='\ue8f3' data-av_iconfont='entypo-fontello' title='' data-avia-related-tooltip='Compartir en Facebook' rel=\"noopener\"><span class='avia_hidden_link_text'>Compartir en Facebook<\/span><\/a><\/li><li class='av-share-link av-social-link-twitter' ><a target=\"_blank\" aria-label=\"Compartir en Twitter\" href='https:\/\/twitter.com\/share?text=Con%20fuerte%20llamado%20a%20vacunarse%20contra%20el%20COVID%2019%20buscan%20prevenir%20aumento%20de%20enfermedades%20respiratorias%20en%20Ays%C3%A9n&#038;url=https:\/\/radiorevelacionfm.cl\/?p=40214' aria-hidden='false' data-av_icon='\ue8f1' data-av_iconfont='entypo-fontello' title='' data-avia-related-tooltip='Compartir en Twitter' rel=\"noopener\"><span class='avia_hidden_link_text'>Compartir en Twitter<\/span><\/a><\/li><li class='av-share-link av-social-link-whatsapp' ><a target=\"_blank\" aria-label=\"Compartir en Whatsapp\" href='https:\/\/api.whatsapp.com\/send?text=https:\/\/radiorevelacionfm.cl\/?p=40214' aria-hidden='false' data-av_icon='\uf232' data-av_iconfont='entypo-fontello' title='' data-avia-related-tooltip='Compartir en Whatsapp' rel=\"noopener\"><span class='avia_hidden_link_text'>Compartir en Whatsapp<\/span><\/a><\/li><li class='av-share-link av-social-link-linkedin' ><a target=\"_blank\" aria-label=\"Compartir en LinkedIn\" href='https:\/\/linkedin.com\/shareArticle?mini=true&#038;title=Con%20fuerte%20llamado%20a%20vacunarse%20contra%20el%20COVID%2019%20buscan%20prevenir%20aumento%20de%20enfermedades%20respiratorias%20en%20Ays%C3%A9n&#038;url=https:\/\/radiorevelacionfm.cl\/?p=40214' aria-hidden='false' data-av_icon='\ue8fc' data-av_iconfont='entypo-fontello' title='' data-avia-related-tooltip='Compartir en LinkedIn' rel=\"noopener\"><span class='avia_hidden_link_text'>Compartir en LinkedIn<\/span><\/a><\/li><li class='av-share-link av-social-link-mail' ><a  aria-label=\"Compartir por correo\" href='mailto:?subject=Con%20fuerte%20llamado%20a%20vacunarse%20contra%20el%20COVID%2019%20buscan%20prevenir%20aumento%20de%20enfermedades%20respiratorias%20en%20Ays%C3%A9n&#038;body=https:\/\/radiorevelacionfm.cl\/?p=40214' aria-hidden='false' data-av_icon='\ue805' data-av_iconfont='entypo-fontello' title='' data-avia-related-tooltip='Compartir por correo'><span class='avia_hidden_link_text'>Compartir por correo<\/span><\/a><\/li><\/ul><\/div><\/div>\n<div  style='height:50px' class='hr hr-invisible   avia-builder-el-8  el_after_av_social_share  el_before_av_comments_list '><span class='hr-inner ' ><span class='hr-inner-style'><\/span><\/span><\/div>\n<div  class='av-buildercomment  av-blog-meta-html-info-disabled av-blog-meta-tag-disabled  '><\/div>\n","protected":false},"excerpt":{"rendered":"","protected":false},"author":1,"featured_media":40215,"comment_status":"open","ping_status":"open","sticky":false,"template":"","format":"standard","meta":{"footnotes":""},"categories":[46],"tags":[],"class_list":["post-40214","post","type-post","status-publish","format-standard","has-post-thumbnail","hentry","category-salud"],"jetpack_featured_media_url":"https:\/\/radiorevelacionfm.cl\/wp-content\/uploads\/2024\/03\/vacunacion-1-1.jpeg","_links":{"self":[{"href":"https:\/\/radiorevelacionfm.cl\/index.php?rest_route=\/wp\/v2\/posts\/40214","targetHints":{"allow":["GET"]}}],"collection":[{"href":"https:\/\/radiorevelacionfm.cl\/index.php?rest_route=\/wp\/v2\/posts"}],"about":[{"href":"https:\/\/radiorevelacionfm.cl\/index.php?rest_route=\/wp\/v2\/types\/post"}],"author":[{"embeddable":true,"href":"https:\/\/radiorevelacionfm.cl\/index.php?rest_route=\/wp\/v2\/users\/1"}],"replies":[{"embeddable":true,"href":"https:\/\/radiorevelacionfm.cl\/index.php?rest_route=%2Fwp%2Fv2%2Fcomments&post=40214"}],"version-history":[{"count":1,"href":"https:\/\/radiorevelacionfm.cl\/index.php?rest_route=\/wp\/v2\/posts\/40214\/revisions"}],"predecessor-version":[{"id":40216,"href":"https:\/\/radiorevelacionfm.cl\/index.php?rest_route=\/wp\/v2\/posts\/40214\/revisions\/40216"}],"wp:featuredmedia":[{"embeddable":true,"href":"https:\/\/radiorevelacionfm.cl\/index.php?rest_route=\/wp\/v2\/media\/40215"}],"wp:attachment":[{"href":"https:\/\/radiorevelacionfm.cl\/index.php?rest_route=%2Fwp%2Fv2%2Fmedia&parent=40214"}],"wp:term":[{"taxonomy":"category","embeddable":true,"href":"https:\/\/radiorevelacionfm.cl\/index.php?rest_route=%2Fwp%2Fv2%2Fcategories&post=40214"},{"taxonomy":"post_tag","embeddable":true,"href":"https:\/\/radiorevelacionfm.cl\/index.php?rest_route=%2Fwp%2Fv2%2Ftags&post=40214"}],"curies":[{"name":"wp","href":"https:\/\/api.w.org\/{rel}","templated":true}]}}