{"id":40211,"date":"2024-03-10T12:44:27","date_gmt":"2024-03-10T15:44:27","guid":{"rendered":"https:\/\/radiorevelacionfm.cl\/?p=40211"},"modified":"2024-03-10T12:44:27","modified_gmt":"2024-03-10T15:44:27","slug":"entregan-reconocimiento-a-mujeres-del-sector-minero-de-la-region-de-aysen","status":"publish","type":"post","link":"https:\/\/radiorevelacionfm.cl\/?p=40211","title":{"rendered":"Entregan reconocimiento a mujeres del sector minero de la regi\u00f3n de Ays\u00e9n"},"content":{"rendered":"<div class=\"flex_column av_one_full  flex_column_div av-zero-column-padding first  avia-builder-el-0  el_before_av_one_full  avia-builder-el-first  \" style='border-radius:0px; '><div  class='avia-image-container  av-styling-    avia-builder-el-1  avia-builder-el-no-sibling  avia-align-center '  itemprop=\"image\" itemscope=\"itemscope\" itemtype=\"https:\/\/schema.org\/ImageObject\"  ><div class='avia-image-container-inner'><div class='avia-image-overlay-wrap'><img decoding=\"async\" class='wp-image-40212 avia-img-lazy-loading-not-40212 avia_image' src=\"https:\/\/radiorevelacionfm.cl\/wp-content\/uploads\/2024\/03\/img_4051-1-1_optimized-1.jpg\" alt='' title='img_4051-(1)-(1)_optimized (1)' height=\"600\" width=\"1067\"  itemprop=\"thumbnailUrl\" srcset=\"https:\/\/radiorevelacionfm.cl\/wp-content\/uploads\/2024\/03\/img_4051-1-1_optimized-1.jpg 1067w, https:\/\/radiorevelacionfm.cl\/wp-content\/uploads\/2024\/03\/img_4051-1-1_optimized-1-300x169.jpg 300w, https:\/\/radiorevelacionfm.cl\/wp-content\/uploads\/2024\/03\/img_4051-1-1_optimized-1-1030x579.jpg 1030w, https:\/\/radiorevelacionfm.cl\/wp-content\/uploads\/2024\/03\/img_4051-1-1_optimized-1-768x432.jpg 768w, https:\/\/radiorevelacionfm.cl\/wp-content\/uploads\/2024\/03\/img_4051-1-1_optimized-1-705x396.jpg 705w, https:\/\/radiorevelacionfm.cl\/wp-content\/uploads\/2024\/03\/img_4051-1-1_optimized-1-450x253.jpg 450w, https:\/\/radiorevelacionfm.cl\/wp-content\/uploads\/2024\/03\/img_4051-1-1_optimized-1-600x337.jpg 600w\" sizes=\"(max-width: 1067px) 100vw, 1067px\" \/><\/div><\/div><\/div><\/div><div class=\"flex_column av_one_full  flex_column_div av-zero-column-padding first  avia-builder-el-2  el_after_av_one_full  el_before_av_one_full  column-top-margin\" style='border-radius:0px; '><section class=\"av_textblock_section \"  itemscope=\"itemscope\" itemtype=\"https:\/\/schema.org\/BlogPosting\" itemprop=\"blogPost\" ><div class='avia_textblock  '   itemprop=\"text\" ><p style=\"text-align: center;\"><strong><span style=\"font-size: 18pt;\">Entregan reconocimiento a mujeres del sector minero de la regi\u00f3n de Ays\u00e9n<\/span><\/strong><\/p>\n<div id=\"gtx-trans\" style=\"position: absolute; left: -50px; top: 4.31534px;\">\n<div class=\"gtx-trans-icon\"><\/div>\n<\/div>\n<\/div><\/section><\/div><div class=\"flex_column av_one_full  flex_column_div av-zero-column-padding first  avia-builder-el-4  el_after_av_one_full  el_before_av_hr  column-top-margin\" style='border-radius:0px; '><section class=\"av_textblock_section \"  itemscope=\"itemscope\" itemtype=\"https:\/\/schema.org\/BlogPosting\" itemprop=\"blogPost\" ><div class='avia_textblock  '   itemprop=\"text\" ><p dir=\"ltr\" style=\"text-align: justify;\">En el marco de la conmemoraci\u00f3n del D\u00eda Internacional de la Mujer, el pasado viernes 8 de marzo, en la carpa de la Miner\u00eda Ays\u00e9n emplazada en la Expo Patagonia 2024, la Secretar\u00eda Regional Ministerial de Miner\u00eda de la regi\u00f3n, entreg\u00f3 el reconocimiento \u00abMujeres en Miner\u00eda Ays\u00e9n\u00bb, con la finalidad de relevar su destacada contribuci\u00f3n en este \u00e1mbito.<\/p>\n<p dir=\"ltr\" style=\"text-align: justify;\">Al respecto, el seremi de Miner\u00eda Ays\u00e9n, Juan V\u00e1squez, inform\u00f3 sobre este importante hito, que se realiz\u00f3 por primera vez en la regi\u00f3n a las mujeres ligadas a la miner\u00eda. \u00abEstuvimos dando la bienvenida a todos visitantes a la Expo Patagonia en la carpa de la Miner\u00eda y fundamentalmente, reconocimos a 11 mujeres de la Regi\u00f3n de Ays\u00e9n que con su trabajo y perseverancia han aportado a este sector; ellas son mujeres pertenecientes a asociaciones gremiales, servicios p\u00fablicos y empresas privadas. A su vez,\u00a0 estuvimos acompa\u00f1ados por nuestra gobernadora regional, Andrea Mac\u00edas; el delegado presidencial, Rodrigo Araya y tambi\u00e9n distintas autoridades como parlamentarios y consejeros regionales, quienes nos acompa\u00f1aron en esta primera entrega de reconocimiento mujeres en el contexto del 8M\u00bb, enfatiz\u00f3 la autoridad regional.<\/p>\n<p dir=\"ltr\" style=\"text-align: justify;\">En la oportunidad, la artesana Yamilet Burgos, de la agrupaci\u00f3n Ceramistas de la Patagonia de Chile Chico, y quien fue una de las mujeres reconocidas por su contribuci\u00f3n,\u00a0 valor\u00f3 la actividad realizada. \u00abBueno para nosotros es importante el reconocimiento y que nos inviten a todas estas actividades porque as\u00ed damos a conocer lo que estamos haciendo y la artesan\u00eda que hacemos en Chile Chico que es un artesan\u00eda hecha en greda extra\u00edda de los alrededores de Chile Chico\u00bb, puntualiz\u00f3.<\/p>\n<p dir=\"ltr\" style=\"text-align: justify;\">Por su parte, Luc\u00eda Barr\u00eda de la AG de artesanas de R\u00edo Tranquilo indic\u00f3 que es primera vez que recibe un reconocimiento por su labor y contribuci\u00f3n como artesana en m\u00e1rmol. \u00abPrimero que nada gracias al Seremi y a todo su equipo, estoy muy agradecida &#8230;es que no hay palabras&#8230; porque no me esperaba este reconocimiento tan bonito para nosotras las mujeres artesanas y ser valoradas as\u00ed, se agradece\u00bb, se\u00f1al\u00f3<\/p>\n<p dir=\"ltr\" style=\"text-align: justify;\">Las 11 mujeres en miner\u00eda de la regi\u00f3n que recibieron este reconocimiento este 8M son Mar\u00eda Isabel Mansilla Bahamonde, Liliana del Carmen Trivi\u00f1o Contreras, Yamilet Soledad Burgos Espinoza, Vilma Liliana Cariman Rain, Mercedes Tenorio Lagos, Yasna Elgueta Bahamonde, Paulina Labado Vel\u00e1squez, Alba Hern\u00e1ndez Becerra, Luc\u00eda Barria Parada, Constanza Jorquera Flores y Andrea Aguilar S\u00e1nchez.<\/p>\n<p dir=\"ltr\" style=\"text-align: justify;\">Finalmente, cabe se\u00f1alar que a nivel nacional las mujeres acaban de conquistar un hist\u00f3rico 18% de participaci\u00f3n laboral en la miner\u00eda y se espera que esta cifra vaya creciendo.<\/p>\n<\/div><\/section><\/div><div  style='height:50px' class='hr hr-invisible   avia-builder-el-6  el_after_av_one_full  el_before_av_social_share '><span class='hr-inner ' ><span class='hr-inner-style'><\/span><\/span><\/div><\/p>\n<div  class='av-social-sharing-box  avia-builder-el-7  el_after_av_hr  el_before_av_hr  '><div class='av-share-box'><h5 class='av-share-link-description av-no-toc '>Compartir esta noticia<\/h5><ul class='av-share-box-list noLightbox'><li class='av-share-link av-social-link-facebook' ><a target=\"_blank\" aria-label=\"Compartir en Facebook\" href='https:\/\/www.facebook.com\/sharer.php?u=https:\/\/radiorevelacionfm.cl\/?p=40211&#038;t=Entregan%20reconocimiento%20a%20mujeres%20del%20sector%20minero%20de%20la%20regi%C3%B3n%20de%20Ays%C3%A9n' aria-hidden='false' data-av_icon='\ue8f3' data-av_iconfont='entypo-fontello' title='' data-avia-related-tooltip='Compartir en Facebook' rel=\"noopener\"><span class='avia_hidden_link_text'>Compartir en Facebook<\/span><\/a><\/li><li class='av-share-link av-social-link-twitter' ><a target=\"_blank\" aria-label=\"Compartir en Twitter\" href='https:\/\/twitter.com\/share?text=Entregan%20reconocimiento%20a%20mujeres%20del%20sector%20minero%20de%20la%20regi%C3%B3n%20de%20Ays%C3%A9n&#038;url=https:\/\/radiorevelacionfm.cl\/?p=40211' aria-hidden='false' data-av_icon='\ue8f1' data-av_iconfont='entypo-fontello' title='' data-avia-related-tooltip='Compartir en Twitter' rel=\"noopener\"><span class='avia_hidden_link_text'>Compartir en Twitter<\/span><\/a><\/li><li class='av-share-link av-social-link-whatsapp' ><a target=\"_blank\" aria-label=\"Compartir en Whatsapp\" href='https:\/\/api.whatsapp.com\/send?text=https:\/\/radiorevelacionfm.cl\/?p=40211' aria-hidden='false' data-av_icon='\uf232' data-av_iconfont='entypo-fontello' title='' data-avia-related-tooltip='Compartir en Whatsapp' rel=\"noopener\"><span class='avia_hidden_link_text'>Compartir en Whatsapp<\/span><\/a><\/li><li class='av-share-link av-social-link-linkedin' ><a target=\"_blank\" aria-label=\"Compartir en LinkedIn\" href='https:\/\/linkedin.com\/shareArticle?mini=true&#038;title=Entregan%20reconocimiento%20a%20mujeres%20del%20sector%20minero%20de%20la%20regi%C3%B3n%20de%20Ays%C3%A9n&#038;url=https:\/\/radiorevelacionfm.cl\/?p=40211' aria-hidden='false' data-av_icon='\ue8fc' data-av_iconfont='entypo-fontello' title='' data-avia-related-tooltip='Compartir en LinkedIn' rel=\"noopener\"><span class='avia_hidden_link_text'>Compartir en LinkedIn<\/span><\/a><\/li><li class='av-share-link av-social-link-mail' ><a  aria-label=\"Compartir por correo\" href='mailto:?subject=Entregan%20reconocimiento%20a%20mujeres%20del%20sector%20minero%20de%20la%20regi%C3%B3n%20de%20Ays%C3%A9n&#038;body=https:\/\/radiorevelacionfm.cl\/?p=40211' aria-hidden='false' data-av_icon='\ue805' data-av_iconfont='entypo-fontello' title='' data-avia-related-tooltip='Compartir por correo'><span class='avia_hidden_link_text'>Compartir por correo<\/span><\/a><\/li><\/ul><\/div><\/div>\n<div  style='height:50px' class='hr hr-invisible   avia-builder-el-8  el_after_av_social_share  el_before_av_comments_list '><span class='hr-inner ' ><span class='hr-inner-style'><\/span><\/span><\/div>\n<div  class='av-buildercomment  av-blog-meta-html-info-disabled av-blog-meta-tag-disabled  '><\/div>\n","protected":false},"excerpt":{"rendered":"","protected":false},"author":1,"featured_media":40212,"comment_status":"open","ping_status":"open","sticky":false,"template":"","format":"standard","meta":{"footnotes":""},"categories":[38],"tags":[],"class_list":["post-40211","post","type-post","status-publish","format-standard","has-post-thumbnail","hentry","category-regional"],"jetpack_featured_media_url":"https:\/\/radiorevelacionfm.cl\/wp-content\/uploads\/2024\/03\/img_4051-1-1_optimized-1.jpg","_links":{"self":[{"href":"https:\/\/radiorevelacionfm.cl\/index.php?rest_route=\/wp\/v2\/posts\/40211","targetHints":{"allow":["GET"]}}],"collection":[{"href":"https:\/\/radiorevelacionfm.cl\/index.php?rest_route=\/wp\/v2\/posts"}],"about":[{"href":"https:\/\/radiorevelacionfm.cl\/index.php?rest_route=\/wp\/v2\/types\/post"}],"author":[{"embeddable":true,"href":"https:\/\/radiorevelacionfm.cl\/index.php?rest_route=\/wp\/v2\/users\/1"}],"replies":[{"embeddable":true,"href":"https:\/\/radiorevelacionfm.cl\/index.php?rest_route=%2Fwp%2Fv2%2Fcomments&post=40211"}],"version-history":[{"count":1,"href":"https:\/\/radiorevelacionfm.cl\/index.php?rest_route=\/wp\/v2\/posts\/40211\/revisions"}],"predecessor-version":[{"id":40213,"href":"https:\/\/radiorevelacionfm.cl\/index.php?rest_route=\/wp\/v2\/posts\/40211\/revisions\/40213"}],"wp:featuredmedia":[{"embeddable":true,"href":"https:\/\/radiorevelacionfm.cl\/index.php?rest_route=\/wp\/v2\/media\/40212"}],"wp:attachment":[{"href":"https:\/\/radiorevelacionfm.cl\/index.php?rest_route=%2Fwp%2Fv2%2Fmedia&parent=40211"}],"wp:term":[{"taxonomy":"category","embeddable":true,"href":"https:\/\/radiorevelacionfm.cl\/index.php?rest_route=%2Fwp%2Fv2%2Fcategories&post=40211"},{"taxonomy":"post_tag","embeddable":true,"href":"https:\/\/radiorevelacionfm.cl\/index.php?rest_route=%2Fwp%2Fv2%2Ftags&post=40211"}],"curies":[{"name":"wp","href":"https:\/\/api.w.org\/{rel}","templated":true}]}}