{"id":40196,"date":"2024-03-08T20:54:03","date_gmt":"2024-03-08T23:54:03","guid":{"rendered":"https:\/\/radiorevelacionfm.cl\/?p=40196"},"modified":"2024-03-08T20:54:03","modified_gmt":"2024-03-08T23:54:03","slug":"carabineros-detuvo-por-tercera-vez-en-menos-de-una-semana-a-sujeto-vinculado-a-diversos-hechos-delictuales","status":"publish","type":"post","link":"https:\/\/radiorevelacionfm.cl\/?p=40196","title":{"rendered":"Carabineros detuvo por tercera vez en menos de una semana a sujeto vinculado a diversos hechos delictuales"},"content":{"rendered":"<div class=\"flex_column av_one_full  flex_column_div av-zero-column-padding first  avia-builder-el-0  el_before_av_one_full  avia-builder-el-first  \" style='border-radius:0px; '><div  class='avia-image-container  av-styling-    avia-builder-el-1  avia-builder-el-no-sibling  avia-align-center '  itemprop=\"image\" itemscope=\"itemscope\" itemtype=\"https:\/\/schema.org\/ImageObject\"  ><div class='avia-image-container-inner'><div class='avia-image-overlay-wrap'><img decoding=\"async\" class='wp-image-40197 avia-img-lazy-loading-not-40197 avia_image' src=\"https:\/\/radiorevelacionfm.cl\/wp-content\/uploads\/2024\/03\/66c59164-e756-4202-a6ae-5b2cfc7722dc-1_optimized.jpg\" alt='' title='66c59164-e756-4202-a6ae-5b2cfc7722dc-(1)_optimized' height=\"600\" width=\"800\"  itemprop=\"thumbnailUrl\" srcset=\"https:\/\/radiorevelacionfm.cl\/wp-content\/uploads\/2024\/03\/66c59164-e756-4202-a6ae-5b2cfc7722dc-1_optimized.jpg 800w, https:\/\/radiorevelacionfm.cl\/wp-content\/uploads\/2024\/03\/66c59164-e756-4202-a6ae-5b2cfc7722dc-1_optimized-300x225.jpg 300w, https:\/\/radiorevelacionfm.cl\/wp-content\/uploads\/2024\/03\/66c59164-e756-4202-a6ae-5b2cfc7722dc-1_optimized-768x576.jpg 768w, https:\/\/radiorevelacionfm.cl\/wp-content\/uploads\/2024\/03\/66c59164-e756-4202-a6ae-5b2cfc7722dc-1_optimized-705x529.jpg 705w, https:\/\/radiorevelacionfm.cl\/wp-content\/uploads\/2024\/03\/66c59164-e756-4202-a6ae-5b2cfc7722dc-1_optimized-450x338.jpg 450w, https:\/\/radiorevelacionfm.cl\/wp-content\/uploads\/2024\/03\/66c59164-e756-4202-a6ae-5b2cfc7722dc-1_optimized-600x450.jpg 600w\" sizes=\"(max-width: 800px) 100vw, 800px\" \/><\/div><\/div><\/div><\/div><div class=\"flex_column av_one_full  flex_column_div av-zero-column-padding first  avia-builder-el-2  el_after_av_one_full  el_before_av_one_full  column-top-margin\" style='border-radius:0px; '><section class=\"av_textblock_section \"  itemscope=\"itemscope\" itemtype=\"https:\/\/schema.org\/BlogPosting\" itemprop=\"blogPost\" ><div class='avia_textblock  '   itemprop=\"text\" ><p style=\"text-align: center;\"><strong><span style=\"font-size: 18pt;\">Carabineros detuvo por tercera vez en menos de una semana a sujeto vinculado a diversos hechos delictuales<\/span><\/strong><\/p>\n<div id=\"gtx-trans\" style=\"position: absolute; left: -50px; top: 4.31534px;\">\n<div class=\"gtx-trans-icon\"><\/div>\n<\/div>\n<\/div><\/section><\/div><div class=\"flex_column av_one_full  flex_column_div av-zero-column-padding first  avia-builder-el-4  el_after_av_one_full  el_before_av_hr  column-top-margin\" style='border-radius:0px; '><section class=\"av_textblock_section \"  itemscope=\"itemscope\" itemtype=\"https:\/\/schema.org\/BlogPosting\" itemprop=\"blogPost\" ><div class='avia_textblock  '   itemprop=\"text\" ><p style=\"text-align: justify;\"><em>El sujeto ha sido vinculado al robo que sufri\u00f3 el Club Deportivo Baquedano, un local de Valle Simpson y Chile Chico.<\/em><\/p>\n<p style=\"text-align: justify;\">Por tercera vez consecutiva -en menos de una semana- Carabineros de Coyhaique detuvo nuevamente en esta jornada a sujeto, quien -en primera instancia- fue denunciado por vecinos por porte de arma de fuego en calle Eusebio Lillo de esta ciudad, siendo capturado por orden de aprehensi\u00f3n pendiente.<\/p>\n<p style=\"text-align: justify;\">El Comisario de esta Unidad, Mayor Gerardo Gonz\u00e1lez, indic\u00f3 que en horas de la ma\u00f1ana la Central de Comunicaciones (Cenco) recibi\u00f3 a trav\u00e9s del nivel de emergencias 133 un comunicado en que una persona se\u00f1al\u00f3 que un sujeto portaba dicho elemento en la v\u00eda p\u00fablica.<\/p>\n<p style=\"text-align: justify;\">\u00abCarabineros se dirigi\u00f3 r\u00e1pidamente al lugar y al efectuar la revisi\u00f3n de sus vestimentas, este portaba un arma de juguete, tras lo cual fue trasladado a la Unidad para un control de identidad preventivo. Ya en la Comisar\u00eda, personal de la Secci\u00f3n de Investigaci\u00f3n Policial (SIP) logr\u00f3 identificar a esta persona, quien ha estado vinculado a diversos delitos durante los \u00faltimos siete d\u00edas en la regi\u00f3n\u00bb, expres\u00f3 el Oficial.<\/p>\n<p style=\"text-align: justify;\">\u00abDe hecho, Carabineros detuvo a esta persona producto de robo que sufri\u00f3 el Club Deportivo Baquedano de nuestra comuna. Esta persona qued\u00f3 en libertad y se encontrar\u00eda asociado a delitos que ocurrieron tanto en El Blanco (Valle Simpson) como en Chile Chico\u00bb, complement\u00f3 el Mayor Gonz\u00e1lez.<\/p>\n<p style=\"text-align: justify;\">Se trata de una persona que registra 14 detenciones previas por variados delitos, entre los que se encuentran robos de diversa \u00edndole, robo con violencia, robo con intimidaci\u00f3n, hurtos y violencia intrafamiliar entre otros delitos.<\/p>\n<p style=\"text-align: justify;\">\u00abRegistra detenciones desde el a\u00f1o 2022 (&#8230;) y ven\u00eda cometiendo estos delitos desde el norte del pa\u00eds y actualmente estaba operando en nuestra regi\u00f3n\u00bb, indic\u00f3 el Comisario.<\/p>\n<p style=\"text-align: justify;\">Por instrucci\u00f3n de la Fiscal\u00eda, el sujeto y los antecedentes del procedimiento fueron remitidos a la PDI en virtud de una orden de detenci\u00f3n pendiente e investigaci\u00f3n que se encuentra diligenciando la polic\u00eda civil.<\/p>\n<\/div><\/section><\/div><div  style='height:50px' class='hr hr-invisible   avia-builder-el-6  el_after_av_one_full  el_before_av_social_share '><span class='hr-inner ' ><span class='hr-inner-style'><\/span><\/span><\/div><\/p>\n<div  class='av-social-sharing-box  avia-builder-el-7  el_after_av_hr  el_before_av_hr  '><div class='av-share-box'><h5 class='av-share-link-description av-no-toc '>Compartir esta noticia<\/h5><ul class='av-share-box-list noLightbox'><li class='av-share-link av-social-link-facebook' ><a target=\"_blank\" aria-label=\"Compartir en Facebook\" href='https:\/\/www.facebook.com\/sharer.php?u=https:\/\/radiorevelacionfm.cl\/?p=40196&#038;t=Carabineros%20detuvo%20por%20tercera%20vez%20en%20menos%20de%20una%20semana%20a%20sujeto%20vinculado%20a%20diversos%20hechos%20delictuales' aria-hidden='false' data-av_icon='\ue8f3' data-av_iconfont='entypo-fontello' title='' data-avia-related-tooltip='Compartir en Facebook' rel=\"noopener\"><span class='avia_hidden_link_text'>Compartir en Facebook<\/span><\/a><\/li><li class='av-share-link av-social-link-twitter' ><a target=\"_blank\" aria-label=\"Compartir en Twitter\" href='https:\/\/twitter.com\/share?text=Carabineros%20detuvo%20por%20tercera%20vez%20en%20menos%20de%20una%20semana%20a%20sujeto%20vinculado%20a%20diversos%20hechos%20delictuales&#038;url=https:\/\/radiorevelacionfm.cl\/?p=40196' aria-hidden='false' data-av_icon='\ue8f1' data-av_iconfont='entypo-fontello' title='' data-avia-related-tooltip='Compartir en Twitter' rel=\"noopener\"><span class='avia_hidden_link_text'>Compartir en Twitter<\/span><\/a><\/li><li class='av-share-link av-social-link-whatsapp' ><a target=\"_blank\" aria-label=\"Compartir en Whatsapp\" href='https:\/\/api.whatsapp.com\/send?text=https:\/\/radiorevelacionfm.cl\/?p=40196' aria-hidden='false' data-av_icon='\uf232' data-av_iconfont='entypo-fontello' title='' data-avia-related-tooltip='Compartir en Whatsapp' rel=\"noopener\"><span class='avia_hidden_link_text'>Compartir en Whatsapp<\/span><\/a><\/li><li class='av-share-link av-social-link-linkedin' ><a target=\"_blank\" aria-label=\"Compartir en LinkedIn\" href='https:\/\/linkedin.com\/shareArticle?mini=true&#038;title=Carabineros%20detuvo%20por%20tercera%20vez%20en%20menos%20de%20una%20semana%20a%20sujeto%20vinculado%20a%20diversos%20hechos%20delictuales&#038;url=https:\/\/radiorevelacionfm.cl\/?p=40196' aria-hidden='false' data-av_icon='\ue8fc' data-av_iconfont='entypo-fontello' title='' data-avia-related-tooltip='Compartir en LinkedIn' rel=\"noopener\"><span class='avia_hidden_link_text'>Compartir en LinkedIn<\/span><\/a><\/li><li class='av-share-link av-social-link-mail' ><a  aria-label=\"Compartir por correo\" href='mailto:?subject=Carabineros%20detuvo%20por%20tercera%20vez%20en%20menos%20de%20una%20semana%20a%20sujeto%20vinculado%20a%20diversos%20hechos%20delictuales&#038;body=https:\/\/radiorevelacionfm.cl\/?p=40196' aria-hidden='false' data-av_icon='\ue805' data-av_iconfont='entypo-fontello' title='' data-avia-related-tooltip='Compartir por correo'><span class='avia_hidden_link_text'>Compartir por correo<\/span><\/a><\/li><\/ul><\/div><\/div>\n<div  style='height:50px' class='hr hr-invisible   avia-builder-el-8  el_after_av_social_share  el_before_av_comments_list '><span class='hr-inner ' ><span class='hr-inner-style'><\/span><\/span><\/div>\n<div  class='av-buildercomment  av-blog-meta-html-info-disabled av-blog-meta-tag-disabled  '><\/div>\n","protected":false},"excerpt":{"rendered":"","protected":false},"author":1,"featured_media":40197,"comment_status":"open","ping_status":"open","sticky":false,"template":"","format":"standard","meta":{"footnotes":""},"categories":[36],"tags":[],"class_list":["post-40196","post","type-post","status-publish","format-standard","has-post-thumbnail","hentry","category-policial"],"jetpack_featured_media_url":"https:\/\/radiorevelacionfm.cl\/wp-content\/uploads\/2024\/03\/66c59164-e756-4202-a6ae-5b2cfc7722dc-1_optimized.jpg","_links":{"self":[{"href":"https:\/\/radiorevelacionfm.cl\/index.php?rest_route=\/wp\/v2\/posts\/40196","targetHints":{"allow":["GET"]}}],"collection":[{"href":"https:\/\/radiorevelacionfm.cl\/index.php?rest_route=\/wp\/v2\/posts"}],"about":[{"href":"https:\/\/radiorevelacionfm.cl\/index.php?rest_route=\/wp\/v2\/types\/post"}],"author":[{"embeddable":true,"href":"https:\/\/radiorevelacionfm.cl\/index.php?rest_route=\/wp\/v2\/users\/1"}],"replies":[{"embeddable":true,"href":"https:\/\/radiorevelacionfm.cl\/index.php?rest_route=%2Fwp%2Fv2%2Fcomments&post=40196"}],"version-history":[{"count":1,"href":"https:\/\/radiorevelacionfm.cl\/index.php?rest_route=\/wp\/v2\/posts\/40196\/revisions"}],"predecessor-version":[{"id":40198,"href":"https:\/\/radiorevelacionfm.cl\/index.php?rest_route=\/wp\/v2\/posts\/40196\/revisions\/40198"}],"wp:featuredmedia":[{"embeddable":true,"href":"https:\/\/radiorevelacionfm.cl\/index.php?rest_route=\/wp\/v2\/media\/40197"}],"wp:attachment":[{"href":"https:\/\/radiorevelacionfm.cl\/index.php?rest_route=%2Fwp%2Fv2%2Fmedia&parent=40196"}],"wp:term":[{"taxonomy":"category","embeddable":true,"href":"https:\/\/radiorevelacionfm.cl\/index.php?rest_route=%2Fwp%2Fv2%2Fcategories&post=40196"},{"taxonomy":"post_tag","embeddable":true,"href":"https:\/\/radiorevelacionfm.cl\/index.php?rest_route=%2Fwp%2Fv2%2Ftags&post=40196"}],"curies":[{"name":"wp","href":"https:\/\/api.w.org\/{rel}","templated":true}]}}