{"id":40193,"date":"2024-03-08T20:40:21","date_gmt":"2024-03-08T23:40:21","guid":{"rendered":"https:\/\/radiorevelacionfm.cl\/?p=40193"},"modified":"2024-03-08T20:40:21","modified_gmt":"2024-03-08T23:40:21","slug":"confirman-fallecimiento-de-adolescente-de-16-anos-que-cayo-a-las-aguas-del-rio-aysen","status":"publish","type":"post","link":"https:\/\/radiorevelacionfm.cl\/?p=40193","title":{"rendered":"Confirman fallecimiento de adolescente de 16 a\u00f1os que cay\u00f3 a las aguas del R\u00edo Ays\u00e9n"},"content":{"rendered":"<div class=\"flex_column av_one_full  flex_column_div av-zero-column-padding first  avia-builder-el-0  el_before_av_one_full  avia-builder-el-first  \" style='border-radius:0px; '><div  class='avia-image-container  av-styling-    avia-builder-el-1  avia-builder-el-no-sibling  avia-align-center '  itemprop=\"image\" itemscope=\"itemscope\" itemtype=\"https:\/\/schema.org\/ImageObject\"  ><div class='avia-image-container-inner'><div class='avia-image-overlay-wrap'><img decoding=\"async\" class='wp-image-40194 avia-img-lazy-loading-not-40194 avia_image' src=\"https:\/\/radiorevelacionfm.cl\/wp-content\/uploads\/2024\/03\/Aysen-08.03.24-1-1.jpg\" alt='' title='Aysen 08.03.24 (1) (1)' height=\"600\" width=\"708\"  itemprop=\"thumbnailUrl\" srcset=\"https:\/\/radiorevelacionfm.cl\/wp-content\/uploads\/2024\/03\/Aysen-08.03.24-1-1.jpg 708w, https:\/\/radiorevelacionfm.cl\/wp-content\/uploads\/2024\/03\/Aysen-08.03.24-1-1-300x254.jpg 300w, https:\/\/radiorevelacionfm.cl\/wp-content\/uploads\/2024\/03\/Aysen-08.03.24-1-1-705x597.jpg 705w, https:\/\/radiorevelacionfm.cl\/wp-content\/uploads\/2024\/03\/Aysen-08.03.24-1-1-450x381.jpg 450w, https:\/\/radiorevelacionfm.cl\/wp-content\/uploads\/2024\/03\/Aysen-08.03.24-1-1-600x508.jpg 600w\" sizes=\"(max-width: 708px) 100vw, 708px\" \/><\/div><\/div><\/div><\/div><div class=\"flex_column av_one_full  flex_column_div av-zero-column-padding first  avia-builder-el-2  el_after_av_one_full  el_before_av_one_full  column-top-margin\" style='border-radius:0px; '><section class=\"av_textblock_section \"  itemscope=\"itemscope\" itemtype=\"https:\/\/schema.org\/BlogPosting\" itemprop=\"blogPost\" ><div class='avia_textblock  '   itemprop=\"text\" ><p style=\"text-align: center;\"><strong><span style=\"font-size: 18pt;\">Confirman fallecimiento de adolescente de 16 a\u00f1os que cay\u00f3 a las aguas del R\u00edo Ays\u00e9n<\/span><\/strong><\/p>\n<div id=\"gtx-trans\" style=\"position: absolute; left: -50px; top: 4.31534px;\">\n<div class=\"gtx-trans-icon\"><\/div>\n<\/div>\n<\/div><\/section><\/div><div class=\"flex_column av_one_full  flex_column_div av-zero-column-padding first  avia-builder-el-4  el_after_av_one_full  el_before_av_hr  column-top-margin\" style='border-radius:0px; '><section class=\"av_textblock_section \"  itemscope=\"itemscope\" itemtype=\"https:\/\/schema.org\/BlogPosting\" itemprop=\"blogPost\" ><div class='avia_textblock  '   itemprop=\"text\" ><p style=\"text-align: justify;\">Un tr\u00e1gico hecho se produjo la tarde de este viernes 08 de marzo en la ciudad de Puerto Ays\u00e9n.<\/p>\n<p style=\"text-align: justify;\">En horas de la tarde, se activ\u00f3 en ABC de la Emergencia dando cuenta que un joven hab\u00eda ca\u00eddo a las aguas del R\u00edo Ays\u00e9n, r\u00e1pidamente se activ\u00f3 el protocolo de b\u00fasqueda con personal especializado de Bomberos, equipo GERSA, Carabineros y voluntarios, tras una ardua b\u00fasqueda logr\u00f3 ser localizado el cuerpo, siendo rescatado desde las aguas, procediendo a las maniobras de reanimaci\u00f3n.<\/p>\n<p style=\"text-align: justify;\">Se trata de un adolescente de 16 a\u00f1os, quien habr\u00eda ca\u00eddo accidentalmente al r\u00edo, y pese a que inicialmente el rescate fue exitoso y se aplicaron labores de reanimaci\u00f3n, siendo trasladado por personal de Salud hasta el Hospital de Puerto Ays\u00e9n, horas m\u00e1s tarde se confirm\u00f3 que el adolescente falleci\u00f3, pese a todos los esfuerzos desplegados y la atenci\u00f3n m\u00e9dica recibida para salvarle la vida.<\/p>\n<p style=\"text-align: justify;\">De acuerdo a informaci\u00f3n entregada por el comandante de Bomberos, Alex Mauret, se\u00f1al\u00f3 \u00abfuimos alertados de un menor que se habr\u00eda precipitado a las aguas del R\u00edo Ays\u00e9n, de acuerdo a lo que hemos recopilado en el \u00faltimo minuto, aparentemente \u00e9l sufri\u00f3 una ca\u00edda, no tenemos la versi\u00f3n oficial todav\u00eda. Lo que s\u00ed, se actu\u00f3 r\u00e1pidamente, logramos recuperarlo velozmente y ya una vez que se tom\u00f3 contacto con el menor, personal de rescate lo subi\u00f3 a bordo del bote y comenzaron los trabajos de reanimaci\u00f3n\u00bb.<\/p>\n<p style=\"text-align: justify;\">Posteriormente fue entregado a personal de SAMU y trasladado al hospital local, se\u00f1al\u00f3.<\/p>\n<p>Finalmente los antecedentes fueron puestos a disposici\u00f3n de la Fiscal\u00eda para su investigaci\u00f3n.<\/p>\n<\/div><\/section><\/div><div  style='height:50px' class='hr hr-invisible   avia-builder-el-6  el_after_av_one_full  el_before_av_social_share '><span class='hr-inner ' ><span class='hr-inner-style'><\/span><\/span><\/div><\/p>\n<div  class='av-social-sharing-box  avia-builder-el-7  el_after_av_hr  el_before_av_hr  '><div class='av-share-box'><h5 class='av-share-link-description av-no-toc '>Compartir esta noticia<\/h5><ul class='av-share-box-list noLightbox'><li class='av-share-link av-social-link-facebook' ><a target=\"_blank\" aria-label=\"Compartir en Facebook\" href='https:\/\/www.facebook.com\/sharer.php?u=https:\/\/radiorevelacionfm.cl\/?p=40193&#038;t=Confirman%20fallecimiento%20de%20adolescente%20de%2016%20a%C3%B1os%20que%20cay%C3%B3%20a%20las%20aguas%20del%20R%C3%ADo%20Ays%C3%A9n' aria-hidden='false' data-av_icon='\ue8f3' data-av_iconfont='entypo-fontello' title='' data-avia-related-tooltip='Compartir en Facebook' rel=\"noopener\"><span class='avia_hidden_link_text'>Compartir en Facebook<\/span><\/a><\/li><li class='av-share-link av-social-link-twitter' ><a target=\"_blank\" aria-label=\"Compartir en Twitter\" href='https:\/\/twitter.com\/share?text=Confirman%20fallecimiento%20de%20adolescente%20de%2016%20a%C3%B1os%20que%20cay%C3%B3%20a%20las%20aguas%20del%20R%C3%ADo%20Ays%C3%A9n&#038;url=https:\/\/radiorevelacionfm.cl\/?p=40193' aria-hidden='false' data-av_icon='\ue8f1' data-av_iconfont='entypo-fontello' title='' data-avia-related-tooltip='Compartir en Twitter' rel=\"noopener\"><span class='avia_hidden_link_text'>Compartir en Twitter<\/span><\/a><\/li><li class='av-share-link av-social-link-whatsapp' ><a target=\"_blank\" aria-label=\"Compartir en Whatsapp\" href='https:\/\/api.whatsapp.com\/send?text=https:\/\/radiorevelacionfm.cl\/?p=40193' aria-hidden='false' data-av_icon='\uf232' data-av_iconfont='entypo-fontello' title='' data-avia-related-tooltip='Compartir en Whatsapp' rel=\"noopener\"><span class='avia_hidden_link_text'>Compartir en Whatsapp<\/span><\/a><\/li><li class='av-share-link av-social-link-linkedin' ><a target=\"_blank\" aria-label=\"Compartir en LinkedIn\" href='https:\/\/linkedin.com\/shareArticle?mini=true&#038;title=Confirman%20fallecimiento%20de%20adolescente%20de%2016%20a%C3%B1os%20que%20cay%C3%B3%20a%20las%20aguas%20del%20R%C3%ADo%20Ays%C3%A9n&#038;url=https:\/\/radiorevelacionfm.cl\/?p=40193' aria-hidden='false' data-av_icon='\ue8fc' data-av_iconfont='entypo-fontello' title='' data-avia-related-tooltip='Compartir en LinkedIn' rel=\"noopener\"><span class='avia_hidden_link_text'>Compartir en LinkedIn<\/span><\/a><\/li><li class='av-share-link av-social-link-mail' ><a  aria-label=\"Compartir por correo\" href='mailto:?subject=Confirman%20fallecimiento%20de%20adolescente%20de%2016%20a%C3%B1os%20que%20cay%C3%B3%20a%20las%20aguas%20del%20R%C3%ADo%20Ays%C3%A9n&#038;body=https:\/\/radiorevelacionfm.cl\/?p=40193' aria-hidden='false' data-av_icon='\ue805' data-av_iconfont='entypo-fontello' title='' data-avia-related-tooltip='Compartir por correo'><span class='avia_hidden_link_text'>Compartir por correo<\/span><\/a><\/li><\/ul><\/div><\/div>\n<div  style='height:50px' class='hr hr-invisible   avia-builder-el-8  el_after_av_social_share  el_before_av_comments_list '><span class='hr-inner ' ><span class='hr-inner-style'><\/span><\/span><\/div>\n<div  class='av-buildercomment  av-blog-meta-html-info-disabled av-blog-meta-tag-disabled  '><\/div>\n","protected":false},"excerpt":{"rendered":"","protected":false},"author":1,"featured_media":40194,"comment_status":"open","ping_status":"open","sticky":false,"template":"","format":"standard","meta":{"footnotes":""},"categories":[38],"tags":[],"class_list":["post-40193","post","type-post","status-publish","format-standard","has-post-thumbnail","hentry","category-regional"],"jetpack_featured_media_url":"https:\/\/radiorevelacionfm.cl\/wp-content\/uploads\/2024\/03\/Aysen-08.03.24-1-1.jpg","_links":{"self":[{"href":"https:\/\/radiorevelacionfm.cl\/index.php?rest_route=\/wp\/v2\/posts\/40193","targetHints":{"allow":["GET"]}}],"collection":[{"href":"https:\/\/radiorevelacionfm.cl\/index.php?rest_route=\/wp\/v2\/posts"}],"about":[{"href":"https:\/\/radiorevelacionfm.cl\/index.php?rest_route=\/wp\/v2\/types\/post"}],"author":[{"embeddable":true,"href":"https:\/\/radiorevelacionfm.cl\/index.php?rest_route=\/wp\/v2\/users\/1"}],"replies":[{"embeddable":true,"href":"https:\/\/radiorevelacionfm.cl\/index.php?rest_route=%2Fwp%2Fv2%2Fcomments&post=40193"}],"version-history":[{"count":1,"href":"https:\/\/radiorevelacionfm.cl\/index.php?rest_route=\/wp\/v2\/posts\/40193\/revisions"}],"predecessor-version":[{"id":40195,"href":"https:\/\/radiorevelacionfm.cl\/index.php?rest_route=\/wp\/v2\/posts\/40193\/revisions\/40195"}],"wp:featuredmedia":[{"embeddable":true,"href":"https:\/\/radiorevelacionfm.cl\/index.php?rest_route=\/wp\/v2\/media\/40194"}],"wp:attachment":[{"href":"https:\/\/radiorevelacionfm.cl\/index.php?rest_route=%2Fwp%2Fv2%2Fmedia&parent=40193"}],"wp:term":[{"taxonomy":"category","embeddable":true,"href":"https:\/\/radiorevelacionfm.cl\/index.php?rest_route=%2Fwp%2Fv2%2Fcategories&post=40193"},{"taxonomy":"post_tag","embeddable":true,"href":"https:\/\/radiorevelacionfm.cl\/index.php?rest_route=%2Fwp%2Fv2%2Ftags&post=40193"}],"curies":[{"name":"wp","href":"https:\/\/api.w.org\/{rel}","templated":true}]}}