{"id":40190,"date":"2024-03-09T19:59:59","date_gmt":"2024-03-09T22:59:59","guid":{"rendered":"https:\/\/radiorevelacionfm.cl\/?p=40190"},"modified":"2024-03-09T19:59:59","modified_gmt":"2024-03-09T22:59:59","slug":"invitan-a-encuentro-ciudadano-mejores-pensiones-para-chile-con-ministra-jeannette-jara","status":"publish","type":"post","link":"https:\/\/radiorevelacionfm.cl\/?p=40190","title":{"rendered":"Invitan a Encuentro Ciudadano \u00abMejores Pensiones para Chile\u00bb con Ministra Jeannette Jara"},"content":{"rendered":"<div class=\"flex_column av_one_full  flex_column_div av-zero-column-padding first  avia-builder-el-0  el_before_av_one_full  avia-builder-el-first  \" style='border-radius:0px; '><div  class='avia-image-container  av-styling-    avia-builder-el-1  avia-builder-el-no-sibling  avia-align-center '  itemprop=\"image\" itemscope=\"itemscope\" itemtype=\"https:\/\/schema.org\/ImageObject\"  ><div class='avia-image-container-inner'><div class='avia-image-overlay-wrap'><img decoding=\"async\" class='wp-image-40191 avia-img-lazy-loading-not-40191 avia_image' src=\"https:\/\/radiorevelacionfm.cl\/wp-content\/uploads\/2024\/03\/afiche-encuentro-pensiones-1_optimized.jpg\" alt='' title='afiche-encuentro-pensiones-(1)_optimized' height=\"800\" width=\"800\"  itemprop=\"thumbnailUrl\" srcset=\"https:\/\/radiorevelacionfm.cl\/wp-content\/uploads\/2024\/03\/afiche-encuentro-pensiones-1_optimized.jpg 800w, https:\/\/radiorevelacionfm.cl\/wp-content\/uploads\/2024\/03\/afiche-encuentro-pensiones-1_optimized-300x300.jpg 300w, https:\/\/radiorevelacionfm.cl\/wp-content\/uploads\/2024\/03\/afiche-encuentro-pensiones-1_optimized-80x80.jpg 80w, https:\/\/radiorevelacionfm.cl\/wp-content\/uploads\/2024\/03\/afiche-encuentro-pensiones-1_optimized-768x768.jpg 768w, https:\/\/radiorevelacionfm.cl\/wp-content\/uploads\/2024\/03\/afiche-encuentro-pensiones-1_optimized-36x36.jpg 36w, https:\/\/radiorevelacionfm.cl\/wp-content\/uploads\/2024\/03\/afiche-encuentro-pensiones-1_optimized-180x180.jpg 180w, https:\/\/radiorevelacionfm.cl\/wp-content\/uploads\/2024\/03\/afiche-encuentro-pensiones-1_optimized-705x705.jpg 705w, https:\/\/radiorevelacionfm.cl\/wp-content\/uploads\/2024\/03\/afiche-encuentro-pensiones-1_optimized-120x120.jpg 120w, https:\/\/radiorevelacionfm.cl\/wp-content\/uploads\/2024\/03\/afiche-encuentro-pensiones-1_optimized-450x450.jpg 450w, https:\/\/radiorevelacionfm.cl\/wp-content\/uploads\/2024\/03\/afiche-encuentro-pensiones-1_optimized-600x600.jpg 600w, https:\/\/radiorevelacionfm.cl\/wp-content\/uploads\/2024\/03\/afiche-encuentro-pensiones-1_optimized-100x100.jpg 100w\" sizes=\"(max-width: 800px) 100vw, 800px\" \/><\/div><\/div><\/div><\/div><div class=\"flex_column av_one_full  flex_column_div av-zero-column-padding first  avia-builder-el-2  el_after_av_one_full  el_before_av_one_full  column-top-margin\" style='border-radius:0px; '><section class=\"av_textblock_section \"  itemscope=\"itemscope\" itemtype=\"https:\/\/schema.org\/BlogPosting\" itemprop=\"blogPost\" ><div class='avia_textblock  '   itemprop=\"text\" ><p style=\"text-align: center;\"><span style=\"font-size: 18pt;\"><b>Invitan a Encuentro Ciudadano \u00abMejores Pensiones para Chile\u00bb con Ministra Jeannette Jara<\/b><\/span><\/p>\n<div id=\"gtx-trans\" style=\"position: absolute; left: -50px; top: 4.31534px;\">\n<div class=\"gtx-trans-icon\"><\/div>\n<\/div>\n<\/div><\/section><\/div><div class=\"flex_column av_one_full  flex_column_div av-zero-column-padding first  avia-builder-el-4  el_after_av_one_full  el_before_av_hr  column-top-margin\" style='border-radius:0px; '><section class=\"av_textblock_section \"  itemscope=\"itemscope\" itemtype=\"https:\/\/schema.org\/BlogPosting\" itemprop=\"blogPost\" ><div class='avia_textblock  '   itemprop=\"text\" ><p class=\"v1MsoNormal\" style=\"text-align: justify;\">Este lunes 11 de marzo, al cumplirse dos a\u00f1os de Gobierno del Presidente Gabriel Boric, se realizar\u00e1 un encuentro ciudadano \u00abMejores Pensiones para Chile\u00bb, sobre una de las iniciativas m\u00e1s importantes del Gobierno, que contar\u00e1 con la exposici\u00f3n de la Ministra de Trabajo y Previsi\u00f3n Social, Jeannette Jara Rom\u00e1n.<\/p>\n<p class=\"v1MsoNormal\" style=\"text-align: justify;\">El Seremi de Trabajo y Previsi\u00f3n Social, Rodrigo D\u00edaz Cordaro, coment\u00f3 sobre la actividad \u00abComo Gobierno consideramos que ahora es el momento de mejorar pensiones y toda la sociedad tienen claro que hay que mejorar pensiones, no podemos seguir as\u00ed. Hemos realizado en la regi\u00f3n de Ays\u00e9n diversos di\u00e1logos, los \u00faltimos en este verano en Cochrane y Coyhaique. Ahora es importante seguir dialogando, por eso en este encuentro del lunes 11 de marzo viene la Ministra de Trabajo y Previsi\u00f3n Social, Jeannette Jara, donde de primera fuente van a poder aclarar sus dudas y todos los mitos que andan circulando con respecto a la Reforma de Pensiones\u00bb, mencion\u00f3.<\/p>\n<p class=\"v1MsoNormal\" style=\"text-align: justify;\">Adem\u00e1s, destac\u00f3 la necesidad de dialogar, \u00abEs importante el di\u00e1logo, nosotros como Gobierno nos hemos abierto a todos los sectores pol\u00edticos, el Gobierno se abri\u00f3 a nuevas alternativas, con tal de efectivamente lograr beneficios para los pensionados y pensionadas\u00bb.<\/p>\n<p class=\"v1MsoNormal\" style=\"text-align: justify;\">El prop\u00f3sito del encuentro es aclarar dudas, dialogar y mantener informados a los dirigentes sindicales, sociales, gremiales, de adultos mayores y a la comunidad en general.<\/p>\n<p class=\"v1MsoNormal\" style=\"text-align: justify;\">Una de ellas es la presidenta del sindicato \u00abRa\u00edces Obreras Unidos\u00bb de \u00e1reas verdes de Coyhaique, Rosa Saldivia, quien se mostr\u00f3 entusiasmada por informarse e invit\u00f3 a la comunidad, \u00abUna invitaci\u00f3n a toda la gente que pueda asistir a la biblioteca p\u00fablica, para este lunes a las 15 hrs, en el auditorio, para tratar el tema de la Reforma de Pensiones, que es muy importante para todos nosotros\u00bb.<b><i><\/i><\/b><\/p>\n<p class=\"v1MsoNormal\" style=\"text-align: justify;\">El encuentro ciudadano, con convocatoria abierta a toda la comunidad, se realizar\u00e1 el lunes 11 de marzo 2024, a las 15:00 en el auditorio de la Biblioteca Regional, ubicado en calle Cochrane n\u00b0 233, Coyhaique, donde adem\u00e1s se realizar\u00e1 una feria de servicios de la cartera donde los asistentes se podr\u00e1n informar sobre la oferta program\u00e1tica de la\u00a0<span lang=\"ES\">Direcci\u00f3n del Trabajo, DT; Instituto de Previsi\u00f3n Social, IPS ChileAtiende; Servicio Nacional de Capacitaci\u00f3n y Empleo, Sence; Instituto de Seguridad Laboral, ISL y ChileValora, donde adem\u00e1s se invit\u00f3 a Prodemu y a Sernameg al conmemorarse el Mes de la Mujer.<\/span><\/p>\n<\/div><\/section><\/div><div  style='height:50px' class='hr hr-invisible   avia-builder-el-6  el_after_av_one_full  el_before_av_social_share '><span class='hr-inner ' ><span class='hr-inner-style'><\/span><\/span><\/div><\/p>\n<div  class='av-social-sharing-box  avia-builder-el-7  el_after_av_hr  el_before_av_hr  '><div class='av-share-box'><h5 class='av-share-link-description av-no-toc '>Compartir esta noticia<\/h5><ul class='av-share-box-list noLightbox'><li class='av-share-link av-social-link-facebook' ><a target=\"_blank\" aria-label=\"Compartir en Facebook\" href='https:\/\/www.facebook.com\/sharer.php?u=https:\/\/radiorevelacionfm.cl\/?p=40190&#038;t=Invitan%20a%20Encuentro%20Ciudadano%20%C2%ABMejores%20Pensiones%20para%20Chile%C2%BB%20con%20Ministra%20Jeannette%20Jara' aria-hidden='false' data-av_icon='\ue8f3' data-av_iconfont='entypo-fontello' title='' data-avia-related-tooltip='Compartir en Facebook' rel=\"noopener\"><span class='avia_hidden_link_text'>Compartir en Facebook<\/span><\/a><\/li><li class='av-share-link av-social-link-twitter' ><a target=\"_blank\" aria-label=\"Compartir en Twitter\" href='https:\/\/twitter.com\/share?text=Invitan%20a%20Encuentro%20Ciudadano%20%C2%ABMejores%20Pensiones%20para%20Chile%C2%BB%20con%20Ministra%20Jeannette%20Jara&#038;url=https:\/\/radiorevelacionfm.cl\/?p=40190' aria-hidden='false' data-av_icon='\ue8f1' data-av_iconfont='entypo-fontello' title='' data-avia-related-tooltip='Compartir en Twitter' rel=\"noopener\"><span class='avia_hidden_link_text'>Compartir en Twitter<\/span><\/a><\/li><li class='av-share-link av-social-link-whatsapp' ><a target=\"_blank\" aria-label=\"Compartir en Whatsapp\" href='https:\/\/api.whatsapp.com\/send?text=https:\/\/radiorevelacionfm.cl\/?p=40190' aria-hidden='false' data-av_icon='\uf232' data-av_iconfont='entypo-fontello' title='' data-avia-related-tooltip='Compartir en Whatsapp' rel=\"noopener\"><span class='avia_hidden_link_text'>Compartir en Whatsapp<\/span><\/a><\/li><li class='av-share-link av-social-link-linkedin' ><a target=\"_blank\" aria-label=\"Compartir en LinkedIn\" href='https:\/\/linkedin.com\/shareArticle?mini=true&#038;title=Invitan%20a%20Encuentro%20Ciudadano%20%C2%ABMejores%20Pensiones%20para%20Chile%C2%BB%20con%20Ministra%20Jeannette%20Jara&#038;url=https:\/\/radiorevelacionfm.cl\/?p=40190' aria-hidden='false' data-av_icon='\ue8fc' data-av_iconfont='entypo-fontello' title='' data-avia-related-tooltip='Compartir en LinkedIn' rel=\"noopener\"><span class='avia_hidden_link_text'>Compartir en LinkedIn<\/span><\/a><\/li><li class='av-share-link av-social-link-mail' ><a  aria-label=\"Compartir por correo\" href='mailto:?subject=Invitan%20a%20Encuentro%20Ciudadano%20%C2%ABMejores%20Pensiones%20para%20Chile%C2%BB%20con%20Ministra%20Jeannette%20Jara&#038;body=https:\/\/radiorevelacionfm.cl\/?p=40190' aria-hidden='false' data-av_icon='\ue805' data-av_iconfont='entypo-fontello' title='' data-avia-related-tooltip='Compartir por correo'><span class='avia_hidden_link_text'>Compartir por correo<\/span><\/a><\/li><\/ul><\/div><\/div>\n<div  style='height:50px' class='hr hr-invisible   avia-builder-el-8  el_after_av_social_share  el_before_av_comments_list '><span class='hr-inner ' ><span class='hr-inner-style'><\/span><\/span><\/div>\n<div  class='av-buildercomment  av-blog-meta-html-info-disabled av-blog-meta-tag-disabled  '><\/div>\n","protected":false},"excerpt":{"rendered":"","protected":false},"author":1,"featured_media":40191,"comment_status":"open","ping_status":"open","sticky":false,"template":"","format":"standard","meta":{"footnotes":""},"categories":[56],"tags":[],"class_list":["post-40190","post","type-post","status-publish","format-standard","has-post-thumbnail","hentry","category-trabajo"],"jetpack_featured_media_url":"https:\/\/radiorevelacionfm.cl\/wp-content\/uploads\/2024\/03\/afiche-encuentro-pensiones-1_optimized.jpg","_links":{"self":[{"href":"https:\/\/radiorevelacionfm.cl\/index.php?rest_route=\/wp\/v2\/posts\/40190","targetHints":{"allow":["GET"]}}],"collection":[{"href":"https:\/\/radiorevelacionfm.cl\/index.php?rest_route=\/wp\/v2\/posts"}],"about":[{"href":"https:\/\/radiorevelacionfm.cl\/index.php?rest_route=\/wp\/v2\/types\/post"}],"author":[{"embeddable":true,"href":"https:\/\/radiorevelacionfm.cl\/index.php?rest_route=\/wp\/v2\/users\/1"}],"replies":[{"embeddable":true,"href":"https:\/\/radiorevelacionfm.cl\/index.php?rest_route=%2Fwp%2Fv2%2Fcomments&post=40190"}],"version-history":[{"count":1,"href":"https:\/\/radiorevelacionfm.cl\/index.php?rest_route=\/wp\/v2\/posts\/40190\/revisions"}],"predecessor-version":[{"id":40192,"href":"https:\/\/radiorevelacionfm.cl\/index.php?rest_route=\/wp\/v2\/posts\/40190\/revisions\/40192"}],"wp:featuredmedia":[{"embeddable":true,"href":"https:\/\/radiorevelacionfm.cl\/index.php?rest_route=\/wp\/v2\/media\/40191"}],"wp:attachment":[{"href":"https:\/\/radiorevelacionfm.cl\/index.php?rest_route=%2Fwp%2Fv2%2Fmedia&parent=40190"}],"wp:term":[{"taxonomy":"category","embeddable":true,"href":"https:\/\/radiorevelacionfm.cl\/index.php?rest_route=%2Fwp%2Fv2%2Fcategories&post=40190"},{"taxonomy":"post_tag","embeddable":true,"href":"https:\/\/radiorevelacionfm.cl\/index.php?rest_route=%2Fwp%2Fv2%2Ftags&post=40190"}],"curies":[{"name":"wp","href":"https:\/\/api.w.org\/{rel}","templated":true}]}}