{"id":40187,"date":"2024-03-08T19:18:35","date_gmt":"2024-03-08T22:18:35","guid":{"rendered":"https:\/\/radiorevelacionfm.cl\/?p=40187"},"modified":"2024-03-08T19:18:35","modified_gmt":"2024-03-08T22:18:35","slug":"con-positivos-resultados-concluyo-campana-aysen-ayuda-a-villa-alemana","status":"publish","type":"post","link":"https:\/\/radiorevelacionfm.cl\/?p=40187","title":{"rendered":"Con positivos resultados concluy\u00f3 campa\u00f1a \u201cAys\u00e9n ayuda a Villa Alemana\u201d"},"content":{"rendered":"<div class=\"flex_column av_one_full  flex_column_div av-zero-column-padding first  avia-builder-el-0  el_before_av_one_full  avia-builder-el-first  \" style='border-radius:0px; '><div  class='avia-image-container  av-styling-    avia-builder-el-1  avia-builder-el-no-sibling  avia-align-center '  itemprop=\"image\" itemscope=\"itemscope\" itemtype=\"https:\/\/schema.org\/ImageObject\"  ><div class='avia-image-container-inner'><div class='avia-image-overlay-wrap'><img decoding=\"async\" class='wp-image-40188 avia-img-lazy-loading-not-40188 avia_image' src=\"https:\/\/radiorevelacionfm.cl\/wp-content\/uploads\/2024\/03\/20240306_172835-1_optimized-1.jpg\" alt='' title='20240306_172835-(1)_optimized (1)' height=\"600\" width=\"1066\"  itemprop=\"thumbnailUrl\" srcset=\"https:\/\/radiorevelacionfm.cl\/wp-content\/uploads\/2024\/03\/20240306_172835-1_optimized-1.jpg 1066w, https:\/\/radiorevelacionfm.cl\/wp-content\/uploads\/2024\/03\/20240306_172835-1_optimized-1-300x169.jpg 300w, https:\/\/radiorevelacionfm.cl\/wp-content\/uploads\/2024\/03\/20240306_172835-1_optimized-1-1030x580.jpg 1030w, https:\/\/radiorevelacionfm.cl\/wp-content\/uploads\/2024\/03\/20240306_172835-1_optimized-1-768x432.jpg 768w, https:\/\/radiorevelacionfm.cl\/wp-content\/uploads\/2024\/03\/20240306_172835-1_optimized-1-705x397.jpg 705w, https:\/\/radiorevelacionfm.cl\/wp-content\/uploads\/2024\/03\/20240306_172835-1_optimized-1-450x253.jpg 450w, https:\/\/radiorevelacionfm.cl\/wp-content\/uploads\/2024\/03\/20240306_172835-1_optimized-1-600x338.jpg 600w\" sizes=\"(max-width: 1066px) 100vw, 1066px\" \/><\/div><\/div><\/div><\/div><div class=\"flex_column av_one_full  flex_column_div av-zero-column-padding first  avia-builder-el-2  el_after_av_one_full  el_before_av_one_full  column-top-margin\" style='border-radius:0px; '><section class=\"av_textblock_section \"  itemscope=\"itemscope\" itemtype=\"https:\/\/schema.org\/BlogPosting\" itemprop=\"blogPost\" ><div class='avia_textblock  '   itemprop=\"text\" ><p style=\"text-align: center;\"><strong><span style=\"font-size: 18pt;\">Con positivos resultados concluy\u00f3 campa\u00f1a \u201cAys\u00e9n ayuda a Villa Alemana\u201d<\/span><\/strong><\/p>\n<div id=\"gtx-trans\" style=\"position: absolute; left: -50px; top: 4.31534px;\">\n<div class=\"gtx-trans-icon\"><\/div>\n<\/div>\n<\/div><\/section><\/div><div class=\"flex_column av_one_full  flex_column_div av-zero-column-padding first  avia-builder-el-4  el_after_av_one_full  el_before_av_hr  column-top-margin\" style='border-radius:0px; '><section class=\"av_textblock_section \"  itemscope=\"itemscope\" itemtype=\"https:\/\/schema.org\/BlogPosting\" itemprop=\"blogPost\" ><div class='avia_textblock  '   itemprop=\"text\" ><p style=\"text-align: justify;\"><em>Pronto el cami\u00f3n que ha colaborado con esta instancia trasladar\u00e1 la ayuda para las familias que lo perdieron todo a ra\u00edz de los incendios que afectaron a la zona central del pa\u00eds.<\/em><\/p>\n<p style=\"text-align: justify;\">Alimentos no perecibles, art\u00edculos de aseo, agua y \u00fatiles escolares, se lograron reunir en la campa\u00f1a \u201cAys\u00e9n ayuda a Villa Alemana\u201d, instancia que permiti\u00f3 realizar un trabajo conjunto entre la comunidad, juntas de vecinos, gremios como la C\u00e1mara de Comercio y la Ilustre Municipalidad de Ays\u00e9n.<\/p>\n<p style=\"text-align: justify;\">\u201cSe hicieron diferentes actividades y tambi\u00e9n estuvo en nuestra casa de la cultura durante un mes, este trabajo de diferentes voluntarios. As\u00ed es que, solamente sacar un balance positivo, ahora esperamos la confirmaci\u00f3n del cami\u00f3n que llevara la ayuda a Villa Alemana. Por lo tanto, estamos muy contentos de lo que ha ocurrido y de todo el apoyo que hemos tenido de las diferentes localidades, como tambi\u00e9n, de otras comunas que se acercaron a dejar su colaboraci\u00f3n. Agradecer a los voluntarios y a todos quienes de una u otra forma se sumaron a esa campa\u00f1a\u201d, manifest\u00f3 el Alcalde, Julio Uribe.<\/p>\n<p style=\"text-align: justify;\">De igual forma, la presidenta de la C\u00e1mara de Comercio de Ays\u00e9n, Claudia Andrade, relev\u00f3 la participaci\u00f3n de la comunidad y los comerciantes locales.<\/p>\n<p style=\"text-align: justify;\">\u201cComo lo dec\u00eda el se\u00f1or Alcalde, la respuesta de la comunidad y en este caso la comunidad tambi\u00e9n conformada por el comercio de Ays\u00e9n tuvo una muy buena respuesta. Se dispuso por las voluntarias que estaban trabajando en la casa de la cultura, cajas para juntar v\u00edveres en varios locales comerciales, lo cual, tuvo muy buenos resultados. Tambi\u00e9n se dispuso en algunos puntos claves o estrat\u00e9gicos, urnas, que nosotros como C\u00e1mara de Comercio nos encargamos de entregar y retirar. Ays\u00e9n es una comunidad muy solidaria y eso se ve reflejado en este tipo de campa\u00f1as, as\u00ed es que, nos quedamos muy conformes por el trabajo que realizamos durante este mes\u201d.<\/p>\n<p style=\"text-align: justify;\">Griselda Millacura, es la funcionaria municipal encargada de la casa de la cultura y fue quien coordin\u00f3 a las personas voluntarias para reunir y seleccionar los productos, que pronto viajaran a Villa Alemana, detallando lo recolectado.<\/p>\n<p style=\"text-align: justify;\">\u201cEn detalle, alimentos no perecibles 5.647 productos, de estos rotos, en mal estado o vencidos, se dieron de baja 138, quedando 5.509 productos, los productos de limpieza y aseo personal son 3.087 y rotos o en mal estado 68, quedando 3019, en total por enviar 8.528 productos. Mencionar que, hubo 29 voluntarios que realizaron un trabajo sigiloso durante casi un mes, contra viento y marea ellos no pararon, tuvieron siempre la perseverancia en esta campa\u00f1a solidaria\u201d.<\/p>\n<p style=\"text-align: justify;\">En tanto, Carlos Arteaga, presidente de la junta de vecinos del sector Pedro Aguirre Cerda, relev\u00f3 la participaci\u00f3n de las distintas unidades vecinales, detallando algunas de las actividades que ellos pudieron efectuar.<\/p>\n<p style=\"text-align: justify;\">\u201cAgradecer a las y los vecinos de la poblaci\u00f3n Pedro Aguirre Cerda y que participan de la junta de vecinos, porque desde el inicio de la campa\u00f1a solidaria, ellos tambi\u00e9n realizaron acciones en el sector, hicieron una serie de actividades como pesca milagrosa, trueque de productos, show para recaudar dinero y juntar productos por alrededor de 500 mil pesos, que fueron entregados en el show de cierre de la campa\u00f1a. Por lo tanto, los vecinos estuvieron a la altura de lo que requer\u00eda el momento y trabajaron durante todo el mes por este objetivo\u201d.<\/p>\n<p style=\"text-align: justify;\">Las actividades solidarias tambi\u00e9n incluyeron un show de cierre con al menos 12 bandas locales que con gran entusiasmo no dudaron en ser parte de la iniciativa y dentro de las \u00faltimas semanas se destac\u00f3 la uni\u00f3n entre los trabajadores municipales, voluntarios, comerciantes, empresarios, juntas de vecinos y todos quienes se sumaron a la iniciativa denominada \u201cAys\u00e9n ayuda a Villa Alemana\u201d.<\/p>\n<\/div><\/section><\/div><div  style='height:50px' class='hr hr-invisible   avia-builder-el-6  el_after_av_one_full  el_before_av_social_share '><span class='hr-inner ' ><span class='hr-inner-style'><\/span><\/span><\/div><\/p>\n<div  class='av-social-sharing-box  avia-builder-el-7  el_after_av_hr  el_before_av_hr  '><div class='av-share-box'><h5 class='av-share-link-description av-no-toc '>Compartir esta noticia<\/h5><ul class='av-share-box-list noLightbox'><li class='av-share-link av-social-link-facebook' ><a target=\"_blank\" aria-label=\"Compartir en Facebook\" href='https:\/\/www.facebook.com\/sharer.php?u=https:\/\/radiorevelacionfm.cl\/?p=40187&#038;t=Con%20positivos%20resultados%20concluy%C3%B3%20campa%C3%B1a%20%E2%80%9CAys%C3%A9n%20ayuda%20a%20Villa%20Alemana%E2%80%9D' aria-hidden='false' data-av_icon='\ue8f3' data-av_iconfont='entypo-fontello' title='' data-avia-related-tooltip='Compartir en Facebook' rel=\"noopener\"><span class='avia_hidden_link_text'>Compartir en Facebook<\/span><\/a><\/li><li class='av-share-link av-social-link-twitter' ><a target=\"_blank\" aria-label=\"Compartir en Twitter\" href='https:\/\/twitter.com\/share?text=Con%20positivos%20resultados%20concluy%C3%B3%20campa%C3%B1a%20%E2%80%9CAys%C3%A9n%20ayuda%20a%20Villa%20Alemana%E2%80%9D&#038;url=https:\/\/radiorevelacionfm.cl\/?p=40187' aria-hidden='false' data-av_icon='\ue8f1' data-av_iconfont='entypo-fontello' title='' data-avia-related-tooltip='Compartir en Twitter' rel=\"noopener\"><span class='avia_hidden_link_text'>Compartir en Twitter<\/span><\/a><\/li><li class='av-share-link av-social-link-whatsapp' ><a target=\"_blank\" aria-label=\"Compartir en Whatsapp\" href='https:\/\/api.whatsapp.com\/send?text=https:\/\/radiorevelacionfm.cl\/?p=40187' aria-hidden='false' data-av_icon='\uf232' data-av_iconfont='entypo-fontello' title='' data-avia-related-tooltip='Compartir en Whatsapp' rel=\"noopener\"><span class='avia_hidden_link_text'>Compartir en Whatsapp<\/span><\/a><\/li><li class='av-share-link av-social-link-linkedin' ><a target=\"_blank\" aria-label=\"Compartir en LinkedIn\" href='https:\/\/linkedin.com\/shareArticle?mini=true&#038;title=Con%20positivos%20resultados%20concluy%C3%B3%20campa%C3%B1a%20%E2%80%9CAys%C3%A9n%20ayuda%20a%20Villa%20Alemana%E2%80%9D&#038;url=https:\/\/radiorevelacionfm.cl\/?p=40187' aria-hidden='false' data-av_icon='\ue8fc' data-av_iconfont='entypo-fontello' title='' data-avia-related-tooltip='Compartir en LinkedIn' rel=\"noopener\"><span class='avia_hidden_link_text'>Compartir en LinkedIn<\/span><\/a><\/li><li class='av-share-link av-social-link-mail' ><a  aria-label=\"Compartir por correo\" href='mailto:?subject=Con%20positivos%20resultados%20concluy%C3%B3%20campa%C3%B1a%20%E2%80%9CAys%C3%A9n%20ayuda%20a%20Villa%20Alemana%E2%80%9D&#038;body=https:\/\/radiorevelacionfm.cl\/?p=40187' aria-hidden='false' data-av_icon='\ue805' data-av_iconfont='entypo-fontello' title='' data-avia-related-tooltip='Compartir por correo'><span class='avia_hidden_link_text'>Compartir por correo<\/span><\/a><\/li><\/ul><\/div><\/div>\n<div  style='height:50px' class='hr hr-invisible   avia-builder-el-8  el_after_av_social_share  el_before_av_comments_list '><span class='hr-inner ' ><span class='hr-inner-style'><\/span><\/span><\/div>\n<div  class='av-buildercomment  av-blog-meta-html-info-disabled av-blog-meta-tag-disabled  '><\/div>\n","protected":false},"excerpt":{"rendered":"","protected":false},"author":1,"featured_media":40188,"comment_status":"open","ping_status":"open","sticky":false,"template":"","format":"standard","meta":{"footnotes":""},"categories":[38],"tags":[],"class_list":["post-40187","post","type-post","status-publish","format-standard","has-post-thumbnail","hentry","category-regional"],"jetpack_featured_media_url":"https:\/\/radiorevelacionfm.cl\/wp-content\/uploads\/2024\/03\/20240306_172835-1_optimized-1.jpg","_links":{"self":[{"href":"https:\/\/radiorevelacionfm.cl\/index.php?rest_route=\/wp\/v2\/posts\/40187","targetHints":{"allow":["GET"]}}],"collection":[{"href":"https:\/\/radiorevelacionfm.cl\/index.php?rest_route=\/wp\/v2\/posts"}],"about":[{"href":"https:\/\/radiorevelacionfm.cl\/index.php?rest_route=\/wp\/v2\/types\/post"}],"author":[{"embeddable":true,"href":"https:\/\/radiorevelacionfm.cl\/index.php?rest_route=\/wp\/v2\/users\/1"}],"replies":[{"embeddable":true,"href":"https:\/\/radiorevelacionfm.cl\/index.php?rest_route=%2Fwp%2Fv2%2Fcomments&post=40187"}],"version-history":[{"count":1,"href":"https:\/\/radiorevelacionfm.cl\/index.php?rest_route=\/wp\/v2\/posts\/40187\/revisions"}],"predecessor-version":[{"id":40189,"href":"https:\/\/radiorevelacionfm.cl\/index.php?rest_route=\/wp\/v2\/posts\/40187\/revisions\/40189"}],"wp:featuredmedia":[{"embeddable":true,"href":"https:\/\/radiorevelacionfm.cl\/index.php?rest_route=\/wp\/v2\/media\/40188"}],"wp:attachment":[{"href":"https:\/\/radiorevelacionfm.cl\/index.php?rest_route=%2Fwp%2Fv2%2Fmedia&parent=40187"}],"wp:term":[{"taxonomy":"category","embeddable":true,"href":"https:\/\/radiorevelacionfm.cl\/index.php?rest_route=%2Fwp%2Fv2%2Fcategories&post=40187"},{"taxonomy":"post_tag","embeddable":true,"href":"https:\/\/radiorevelacionfm.cl\/index.php?rest_route=%2Fwp%2Fv2%2Ftags&post=40187"}],"curies":[{"name":"wp","href":"https:\/\/api.w.org\/{rel}","templated":true}]}}