{"id":40184,"date":"2024-03-09T16:18:52","date_gmt":"2024-03-09T19:18:52","guid":{"rendered":"https:\/\/radiorevelacionfm.cl\/?p=40184"},"modified":"2024-03-09T16:18:52","modified_gmt":"2024-03-09T19:18:52","slug":"rogativa-de-pueblos-originarios-y-lienzo-de-emprendedoras-con-mensajes-enmarcados-en-8m-marcan-hito-inaugural-de-expopatagonia-2024","status":"publish","type":"post","link":"https:\/\/radiorevelacionfm.cl\/?p=40184","title":{"rendered":"Rogativa de pueblos originarios y lienzo de emprendedoras con mensajes enmarcados en 8M marcan hito inaugural de Expopatagonia 2024"},"content":{"rendered":"<div class=\"flex_column av_one_full  flex_column_div av-zero-column-padding first  avia-builder-el-0  el_before_av_one_full  avia-builder-el-first  \" style='border-radius:0px; '><div  class='avia-image-container  av-styling-    avia-builder-el-1  avia-builder-el-no-sibling  avia-align-center '  itemprop=\"image\" itemscope=\"itemscope\" itemtype=\"https:\/\/schema.org\/ImageObject\"  ><div class='avia-image-container-inner'><div class='avia-image-overlay-wrap'><img decoding=\"async\" class='wp-image-40185 avia-img-lazy-loading-not-40185 avia_image' src=\"https:\/\/radiorevelacionfm.cl\/wp-content\/uploads\/2024\/03\/expo-mideso2-2_optimized-1.jpeg\" alt='' title='expo-mideso2-(2)_optimized (1)' height=\"600\" width=\"1067\"  itemprop=\"thumbnailUrl\" srcset=\"https:\/\/radiorevelacionfm.cl\/wp-content\/uploads\/2024\/03\/expo-mideso2-2_optimized-1.jpeg 1067w, https:\/\/radiorevelacionfm.cl\/wp-content\/uploads\/2024\/03\/expo-mideso2-2_optimized-1-300x169.jpeg 300w, https:\/\/radiorevelacionfm.cl\/wp-content\/uploads\/2024\/03\/expo-mideso2-2_optimized-1-1030x579.jpeg 1030w, https:\/\/radiorevelacionfm.cl\/wp-content\/uploads\/2024\/03\/expo-mideso2-2_optimized-1-768x432.jpeg 768w, https:\/\/radiorevelacionfm.cl\/wp-content\/uploads\/2024\/03\/expo-mideso2-2_optimized-1-705x396.jpeg 705w, https:\/\/radiorevelacionfm.cl\/wp-content\/uploads\/2024\/03\/expo-mideso2-2_optimized-1-450x253.jpeg 450w, https:\/\/radiorevelacionfm.cl\/wp-content\/uploads\/2024\/03\/expo-mideso2-2_optimized-1-600x337.jpeg 600w\" sizes=\"(max-width: 1067px) 100vw, 1067px\" \/><\/div><\/div><\/div><\/div><div class=\"flex_column av_one_full  flex_column_div av-zero-column-padding first  avia-builder-el-2  el_after_av_one_full  el_before_av_one_full  column-top-margin\" style='border-radius:0px; '><section class=\"av_textblock_section \"  itemscope=\"itemscope\" itemtype=\"https:\/\/schema.org\/BlogPosting\" itemprop=\"blogPost\" ><div class='avia_textblock  '   itemprop=\"text\" ><p style=\"text-align: center;\"><strong><span style=\"font-size: 18pt;\">Rogativa de pueblos originarios y lienzo de emprendedoras con mensajes enmarcados en 8M marcan hito inaugural de Expopatagonia 2024<\/span><\/strong><\/p>\n<div id=\"gtx-trans\" style=\"position: absolute; left: -50px; top: 4.31534px;\">\n<div class=\"gtx-trans-icon\"><\/div>\n<\/div>\n<\/div><\/section><\/div><div class=\"flex_column av_one_full  flex_column_div av-zero-column-padding first  avia-builder-el-4  el_after_av_one_full  el_before_av_hr  column-top-margin\" style='border-radius:0px; '><section class=\"av_textblock_section \"  itemscope=\"itemscope\" itemtype=\"https:\/\/schema.org\/BlogPosting\" itemprop=\"blogPost\" ><div class='avia_textblock  '   itemprop=\"text\" ><p style=\"text-align: justify;\"><i>M\u00e1s de 70 expositores se presentaron con todos sus productos en las carpas de Conadi y Fosis, ambos servicios dependientes del Ministerio de Desarrollo Social y Familia que optaron por una inauguraci\u00f3n con contexto de 8M.<\/i><\/p>\n<p style=\"text-align: justify;\">Con una in\u00e9dita rogativa de agradecimiento-yiyipun- la Mesa de la Mujer Ind\u00edgena y un lienzo con sentidos mensajes de emprendedoras de toda la regi\u00f3n dirigidos a mujeres, este viernes dieron inicio a la Expo Patagonia 2024 las carpas Conadi y Fosis del Ministerio de Desarrollo Social y Familia en Coyhaique.<\/p>\n<p class=\"v1elementToProof\" style=\"text-align: justify;\">Las expositoras que estar\u00e1n hasta este domingo 10 de marzo con 40 puestos en Fosis y 34 en Conadi, invitaron a la comunidad a visitar las carpas y dejarse deleitar con los distintos productos que van de la gastronom\u00eda, as\u00ed lo destac\u00f3\u00a0Damaris Sep\u00falveda\u00a0con su stand de productos de estampados en madera y acr\u00edlico ,\u00bbS\u00faper feliz por estar en este d\u00eda de\u00a0Expo Patagonia, celebrando y conmemorando a las mujeres tambi\u00e9n, contenta por poder tener la oportunidad de volver a participar en una Expo Patagonia as\u00ed que feliz, los invitamos a todos a poder venir estos 3 d\u00edas vamos a estar varias emprendedoras de distintas localidades con diversos productos\u00bb.<\/p>\n<p style=\"text-align: justify;\">Lo propio resalt\u00f3 Ivanna Guaquel de Piuke Duan Artesan\u00edas \u00abEs muy importante, hoy comenzamos la jornada con un yiyipun que es una ceremonia mapuche para darle relevancia y que estamos presente las comunidades, que estamos mostrando nuestros trabajos. Estamos en la carpa Conadi, as\u00ed que los dejamos invitados\u00bb.<\/p>\n<p style=\"text-align: justify;\">A la vez la seremi de Desarrollo Social, Karina Acevedo relev\u00f3 el sentido conmemorativo 8M que quisieron entregar tanto en carpa Conadi como la Carpa Fosis en donde el hito inaugural se vivi\u00f3 con \u00a0un corte de cinta de color morado y un gran lienzo que se form\u00f3 con telas que conten\u00edan mensajes de emprendedoras de toda la regi\u00f3n dirigido a otras mujeres, tales como \u00abresiliente\u00bb, \u00abpower\u00bb, \u00aborgullosa\u00bb, \u00abmadre\u00bb, \u00abfuerte\u00bb, \u00abintegral\u00bb, \u00abvaliosas\u00bb, \u00abguerreras\u00bb \u00abesfuerzo y perseverancia\u00bb \u00a0\u00a0\u00abinauguramos el d\u00eda con dos grandes carpas en la\u00a0Expo Patagonia, primero se hizo \u00a0una\u00a0rogativa con las comunidades de los pueblos originarios y la carpa del Fosis\u00a0donde tuvimos un momento especial y particular en este 8 de marzo, un d\u00eda que nos llama a reconocernos, apoyarnos y sobre todo a valorar lo que hemos ganado en derechos de la mujer. Les quiero invitar el s\u00e1bado y el domingo a que vengan y recorran estas dos carpas y conversar con las artesanas y artesanos de la regi\u00f3n, conocer su trabajo, la historia de inicio de sus artesan\u00edas\u00bb.<\/p>\n<p class=\"v1elementToProof\" style=\"text-align: justify;\">Finalmente la Senadora Ximena \u00d3rdenes quien particip\u00f3 en el hito inaugural, relev\u00f3 los mensajes entregados desde el Ministerio de Desarrollo Social y Familia a trav\u00e9s de los expositores de Conadi y Fosis \u00abEs\u00a0muy importante la presencia del Ministerio de Desarrollo Social en Expo Patagonia y en particular en un d\u00eda bien especial porque estamos en el 8 de marzo, D\u00eda Internacional de la Mujer, y lo que he visto tambi\u00e9n en el trabajo de las Expositoras, emprendedoras es el mismo compromiso que vemos en cada mujer en la regi\u00f3n de\u00a0Ays\u00e9n y a trav\u00e9s de un lienzo \u00a0muy simb\u00f3lico, donde se da cuenta de los desaf\u00edos que tenemos en la materia, de avanzar en mayor equidad de g\u00e9nero, en igualdad de derechos. Las mujeres nos hemos ganado los derechos uno a uno.\u00a0Yo quiero invitar a toda la comunidad a visitar Expo Patagonia y las carpas del Ministerio de Desarrollo Social. Hay mujeres empoderadas, hay productos muy interesantes\u00bb.<\/p>\n<\/div><\/section><\/div><div  style='height:50px' class='hr hr-invisible   avia-builder-el-6  el_after_av_one_full  el_before_av_social_share '><span class='hr-inner ' ><span class='hr-inner-style'><\/span><\/span><\/div><\/p>\n<div  class='av-social-sharing-box  avia-builder-el-7  el_after_av_hr  el_before_av_hr  '><div class='av-share-box'><h5 class='av-share-link-description av-no-toc '>Compartir esta noticia<\/h5><ul class='av-share-box-list noLightbox'><li class='av-share-link av-social-link-facebook' ><a target=\"_blank\" aria-label=\"Compartir en Facebook\" href='https:\/\/www.facebook.com\/sharer.php?u=https:\/\/radiorevelacionfm.cl\/?p=40184&#038;t=Rogativa%20de%20pueblos%20originarios%20y%20lienzo%20de%20emprendedoras%20con%20mensajes%20enmarcados%20en%208M%20marcan%20hito%20inaugural%20de%20Expopatagonia%202024' aria-hidden='false' data-av_icon='\ue8f3' data-av_iconfont='entypo-fontello' title='' data-avia-related-tooltip='Compartir en Facebook' rel=\"noopener\"><span class='avia_hidden_link_text'>Compartir en Facebook<\/span><\/a><\/li><li class='av-share-link av-social-link-twitter' ><a target=\"_blank\" aria-label=\"Compartir en Twitter\" href='https:\/\/twitter.com\/share?text=Rogativa%20de%20pueblos%20originarios%20y%20lienzo%20de%20emprendedoras%20con%20mensajes%20enmarcados%20en%208M%20marcan%20hito%20inaugural%20de%20Expopatagonia%202024&#038;url=https:\/\/radiorevelacionfm.cl\/?p=40184' aria-hidden='false' data-av_icon='\ue8f1' data-av_iconfont='entypo-fontello' title='' data-avia-related-tooltip='Compartir en Twitter' rel=\"noopener\"><span class='avia_hidden_link_text'>Compartir en Twitter<\/span><\/a><\/li><li class='av-share-link av-social-link-whatsapp' ><a target=\"_blank\" aria-label=\"Compartir en Whatsapp\" href='https:\/\/api.whatsapp.com\/send?text=https:\/\/radiorevelacionfm.cl\/?p=40184' aria-hidden='false' data-av_icon='\uf232' data-av_iconfont='entypo-fontello' title='' data-avia-related-tooltip='Compartir en Whatsapp' rel=\"noopener\"><span class='avia_hidden_link_text'>Compartir en Whatsapp<\/span><\/a><\/li><li class='av-share-link av-social-link-linkedin' ><a target=\"_blank\" aria-label=\"Compartir en LinkedIn\" href='https:\/\/linkedin.com\/shareArticle?mini=true&#038;title=Rogativa%20de%20pueblos%20originarios%20y%20lienzo%20de%20emprendedoras%20con%20mensajes%20enmarcados%20en%208M%20marcan%20hito%20inaugural%20de%20Expopatagonia%202024&#038;url=https:\/\/radiorevelacionfm.cl\/?p=40184' aria-hidden='false' data-av_icon='\ue8fc' data-av_iconfont='entypo-fontello' title='' data-avia-related-tooltip='Compartir en LinkedIn' rel=\"noopener\"><span class='avia_hidden_link_text'>Compartir en LinkedIn<\/span><\/a><\/li><li class='av-share-link av-social-link-mail' ><a  aria-label=\"Compartir por correo\" href='mailto:?subject=Rogativa%20de%20pueblos%20originarios%20y%20lienzo%20de%20emprendedoras%20con%20mensajes%20enmarcados%20en%208M%20marcan%20hito%20inaugural%20de%20Expopatagonia%202024&#038;body=https:\/\/radiorevelacionfm.cl\/?p=40184' aria-hidden='false' data-av_icon='\ue805' data-av_iconfont='entypo-fontello' title='' data-avia-related-tooltip='Compartir por correo'><span class='avia_hidden_link_text'>Compartir por correo<\/span><\/a><\/li><\/ul><\/div><\/div>\n<div  style='height:50px' class='hr hr-invisible   avia-builder-el-8  el_after_av_social_share  el_before_av_comments_list '><span class='hr-inner ' ><span class='hr-inner-style'><\/span><\/span><\/div>\n<div  class='av-buildercomment  av-blog-meta-html-info-disabled av-blog-meta-tag-disabled  '><\/div>\n","protected":false},"excerpt":{"rendered":"","protected":false},"author":1,"featured_media":40185,"comment_status":"open","ping_status":"open","sticky":false,"template":"","format":"standard","meta":{"footnotes":""},"categories":[38],"tags":[],"class_list":["post-40184","post","type-post","status-publish","format-standard","has-post-thumbnail","hentry","category-regional"],"jetpack_featured_media_url":"https:\/\/radiorevelacionfm.cl\/wp-content\/uploads\/2024\/03\/expo-mideso2-2_optimized-1.jpeg","_links":{"self":[{"href":"https:\/\/radiorevelacionfm.cl\/index.php?rest_route=\/wp\/v2\/posts\/40184","targetHints":{"allow":["GET"]}}],"collection":[{"href":"https:\/\/radiorevelacionfm.cl\/index.php?rest_route=\/wp\/v2\/posts"}],"about":[{"href":"https:\/\/radiorevelacionfm.cl\/index.php?rest_route=\/wp\/v2\/types\/post"}],"author":[{"embeddable":true,"href":"https:\/\/radiorevelacionfm.cl\/index.php?rest_route=\/wp\/v2\/users\/1"}],"replies":[{"embeddable":true,"href":"https:\/\/radiorevelacionfm.cl\/index.php?rest_route=%2Fwp%2Fv2%2Fcomments&post=40184"}],"version-history":[{"count":1,"href":"https:\/\/radiorevelacionfm.cl\/index.php?rest_route=\/wp\/v2\/posts\/40184\/revisions"}],"predecessor-version":[{"id":40186,"href":"https:\/\/radiorevelacionfm.cl\/index.php?rest_route=\/wp\/v2\/posts\/40184\/revisions\/40186"}],"wp:featuredmedia":[{"embeddable":true,"href":"https:\/\/radiorevelacionfm.cl\/index.php?rest_route=\/wp\/v2\/media\/40185"}],"wp:attachment":[{"href":"https:\/\/radiorevelacionfm.cl\/index.php?rest_route=%2Fwp%2Fv2%2Fmedia&parent=40184"}],"wp:term":[{"taxonomy":"category","embeddable":true,"href":"https:\/\/radiorevelacionfm.cl\/index.php?rest_route=%2Fwp%2Fv2%2Fcategories&post=40184"},{"taxonomy":"post_tag","embeddable":true,"href":"https:\/\/radiorevelacionfm.cl\/index.php?rest_route=%2Fwp%2Fv2%2Ftags&post=40184"}],"curies":[{"name":"wp","href":"https:\/\/api.w.org\/{rel}","templated":true}]}}