{"id":40181,"date":"2024-03-09T19:32:16","date_gmt":"2024-03-09T22:32:16","guid":{"rendered":"https:\/\/radiorevelacionfm.cl\/?p=40181"},"modified":"2024-03-09T19:32:16","modified_gmt":"2024-03-09T22:32:16","slug":"8m-poder-judicial-reconoce-a-mujeres-por-su-labor-en-la-promocion-de-la-igualdad-de-genero-en-la-institucion","status":"publish","type":"post","link":"https:\/\/radiorevelacionfm.cl\/?p=40181","title":{"rendered":"8M: Poder Judicial reconoce a mujeres por su labor en la promoci\u00f3n de la igualdad de g\u00e9nero en la instituci\u00f3n"},"content":{"rendered":"<div class=\"flex_column av_one_full  flex_column_div av-zero-column-padding first  avia-builder-el-0  el_before_av_one_full  avia-builder-el-first  \" style='border-radius:0px; '><div  class='avia-image-container  av-styling-    avia-builder-el-1  avia-builder-el-no-sibling  avia-align-center '  itemprop=\"image\" itemscope=\"itemscope\" itemtype=\"https:\/\/schema.org\/ImageObject\"  ><div class='avia-image-container-inner'><div class='avia-image-overlay-wrap'><img decoding=\"async\" class='wp-image-40182 avia-img-lazy-loading-not-40182 avia_image' src=\"https:\/\/radiorevelacionfm.cl\/wp-content\/uploads\/2024\/03\/Foto-02-3-1-1.jpg\" alt='' title='Foto 02 (3) (1) (1)' height=\"600\" width=\"900\"  itemprop=\"thumbnailUrl\" srcset=\"https:\/\/radiorevelacionfm.cl\/wp-content\/uploads\/2024\/03\/Foto-02-3-1-1.jpg 900w, https:\/\/radiorevelacionfm.cl\/wp-content\/uploads\/2024\/03\/Foto-02-3-1-1-300x200.jpg 300w, https:\/\/radiorevelacionfm.cl\/wp-content\/uploads\/2024\/03\/Foto-02-3-1-1-768x512.jpg 768w, https:\/\/radiorevelacionfm.cl\/wp-content\/uploads\/2024\/03\/Foto-02-3-1-1-705x470.jpg 705w, https:\/\/radiorevelacionfm.cl\/wp-content\/uploads\/2024\/03\/Foto-02-3-1-1-450x300.jpg 450w, https:\/\/radiorevelacionfm.cl\/wp-content\/uploads\/2024\/03\/Foto-02-3-1-1-600x400.jpg 600w\" sizes=\"(max-width: 900px) 100vw, 900px\" \/><\/div><\/div><\/div><\/div><div class=\"flex_column av_one_full  flex_column_div av-zero-column-padding first  avia-builder-el-2  el_after_av_one_full  el_before_av_one_full  column-top-margin\" style='border-radius:0px; '><section class=\"av_textblock_section \"  itemscope=\"itemscope\" itemtype=\"https:\/\/schema.org\/BlogPosting\" itemprop=\"blogPost\" ><div class='avia_textblock  '   itemprop=\"text\" ><p class=\"v1MsoNormal\" style=\"text-align: center;\"><span style=\"font-size: 18pt;\"><b>8M: Poder Judicial reconoce a mujeres por su labor en la promoci\u00f3n de la igualdad de g\u00e9nero en la instituci\u00f3n<\/b><\/span><\/p>\n<div id=\"gtx-trans\" style=\"position: absolute; left: -50px; top: 4.31534px;\">\n<div class=\"gtx-trans-icon\"><\/div>\n<\/div>\n<\/div><\/section><\/div><div class=\"flex_column av_one_full  flex_column_div av-zero-column-padding first  avia-builder-el-4  el_after_av_one_full  el_before_av_hr  column-top-margin\" style='border-radius:0px; '><section class=\"av_textblock_section \"  itemscope=\"itemscope\" itemtype=\"https:\/\/schema.org\/BlogPosting\" itemprop=\"blogPost\" ><div class='avia_textblock  '   itemprop=\"text\" ><p class=\"v1MsoNormal\" style=\"text-align: justify;\">El Poder Judicial, a trav\u00e9s de la de la Secretar\u00eda T\u00e9cnica de Igualdad de G\u00e9nero y No Discriminaci\u00f3n de la Corte Suprema y sus respectivos comit\u00e9s a lo largo del pa\u00eds, conmemor\u00f3 el D\u00eda Internacional de la Mujer. Instancia que permiti\u00f3 homenajear a 37 mujeres. En la jurisdicci\u00f3n Coyhaique fueron reconocidas la magistrada Florentina Rezuc y Natalia Negr\u00f3n, jefa de Control de Gesti\u00f3n de la Corte de Apelaciones de Coyhaique.<\/p>\n<p class=\"v1MsoNormal\" style=\"text-align: justify;\">La ceremonia realizada mediante la plataforma Zoom permiti\u00f3 unir al pa\u00eds para galardonar a aquellas mujeres que han destacado por su labor en la promoci\u00f3n de la igualdad de g\u00e9nero en el Poder Judicial.<\/p>\n<p class=\"v1MsoNormal\" style=\"text-align: justify;\">\u00abHemos tenido una bella e in\u00e9dita ceremonia a nivel nacional, en la cual se ha reconocido a las mujeres de distintos estamentos del Poder Judicial, por su compromiso con la tem\u00e1tica de g\u00e9nero y no discriminaci\u00f3n. Hacer presente que esta fue una instancia muy emotiva para quienes han resultado galardonadas y quiero indicar que ellas son el s\u00edmbolo del esfuerzo del trabajo que se realiza en cada una de las unidades de trabajo de nuestra jurisdicci\u00f3n\u00bb, sostuvo Luis Aedo, presidente de la Corte de Apelaciones de Coyhaique.<\/p>\n<p class=\"v1MsoNormal\" style=\"text-align: justify;\">En tanto, la magistrada del Primer Juzgado de Letras, Florentina Rezuc, indic\u00f3 que \u00abestoy muy agradecida por esta instancia de reconocimiento, tanto en lo personal como en lo profesional, es algo que uno siempre valora y m\u00e1s que todo porque uno representa a todos los funcionarios y funcionarias del Poder Judicial, que d\u00eda a d\u00eda hacen un trabajo meritorio y silencioso para efectos de poder transmitir la importancia de las tem\u00e1ticas de g\u00e9nero dentro de nuestra jurisdicci\u00f3n\u00bb.<\/p>\n<p class=\"v1MsoNormal\" style=\"text-align: justify;\">Actualmente, el Poder Judicial se encuentra conformado por 13.457 funcionarios, de los cuales 7.866 son mujeres, vale decir un 58,5% de la dotaci\u00f3n. En tanto, en la regi\u00f3n de Ays\u00e9n esta cifra alcanza el 47%.<\/p>\n<\/div><\/section><\/div><div  style='height:50px' class='hr hr-invisible   avia-builder-el-6  el_after_av_one_full  el_before_av_social_share '><span class='hr-inner ' ><span class='hr-inner-style'><\/span><\/span><\/div><\/p>\n<div  class='av-social-sharing-box  avia-builder-el-7  el_after_av_hr  el_before_av_hr  '><div class='av-share-box'><h5 class='av-share-link-description av-no-toc '>Compartir esta noticia<\/h5><ul class='av-share-box-list noLightbox'><li class='av-share-link av-social-link-facebook' ><a target=\"_blank\" aria-label=\"Compartir en Facebook\" href='https:\/\/www.facebook.com\/sharer.php?u=https:\/\/radiorevelacionfm.cl\/?p=40181&#038;t=8M%3A%20Poder%20Judicial%20reconoce%20a%20mujeres%20por%20su%20labor%20en%20la%20promoci%C3%B3n%20de%20la%20igualdad%20de%20g%C3%A9nero%20en%20la%20instituci%C3%B3n' aria-hidden='false' data-av_icon='\ue8f3' data-av_iconfont='entypo-fontello' title='' data-avia-related-tooltip='Compartir en Facebook' rel=\"noopener\"><span class='avia_hidden_link_text'>Compartir en Facebook<\/span><\/a><\/li><li class='av-share-link av-social-link-twitter' ><a target=\"_blank\" aria-label=\"Compartir en Twitter\" href='https:\/\/twitter.com\/share?text=8M%3A%20Poder%20Judicial%20reconoce%20a%20mujeres%20por%20su%20labor%20en%20la%20promoci%C3%B3n%20de%20la%20igualdad%20de%20g%C3%A9nero%20en%20la%20instituci%C3%B3n&#038;url=https:\/\/radiorevelacionfm.cl\/?p=40181' aria-hidden='false' data-av_icon='\ue8f1' data-av_iconfont='entypo-fontello' title='' data-avia-related-tooltip='Compartir en Twitter' rel=\"noopener\"><span class='avia_hidden_link_text'>Compartir en Twitter<\/span><\/a><\/li><li class='av-share-link av-social-link-whatsapp' ><a target=\"_blank\" aria-label=\"Compartir en Whatsapp\" href='https:\/\/api.whatsapp.com\/send?text=https:\/\/radiorevelacionfm.cl\/?p=40181' aria-hidden='false' data-av_icon='\uf232' data-av_iconfont='entypo-fontello' title='' data-avia-related-tooltip='Compartir en Whatsapp' rel=\"noopener\"><span class='avia_hidden_link_text'>Compartir en Whatsapp<\/span><\/a><\/li><li class='av-share-link av-social-link-linkedin' ><a target=\"_blank\" aria-label=\"Compartir en LinkedIn\" href='https:\/\/linkedin.com\/shareArticle?mini=true&#038;title=8M%3A%20Poder%20Judicial%20reconoce%20a%20mujeres%20por%20su%20labor%20en%20la%20promoci%C3%B3n%20de%20la%20igualdad%20de%20g%C3%A9nero%20en%20la%20instituci%C3%B3n&#038;url=https:\/\/radiorevelacionfm.cl\/?p=40181' aria-hidden='false' data-av_icon='\ue8fc' data-av_iconfont='entypo-fontello' title='' data-avia-related-tooltip='Compartir en LinkedIn' rel=\"noopener\"><span class='avia_hidden_link_text'>Compartir en LinkedIn<\/span><\/a><\/li><li class='av-share-link av-social-link-mail' ><a  aria-label=\"Compartir por correo\" href='mailto:?subject=8M%3A%20Poder%20Judicial%20reconoce%20a%20mujeres%20por%20su%20labor%20en%20la%20promoci%C3%B3n%20de%20la%20igualdad%20de%20g%C3%A9nero%20en%20la%20instituci%C3%B3n&#038;body=https:\/\/radiorevelacionfm.cl\/?p=40181' aria-hidden='false' data-av_icon='\ue805' data-av_iconfont='entypo-fontello' title='' data-avia-related-tooltip='Compartir por correo'><span class='avia_hidden_link_text'>Compartir por correo<\/span><\/a><\/li><\/ul><\/div><\/div>\n<div  style='height:50px' class='hr hr-invisible   avia-builder-el-8  el_after_av_social_share  el_before_av_comments_list '><span class='hr-inner ' ><span class='hr-inner-style'><\/span><\/span><\/div>\n<div  class='av-buildercomment  av-blog-meta-html-info-disabled av-blog-meta-tag-disabled  '><\/div>\n","protected":false},"excerpt":{"rendered":"","protected":false},"author":1,"featured_media":40182,"comment_status":"open","ping_status":"open","sticky":false,"template":"","format":"standard","meta":{"footnotes":""},"categories":[55],"tags":[],"class_list":["post-40181","post","type-post","status-publish","format-standard","has-post-thumbnail","hentry","category-justicia"],"jetpack_featured_media_url":"https:\/\/radiorevelacionfm.cl\/wp-content\/uploads\/2024\/03\/Foto-02-3-1-1.jpg","_links":{"self":[{"href":"https:\/\/radiorevelacionfm.cl\/index.php?rest_route=\/wp\/v2\/posts\/40181","targetHints":{"allow":["GET"]}}],"collection":[{"href":"https:\/\/radiorevelacionfm.cl\/index.php?rest_route=\/wp\/v2\/posts"}],"about":[{"href":"https:\/\/radiorevelacionfm.cl\/index.php?rest_route=\/wp\/v2\/types\/post"}],"author":[{"embeddable":true,"href":"https:\/\/radiorevelacionfm.cl\/index.php?rest_route=\/wp\/v2\/users\/1"}],"replies":[{"embeddable":true,"href":"https:\/\/radiorevelacionfm.cl\/index.php?rest_route=%2Fwp%2Fv2%2Fcomments&post=40181"}],"version-history":[{"count":1,"href":"https:\/\/radiorevelacionfm.cl\/index.php?rest_route=\/wp\/v2\/posts\/40181\/revisions"}],"predecessor-version":[{"id":40183,"href":"https:\/\/radiorevelacionfm.cl\/index.php?rest_route=\/wp\/v2\/posts\/40181\/revisions\/40183"}],"wp:featuredmedia":[{"embeddable":true,"href":"https:\/\/radiorevelacionfm.cl\/index.php?rest_route=\/wp\/v2\/media\/40182"}],"wp:attachment":[{"href":"https:\/\/radiorevelacionfm.cl\/index.php?rest_route=%2Fwp%2Fv2%2Fmedia&parent=40181"}],"wp:term":[{"taxonomy":"category","embeddable":true,"href":"https:\/\/radiorevelacionfm.cl\/index.php?rest_route=%2Fwp%2Fv2%2Fcategories&post=40181"},{"taxonomy":"post_tag","embeddable":true,"href":"https:\/\/radiorevelacionfm.cl\/index.php?rest_route=%2Fwp%2Fv2%2Ftags&post=40181"}],"curies":[{"name":"wp","href":"https:\/\/api.w.org\/{rel}","templated":true}]}}