{"id":40178,"date":"2024-03-08T18:26:52","date_gmt":"2024-03-08T21:26:52","guid":{"rendered":"https:\/\/radiorevelacionfm.cl\/?p=40178"},"modified":"2024-03-08T18:26:52","modified_gmt":"2024-03-08T21:26:52","slug":"campus-patagonia-recibio-a-sus-estudiantes-generacion-2024","status":"publish","type":"post","link":"https:\/\/radiorevelacionfm.cl\/?p=40178","title":{"rendered":"Campus Patagonia recibi\u00f3 a sus estudiantes generaci\u00f3n 2024"},"content":{"rendered":"<div class=\"flex_column av_one_full  flex_column_div av-zero-column-padding first  avia-builder-el-0  el_before_av_one_full  avia-builder-el-first  \" style='border-radius:0px; '><div  class='avia-image-container  av-styling-    avia-builder-el-1  avia-builder-el-no-sibling  avia-align-center '  itemprop=\"image\" itemscope=\"itemscope\" itemtype=\"https:\/\/schema.org\/ImageObject\"  ><div class='avia-image-container-inner'><div class='avia-image-overlay-wrap'><img decoding=\"async\" class='wp-image-40179 avia-img-lazy-loading-not-40179 avia_image' src=\"https:\/\/radiorevelacionfm.cl\/wp-content\/uploads\/2024\/03\/bienvenida-patagonia6-1_optimized-1.jpeg\" alt='' title='bienvenida-patagonia6-(1)_optimized (1)' height=\"600\" width=\"800\"  itemprop=\"thumbnailUrl\" srcset=\"https:\/\/radiorevelacionfm.cl\/wp-content\/uploads\/2024\/03\/bienvenida-patagonia6-1_optimized-1.jpeg 800w, https:\/\/radiorevelacionfm.cl\/wp-content\/uploads\/2024\/03\/bienvenida-patagonia6-1_optimized-1-300x225.jpeg 300w, https:\/\/radiorevelacionfm.cl\/wp-content\/uploads\/2024\/03\/bienvenida-patagonia6-1_optimized-1-768x576.jpeg 768w, https:\/\/radiorevelacionfm.cl\/wp-content\/uploads\/2024\/03\/bienvenida-patagonia6-1_optimized-1-705x529.jpeg 705w, https:\/\/radiorevelacionfm.cl\/wp-content\/uploads\/2024\/03\/bienvenida-patagonia6-1_optimized-1-450x338.jpeg 450w, https:\/\/radiorevelacionfm.cl\/wp-content\/uploads\/2024\/03\/bienvenida-patagonia6-1_optimized-1-600x450.jpeg 600w\" sizes=\"(max-width: 800px) 100vw, 800px\" \/><\/div><\/div><\/div><\/div><div class=\"flex_column av_one_full  flex_column_div av-zero-column-padding first  avia-builder-el-2  el_after_av_one_full  el_before_av_one_full  column-top-margin\" style='border-radius:0px; '><section class=\"av_textblock_section \"  itemscope=\"itemscope\" itemtype=\"https:\/\/schema.org\/BlogPosting\" itemprop=\"blogPost\" ><div class='avia_textblock  '   itemprop=\"text\" ><p style=\"text-align: center;\"><strong><span style=\"font-size: 18pt;\">Campus Patagonia recibi\u00f3 a sus estudiantes generaci\u00f3n 2024<\/span><\/strong><\/p>\n<div id=\"gtx-trans\" style=\"position: absolute; left: -50px; top: 4.31534px;\">\n<div class=\"gtx-trans-icon\"><\/div>\n<\/div>\n<\/div><\/section><\/div><div class=\"flex_column av_one_full  flex_column_div av-zero-column-padding first  avia-builder-el-4  el_after_av_one_full  el_before_av_hr  column-top-margin\" style='border-radius:0px; '><section class=\"av_textblock_section \"  itemscope=\"itemscope\" itemtype=\"https:\/\/schema.org\/BlogPosting\" itemprop=\"blogPost\" ><div class='avia_textblock  '   itemprop=\"text\" ><p style=\"text-align: justify;\">La Universidad Austral de Chile dio la bienvenida a los y las estudiantes que se integran al Campus Patagonia este a\u00f1o 2024, tanto en la jornada diurna, como vespertina, cursando las carreras T\u00e9cnico Universitario en Producci\u00f3n Agropecuaria, Turismo de Naturaleza, Salmonicultura, Construcci\u00f3n y Obras Civiles y Administraci\u00f3n Contable y Financiera, adem\u00e1s del programa de continuidad de estudios de Ingenier\u00eda de Ejecuci\u00f3n en Producci\u00f3n Agropecuaria.<\/p>\n<p style=\"text-align: justify;\">A trav\u00e9s de una ceremonia efectuada en el sal\u00f3n multiprop\u00f3sitos del Campus, los estudiantes pudieron conocer las principales autoridades de la Universidad en Coyhaique y\u00a0el cuerpo acad\u00e9mico. En la oportunidad, recibieron el saludo del director del Campus Patagonia, Profesor Mario Brito, quien les dio la bienvenida y los inst\u00f3 desarrollar todas sus habilidades y adquirir los conocimientos necesarios para insertarse exitosamente en la vida laboral, incorporando tambi\u00e9n el desaf\u00edo de un constante perfeccionamiento.<\/p>\n<p style=\"text-align: justify;\">Las actividades tambi\u00e9n contemplaron encuentros con cada jefe de carrera y la inducci\u00f3n a la vida universitaria que incluy\u00f3 es uso de las plataformas digitales institucionales, el sistema de biblioteca, los \u00e1mbitos de acci\u00f3n de la Unidad de Apoyo al Aprendizaje, deportes y una breve introducci\u00f3n al proyecto de equidad de g\u00e9nero \u201cCambiar es Avanzar\u201d.<\/p>\n<p style=\"text-align: justify;\">Piero Inostroza, estudiante de T\u00e9cnico Universitario en Construcci\u00f3n y Obras Civiles, indic\u00f3 que\u00a0\u201cdecid\u00ed estudiar esta carrera porque me dedico al rubro hace cuatro a\u00f1os y\u00a0 no me gusta marcar el paso. Pienso que es necesario estudiar, porque el d\u00eda de ma\u00f1ana son herramientas que te van a servir en el diario vivir, en la b\u00fasqueda de trabajo, para tener un buen empleo y una buena remuneraci\u00f3n, son cosas importantes para el desarrollo personal. Me decid\u00ed por la UACh, porque muchas personas que conozco me recomendaron estudiar en esta universidad y \u00a0estas actividades de bienvenida son muy necesarias, porque son cosas que tenemos que saber, es una buena iniciativa. Estoy muy ansioso por comenzar a estudiar\u201d.<\/p>\n<p style=\"text-align: justify;\">Por su parte, Javiera Panichini, estudiante de T\u00e9cnico Universitario en Administraci\u00f3n Contable y Financiera, coment\u00f3 que \u201cme decid\u00ed por esta carrera porque me gustan los n\u00fameros y la organizaci\u00f3n; eleg\u00ed la UACh porque me gusta esta universidad, c\u00f3mo se ense\u00f1a y lo acad\u00e9mico en general. Estas actividades de recepci\u00f3n me han gustado mucho para conocer a los profesores y tener mayor cercan\u00eda con los compa\u00f1eros y con la universidad.<\/p>\n<p style=\"text-align: justify;\">Las cinco carreras t\u00e9cnicas y el programa de continuidad de estudias comienzan sus clases el d\u00eda lunes 11 de marzo.<\/p>\n<\/div><\/section><\/div><div  style='height:50px' class='hr hr-invisible   avia-builder-el-6  el_after_av_one_full  el_before_av_social_share '><span class='hr-inner ' ><span class='hr-inner-style'><\/span><\/span><\/div><\/p>\n<div  class='av-social-sharing-box  avia-builder-el-7  el_after_av_hr  el_before_av_hr  '><div class='av-share-box'><h5 class='av-share-link-description av-no-toc '>Compartir esta noticia<\/h5><ul class='av-share-box-list noLightbox'><li class='av-share-link av-social-link-facebook' ><a target=\"_blank\" aria-label=\"Compartir en Facebook\" href='https:\/\/www.facebook.com\/sharer.php?u=https:\/\/radiorevelacionfm.cl\/?p=40178&#038;t=Campus%20Patagonia%20recibi%C3%B3%20a%20sus%20estudiantes%20generaci%C3%B3n%202024' aria-hidden='false' data-av_icon='\ue8f3' data-av_iconfont='entypo-fontello' title='' data-avia-related-tooltip='Compartir en Facebook' rel=\"noopener\"><span class='avia_hidden_link_text'>Compartir en Facebook<\/span><\/a><\/li><li class='av-share-link av-social-link-twitter' ><a target=\"_blank\" aria-label=\"Compartir en Twitter\" href='https:\/\/twitter.com\/share?text=Campus%20Patagonia%20recibi%C3%B3%20a%20sus%20estudiantes%20generaci%C3%B3n%202024&#038;url=https:\/\/radiorevelacionfm.cl\/?p=40178' aria-hidden='false' data-av_icon='\ue8f1' data-av_iconfont='entypo-fontello' title='' data-avia-related-tooltip='Compartir en Twitter' rel=\"noopener\"><span class='avia_hidden_link_text'>Compartir en Twitter<\/span><\/a><\/li><li class='av-share-link av-social-link-whatsapp' ><a target=\"_blank\" aria-label=\"Compartir en Whatsapp\" href='https:\/\/api.whatsapp.com\/send?text=https:\/\/radiorevelacionfm.cl\/?p=40178' aria-hidden='false' data-av_icon='\uf232' data-av_iconfont='entypo-fontello' title='' data-avia-related-tooltip='Compartir en Whatsapp' rel=\"noopener\"><span class='avia_hidden_link_text'>Compartir en Whatsapp<\/span><\/a><\/li><li class='av-share-link av-social-link-linkedin' ><a target=\"_blank\" aria-label=\"Compartir en LinkedIn\" href='https:\/\/linkedin.com\/shareArticle?mini=true&#038;title=Campus%20Patagonia%20recibi%C3%B3%20a%20sus%20estudiantes%20generaci%C3%B3n%202024&#038;url=https:\/\/radiorevelacionfm.cl\/?p=40178' aria-hidden='false' data-av_icon='\ue8fc' data-av_iconfont='entypo-fontello' title='' data-avia-related-tooltip='Compartir en LinkedIn' rel=\"noopener\"><span class='avia_hidden_link_text'>Compartir en LinkedIn<\/span><\/a><\/li><li class='av-share-link av-social-link-mail' ><a  aria-label=\"Compartir por correo\" href='mailto:?subject=Campus%20Patagonia%20recibi%C3%B3%20a%20sus%20estudiantes%20generaci%C3%B3n%202024&#038;body=https:\/\/radiorevelacionfm.cl\/?p=40178' aria-hidden='false' data-av_icon='\ue805' data-av_iconfont='entypo-fontello' title='' data-avia-related-tooltip='Compartir por correo'><span class='avia_hidden_link_text'>Compartir por correo<\/span><\/a><\/li><\/ul><\/div><\/div>\n<div  style='height:50px' class='hr hr-invisible   avia-builder-el-8  el_after_av_social_share  el_before_av_comments_list '><span class='hr-inner ' ><span class='hr-inner-style'><\/span><\/span><\/div>\n<div  class='av-buildercomment  av-blog-meta-html-info-disabled av-blog-meta-tag-disabled  '><\/div>\n","protected":false},"excerpt":{"rendered":"","protected":false},"author":1,"featured_media":40179,"comment_status":"open","ping_status":"open","sticky":false,"template":"","format":"standard","meta":{"footnotes":""},"categories":[49],"tags":[],"class_list":["post-40178","post","type-post","status-publish","format-standard","has-post-thumbnail","hentry","category-educacion"],"jetpack_featured_media_url":"https:\/\/radiorevelacionfm.cl\/wp-content\/uploads\/2024\/03\/bienvenida-patagonia6-1_optimized-1.jpeg","_links":{"self":[{"href":"https:\/\/radiorevelacionfm.cl\/index.php?rest_route=\/wp\/v2\/posts\/40178","targetHints":{"allow":["GET"]}}],"collection":[{"href":"https:\/\/radiorevelacionfm.cl\/index.php?rest_route=\/wp\/v2\/posts"}],"about":[{"href":"https:\/\/radiorevelacionfm.cl\/index.php?rest_route=\/wp\/v2\/types\/post"}],"author":[{"embeddable":true,"href":"https:\/\/radiorevelacionfm.cl\/index.php?rest_route=\/wp\/v2\/users\/1"}],"replies":[{"embeddable":true,"href":"https:\/\/radiorevelacionfm.cl\/index.php?rest_route=%2Fwp%2Fv2%2Fcomments&post=40178"}],"version-history":[{"count":1,"href":"https:\/\/radiorevelacionfm.cl\/index.php?rest_route=\/wp\/v2\/posts\/40178\/revisions"}],"predecessor-version":[{"id":40180,"href":"https:\/\/radiorevelacionfm.cl\/index.php?rest_route=\/wp\/v2\/posts\/40178\/revisions\/40180"}],"wp:featuredmedia":[{"embeddable":true,"href":"https:\/\/radiorevelacionfm.cl\/index.php?rest_route=\/wp\/v2\/media\/40179"}],"wp:attachment":[{"href":"https:\/\/radiorevelacionfm.cl\/index.php?rest_route=%2Fwp%2Fv2%2Fmedia&parent=40178"}],"wp:term":[{"taxonomy":"category","embeddable":true,"href":"https:\/\/radiorevelacionfm.cl\/index.php?rest_route=%2Fwp%2Fv2%2Fcategories&post=40178"},{"taxonomy":"post_tag","embeddable":true,"href":"https:\/\/radiorevelacionfm.cl\/index.php?rest_route=%2Fwp%2Fv2%2Ftags&post=40178"}],"curies":[{"name":"wp","href":"https:\/\/api.w.org\/{rel}","templated":true}]}}