{"id":40167,"date":"2024-03-08T12:40:24","date_gmt":"2024-03-08T15:40:24","guid":{"rendered":"https:\/\/radiorevelacionfm.cl\/?p=40167"},"modified":"2024-03-08T12:40:24","modified_gmt":"2024-03-08T15:40:24","slug":"8m-senadora-ordenes-tramito-con-apoyo-transversal-la-ley-marco-sobre-el-derecho-de-las-mujeres-a-una-vida-libre-de-violencia","status":"publish","type":"post","link":"https:\/\/radiorevelacionfm.cl\/?p=40167","title":{"rendered":"8M: Senadora \u00d3rdenes tramit\u00f3 con apoyo transversal la Ley Marco sobre el derecho de las mujeres a una vida libre de violencia"},"content":{"rendered":"<div class=\"flex_column av_one_full  flex_column_div av-zero-column-padding first  avia-builder-el-0  el_before_av_one_full  avia-builder-el-first  \" style='border-radius:0px; '><div  class='avia-image-container  av-styling-    avia-builder-el-1  avia-builder-el-no-sibling  avia-align-center '  itemprop=\"image\" itemscope=\"itemscope\" itemtype=\"https:\/\/schema.org\/ImageObject\"  ><div class='avia-image-container-inner'><div class='avia-image-overlay-wrap'><img decoding=\"async\" class='wp-image-40168 avia-img-lazy-loading-not-40168 avia_image' src=\"https:\/\/radiorevelacionfm.cl\/wp-content\/uploads\/2024\/03\/FOTO-1-7-1-1.jpg\" alt='' title='FOTO #1 (7) (1) (1)' height=\"600\" width=\"852\"  itemprop=\"thumbnailUrl\" srcset=\"https:\/\/radiorevelacionfm.cl\/wp-content\/uploads\/2024\/03\/FOTO-1-7-1-1.jpg 852w, https:\/\/radiorevelacionfm.cl\/wp-content\/uploads\/2024\/03\/FOTO-1-7-1-1-300x211.jpg 300w, https:\/\/radiorevelacionfm.cl\/wp-content\/uploads\/2024\/03\/FOTO-1-7-1-1-768x541.jpg 768w, https:\/\/radiorevelacionfm.cl\/wp-content\/uploads\/2024\/03\/FOTO-1-7-1-1-705x496.jpg 705w, https:\/\/radiorevelacionfm.cl\/wp-content\/uploads\/2024\/03\/FOTO-1-7-1-1-450x317.jpg 450w, https:\/\/radiorevelacionfm.cl\/wp-content\/uploads\/2024\/03\/FOTO-1-7-1-1-600x423.jpg 600w\" sizes=\"(max-width: 852px) 100vw, 852px\" \/><\/div><\/div><\/div><\/div><div class=\"flex_column av_one_full  flex_column_div av-zero-column-padding first  avia-builder-el-2  el_after_av_one_full  el_before_av_one_full  column-top-margin\" style='border-radius:0px; '><section class=\"av_textblock_section \"  itemscope=\"itemscope\" itemtype=\"https:\/\/schema.org\/BlogPosting\" itemprop=\"blogPost\" ><div class='avia_textblock  '   itemprop=\"text\" ><p style=\"text-align: center;\"><span style=\"font-size: 18pt;\"><strong>8M: Senadora \u00d3rdenes tramit\u00f3 con apoyo transversal la Ley Marco sobre el derecho de las mujeres a una vida libre de violencia<\/strong><\/span><\/p>\n<div id=\"gtx-trans\" style=\"position: absolute; left: -50px; top: 4.31534px;\">\n<div class=\"gtx-trans-icon\"><\/div>\n<\/div>\n<\/div><\/section><\/div><div class=\"flex_column av_one_full  flex_column_div av-zero-column-padding first  avia-builder-el-4  el_after_av_one_full  el_before_av_hr  column-top-margin\" style='border-radius:0px; '><section class=\"av_textblock_section \"  itemscope=\"itemscope\" itemtype=\"https:\/\/schema.org\/BlogPosting\" itemprop=\"blogPost\" ><div class='avia_textblock  '   itemprop=\"text\" ><p style=\"text-align: justify;\">Junto con algunas ceremonias de reflexi\u00f3n y otras intervenciones, como la iluminaci\u00f3n de color morado el edificio del Congreso Nacional, adem\u00e1s de otras actividades que se realizar\u00e1n durante todo el mes para visibilizar temas como la dignidad, respeto, sororidad, igualdad y equidad de la mujer, el Senado aprob\u00f3 este mi\u00e9rcoles la Ley Integral contra la violencia hacia las mujeres, quedando, la iniciativa, en condiciones de ser promulgada como ley de la Rep\u00fablica.<\/p>\n<p style=\"text-align: justify;\">La senadora por la regi\u00f3n de Ays\u00e9n, Ximena \u00d3rdenes valor\u00f3 la transversalidad de apoyos que logr\u00f3 la tramitaci\u00f3n, se\u00f1alando que se requer\u00eda una ley como esta, que logra ser un gran paso de cara a una nueva conmemoraci\u00f3n del 8M. \u201cEn el marco de conmemoraci\u00f3n por el D\u00eda Internacional de la Mujer, el Congreso Nacional ha despachado una Ley Marco sobre el derecho de las mujeres a una vida libre de violencia\u201d, destac\u00f3 la parlamentaria.<\/p>\n<p style=\"text-align: justify;\">\u201cEsta Ley es de car\u00e1cter integral. Quiero valorar que ha sido tramitada con el apoyo transversal de los distintos sectores pol\u00edticos y apunta, por un lado, a reconocer los tratados internacionales que Chile ha firmado en materia de prevenci\u00f3n, sanci\u00f3n y erradicaci\u00f3n de violencia contra las mujeres, como es la CEDAW -Convenci\u00f3n para la Eliminaci\u00f3n de todas las formas de Discriminaci\u00f3n contra la Mujer- y la Convenci\u00f3n Bel\u00e9m do Parau\u201d, sostuvo \u00d3rdenes, recordando que Chile ya ha firmado acuerdos previos que tienen el objetivo de erradicar la discriminaci\u00f3n y violencia contra las mujeres.<\/p>\n<p style=\"text-align: justify;\">Sobre la inspiraci\u00f3n de esta iniciativa, la senadora explic\u00f3 que, \u201clo que pretende -la ley- es articular la oferta p\u00fablica existente, para generar mayor protecci\u00f3n a las v\u00edctimas y avanzar en los temas de prevenci\u00f3n de la violencia contra las mujeres\u201d, comentando que, \u201ceste es un tema hist\u00f3rico que ha sido invisibilizado por a\u00f1os, sobre el que se ha legislado, se han ratificado convenios internacionales, pero que requer\u00eda una ley que la aborde de manera integral. Creo que esto es un gran paso en el marco de un nuevo 8 de marzo\u201d, sostuvo la representante por la regi\u00f3n de Ays\u00e9n.<\/p>\n<p style=\"text-align: justify;\">La ley contempla el lograr mejorar la fiscalizaci\u00f3n a las medidas cautelares y a establecer un mecanismo de supervisi\u00f3n judicial para garantizar su cumplimiento, adem\u00e1s de fortalecer el rol de representaci\u00f3n jur\u00eddica en casos de femicidios o suicidios femicidas. Del mismo modo, considerar\u00e1 a los ni\u00f1os, ni\u00f1as y adolescentes como v\u00edctimas y no solo testigos de violencia de g\u00e9nero, entre otros puntos, como el lograr mejorar la articulaci\u00f3n entre las distintas instituciones que trabajan en la prevenci\u00f3n.<\/p>\n<\/div><\/section><\/div><div  style='height:50px' class='hr hr-invisible   avia-builder-el-6  el_after_av_one_full  el_before_av_social_share '><span class='hr-inner ' ><span class='hr-inner-style'><\/span><\/span><\/div><\/p>\n<div  class='av-social-sharing-box  avia-builder-el-7  el_after_av_hr  el_before_av_hr  '><div class='av-share-box'><h5 class='av-share-link-description av-no-toc '>Compartir esta noticia<\/h5><ul class='av-share-box-list noLightbox'><li class='av-share-link av-social-link-facebook' ><a target=\"_blank\" aria-label=\"Compartir en Facebook\" href='https:\/\/www.facebook.com\/sharer.php?u=https:\/\/radiorevelacionfm.cl\/?p=40167&#038;t=8M%3A%20Senadora%20%C3%93rdenes%20tramit%C3%B3%20con%20apoyo%20transversal%20la%20Ley%20Marco%20sobre%20el%20derecho%20de%20las%20mujeres%20a%20una%20vida%20libre%20de%20violencia' aria-hidden='false' data-av_icon='\ue8f3' data-av_iconfont='entypo-fontello' title='' data-avia-related-tooltip='Compartir en Facebook' rel=\"noopener\"><span class='avia_hidden_link_text'>Compartir en Facebook<\/span><\/a><\/li><li class='av-share-link av-social-link-twitter' ><a target=\"_blank\" aria-label=\"Compartir en Twitter\" href='https:\/\/twitter.com\/share?text=8M%3A%20Senadora%20%C3%93rdenes%20tramit%C3%B3%20con%20apoyo%20transversal%20la%20Ley%20Marco%20sobre%20el%20derecho%20de%20las%20mujeres%20a%20una%20vida%20libre%20de%20violencia&#038;url=https:\/\/radiorevelacionfm.cl\/?p=40167' aria-hidden='false' data-av_icon='\ue8f1' data-av_iconfont='entypo-fontello' title='' data-avia-related-tooltip='Compartir en Twitter' rel=\"noopener\"><span class='avia_hidden_link_text'>Compartir en Twitter<\/span><\/a><\/li><li class='av-share-link av-social-link-whatsapp' ><a target=\"_blank\" aria-label=\"Compartir en Whatsapp\" href='https:\/\/api.whatsapp.com\/send?text=https:\/\/radiorevelacionfm.cl\/?p=40167' aria-hidden='false' data-av_icon='\uf232' data-av_iconfont='entypo-fontello' title='' data-avia-related-tooltip='Compartir en Whatsapp' rel=\"noopener\"><span class='avia_hidden_link_text'>Compartir en Whatsapp<\/span><\/a><\/li><li class='av-share-link av-social-link-linkedin' ><a target=\"_blank\" aria-label=\"Compartir en LinkedIn\" href='https:\/\/linkedin.com\/shareArticle?mini=true&#038;title=8M%3A%20Senadora%20%C3%93rdenes%20tramit%C3%B3%20con%20apoyo%20transversal%20la%20Ley%20Marco%20sobre%20el%20derecho%20de%20las%20mujeres%20a%20una%20vida%20libre%20de%20violencia&#038;url=https:\/\/radiorevelacionfm.cl\/?p=40167' aria-hidden='false' data-av_icon='\ue8fc' data-av_iconfont='entypo-fontello' title='' data-avia-related-tooltip='Compartir en LinkedIn' rel=\"noopener\"><span class='avia_hidden_link_text'>Compartir en LinkedIn<\/span><\/a><\/li><li class='av-share-link av-social-link-mail' ><a  aria-label=\"Compartir por correo\" href='mailto:?subject=8M%3A%20Senadora%20%C3%93rdenes%20tramit%C3%B3%20con%20apoyo%20transversal%20la%20Ley%20Marco%20sobre%20el%20derecho%20de%20las%20mujeres%20a%20una%20vida%20libre%20de%20violencia&#038;body=https:\/\/radiorevelacionfm.cl\/?p=40167' aria-hidden='false' data-av_icon='\ue805' data-av_iconfont='entypo-fontello' title='' data-avia-related-tooltip='Compartir por correo'><span class='avia_hidden_link_text'>Compartir por correo<\/span><\/a><\/li><\/ul><\/div><\/div>\n<div  style='height:50px' class='hr hr-invisible   avia-builder-el-8  el_after_av_social_share  el_before_av_comments_list '><span class='hr-inner ' ><span class='hr-inner-style'><\/span><\/span><\/div>\n<div  class='av-buildercomment  av-blog-meta-html-info-disabled av-blog-meta-tag-disabled  '><\/div>\n","protected":false},"excerpt":{"rendered":"","protected":false},"author":1,"featured_media":40168,"comment_status":"open","ping_status":"open","sticky":false,"template":"","format":"standard","meta":{"footnotes":""},"categories":[35],"tags":[],"class_list":["post-40167","post","type-post","status-publish","format-standard","has-post-thumbnail","hentry","category-politica"],"jetpack_featured_media_url":"https:\/\/radiorevelacionfm.cl\/wp-content\/uploads\/2024\/03\/FOTO-1-7-1-1.jpg","_links":{"self":[{"href":"https:\/\/radiorevelacionfm.cl\/index.php?rest_route=\/wp\/v2\/posts\/40167","targetHints":{"allow":["GET"]}}],"collection":[{"href":"https:\/\/radiorevelacionfm.cl\/index.php?rest_route=\/wp\/v2\/posts"}],"about":[{"href":"https:\/\/radiorevelacionfm.cl\/index.php?rest_route=\/wp\/v2\/types\/post"}],"author":[{"embeddable":true,"href":"https:\/\/radiorevelacionfm.cl\/index.php?rest_route=\/wp\/v2\/users\/1"}],"replies":[{"embeddable":true,"href":"https:\/\/radiorevelacionfm.cl\/index.php?rest_route=%2Fwp%2Fv2%2Fcomments&post=40167"}],"version-history":[{"count":1,"href":"https:\/\/radiorevelacionfm.cl\/index.php?rest_route=\/wp\/v2\/posts\/40167\/revisions"}],"predecessor-version":[{"id":40169,"href":"https:\/\/radiorevelacionfm.cl\/index.php?rest_route=\/wp\/v2\/posts\/40167\/revisions\/40169"}],"wp:featuredmedia":[{"embeddable":true,"href":"https:\/\/radiorevelacionfm.cl\/index.php?rest_route=\/wp\/v2\/media\/40168"}],"wp:attachment":[{"href":"https:\/\/radiorevelacionfm.cl\/index.php?rest_route=%2Fwp%2Fv2%2Fmedia&parent=40167"}],"wp:term":[{"taxonomy":"category","embeddable":true,"href":"https:\/\/radiorevelacionfm.cl\/index.php?rest_route=%2Fwp%2Fv2%2Fcategories&post=40167"},{"taxonomy":"post_tag","embeddable":true,"href":"https:\/\/radiorevelacionfm.cl\/index.php?rest_route=%2Fwp%2Fv2%2Ftags&post=40167"}],"curies":[{"name":"wp","href":"https:\/\/api.w.org\/{rel}","templated":true}]}}