{"id":40161,"date":"2024-03-07T22:37:00","date_gmt":"2024-03-08T01:37:00","guid":{"rendered":"https:\/\/radiorevelacionfm.cl\/?p=40161"},"modified":"2024-03-07T22:37:00","modified_gmt":"2024-03-08T01:37:00","slug":"difunden-amplio-programa-de-actividades-con-motivo-del-dia-internacional-de-la-mujer","status":"publish","type":"post","link":"https:\/\/radiorevelacionfm.cl\/?p=40161","title":{"rendered":"Difunden amplio programa de actividades con motivo del D\u00eda Internacional de la Mujer"},"content":{"rendered":"<div class=\"flex_column av_one_full  flex_column_div av-zero-column-padding first  avia-builder-el-0  el_before_av_one_full  avia-builder-el-first  \" style='border-radius:0px; '><div  class='avia-image-container  av-styling-    avia-builder-el-1  avia-builder-el-no-sibling  avia-align-center '  itemprop=\"image\" itemscope=\"itemscope\" itemtype=\"https:\/\/schema.org\/ImageObject\"  ><div class='avia-image-container-inner'><div class='avia-image-overlay-wrap'><img decoding=\"async\" class='wp-image-40162 avia-img-lazy-loading-not-40162 avia_image' src=\"https:\/\/radiorevelacionfm.cl\/wp-content\/uploads\/2024\/03\/whatsapp-image-2024-03-07-at-5_optimized.44.33-pm-1-1.jpeg\" alt='' title='whatsapp-image-2024-03-07-at-5_optimized.44.33-pm-(1) (1)' height=\"600\" width=\"901\"  itemprop=\"thumbnailUrl\" srcset=\"https:\/\/radiorevelacionfm.cl\/wp-content\/uploads\/2024\/03\/whatsapp-image-2024-03-07-at-5_optimized.44.33-pm-1-1.jpeg 901w, https:\/\/radiorevelacionfm.cl\/wp-content\/uploads\/2024\/03\/whatsapp-image-2024-03-07-at-5_optimized.44.33-pm-1-1-300x200.jpeg 300w, https:\/\/radiorevelacionfm.cl\/wp-content\/uploads\/2024\/03\/whatsapp-image-2024-03-07-at-5_optimized.44.33-pm-1-1-768x511.jpeg 768w, https:\/\/radiorevelacionfm.cl\/wp-content\/uploads\/2024\/03\/whatsapp-image-2024-03-07-at-5_optimized.44.33-pm-1-1-705x469.jpeg 705w, https:\/\/radiorevelacionfm.cl\/wp-content\/uploads\/2024\/03\/whatsapp-image-2024-03-07-at-5_optimized.44.33-pm-1-1-450x300.jpeg 450w, https:\/\/radiorevelacionfm.cl\/wp-content\/uploads\/2024\/03\/whatsapp-image-2024-03-07-at-5_optimized.44.33-pm-1-1-600x400.jpeg 600w\" sizes=\"(max-width: 901px) 100vw, 901px\" \/><\/div><\/div><\/div><\/div>\n<div class=\"flex_column av_one_full  flex_column_div av-zero-column-padding first  avia-builder-el-2  el_after_av_one_full  el_before_av_one_full  column-top-margin\" style='border-radius:0px; '><section class=\"av_textblock_section \"  itemscope=\"itemscope\" itemtype=\"https:\/\/schema.org\/BlogPosting\" itemprop=\"blogPost\" ><div class='avia_textblock  '   itemprop=\"text\" ><p style=\"font-weight: 400; text-align: center;\"><span style=\"font-size: 18pt;\"><strong>Difunden amplio programa de actividades <\/strong><strong>con motivo del D\u00eda Internacional de la Mujer<\/strong><\/span><\/p>\n<div id=\"gtx-trans\" style=\"position: absolute; left: -50px; top: 4.31534px;\">\n<div class=\"gtx-trans-icon\"><\/div>\n<\/div>\n<\/div><\/section><\/div><div class=\"flex_column av_one_full  flex_column_div av-zero-column-padding first  avia-builder-el-4  el_after_av_one_full  el_before_av_hr  column-top-margin\" style='border-radius:0px; '><section class=\"av_textblock_section \"  itemscope=\"itemscope\" itemtype=\"https:\/\/schema.org\/BlogPosting\" itemprop=\"blogPost\" ><div class='avia_textblock  '   itemprop=\"text\" ><p style=\"font-weight: 400; text-align: justify;\">Con un programa de m\u00e1s de 40 actividades, el Gobierno conmemora este a\u00f1o el D\u00eda Internacional de la Mujer en la Regi\u00f3n de Ays\u00e9n.<\/p>\n<p style=\"font-weight: 400; text-align: justify;\">Este 8 de marzo, adem\u00e1s de reconocer los avances alcanzados por generaciones anteriores de mujeres, el \u00e9nfasis est\u00e1 puesto en las acciones para prevenir, atender y reparar la violencia contra las mujeres, \u201cporque cuando la violencia contra las mujeres retrocede, el pa\u00eds avanza\u201d.<\/p>\n<p style=\"font-weight: 400; text-align: justify;\">El Delegado Presidencial Regional de Ays\u00e9n, Rodrigo Araya, y la seremi de la Mujer y Equidad de G\u00e9nero, Andrea M\u00e9ndez, destacaron la importancia de\u00a0contribuir a mejorar la vida diaria de las mujeres, mediante una agenda de g\u00e9nero clara, prioritaria y transversal a todos los ministerios.<\/p>\n<p style=\"font-weight: 400; text-align: justify;\">\u201cPara nuestro Gobierno la conmemoraci\u00f3n de este D\u00eda Internacional de la Mujer tiene que ver con el reconocimiento del trabajo que se ha hecho en las \u00faltimas generaciones por revertir esta inequidad de trato. Tambi\u00e9n tenemos un compromiso especial por prevenir y desarrollar acciones concretas para atender y reparar la violencia contra las mujeres. Se aprob\u00f3 la Ley Integral contra la Violencia hacia las Mujeres, que permite distintas mejoras no solo en la persecuci\u00f3n de los delitos, sino que en el trato y acompa\u00f1amiento hacia Las mujeres y sus hijos. Tenemos una amplio calendario de actividades, invitamos a todas las personas a hacer una reflexi\u00f3n en torno a c\u00f3mo avanzar y mejorar el trato equitativo entre hombres y mujeres en nuestro pa\u00eds\u201d, se\u00f1al\u00f3.<\/p>\n<p style=\"font-weight: 400; text-align: justify;\">El programa de actividades re\u00fane acciones y agendas de distintos ministerios, dirigidas espec\u00edficamente a mujeres y ni\u00f1as con la finalidad de contribuir a mejorar sus experiencias de vida.<\/p>\n<p style=\"font-weight: 400; text-align: justify;\">Las iniciativas tienen que ver con capacitaciones para la autonom\u00eda econ\u00f3mica, seguridad en los espacios p\u00fablicos, acceso igualitario a infraestructura y a recursos, desarrollo tecnol\u00f3gico e investigaci\u00f3n cient\u00edfica, entre otras, abarcando diferentes aristas de vida y distintos estilos e intereses.<\/p>\n<\/div><\/section><\/div><\/p>\n<div  style='height:50px' class='hr hr-invisible   avia-builder-el-6  el_after_av_one_full  el_before_av_social_share '><span class='hr-inner ' ><span class='hr-inner-style'><\/span><\/span><\/div>\n<div  class='av-social-sharing-box  avia-builder-el-7  el_after_av_hr  el_before_av_hr  '><div class='av-share-box'><h5 class='av-share-link-description av-no-toc '>Compartir esta noticia<\/h5><ul class='av-share-box-list noLightbox'><li class='av-share-link av-social-link-facebook' ><a target=\"_blank\" aria-label=\"Compartir en Facebook\" href='https:\/\/www.facebook.com\/sharer.php?u=https:\/\/radiorevelacionfm.cl\/?p=40161&#038;t=Difunden%20amplio%20programa%20de%20actividades%20con%20motivo%20del%20D%C3%ADa%20Internacional%20de%20la%20Mujer' aria-hidden='false' data-av_icon='\ue8f3' data-av_iconfont='entypo-fontello' title='' data-avia-related-tooltip='Compartir en Facebook' rel=\"noopener\"><span class='avia_hidden_link_text'>Compartir en Facebook<\/span><\/a><\/li><li class='av-share-link av-social-link-twitter' ><a target=\"_blank\" aria-label=\"Compartir en Twitter\" href='https:\/\/twitter.com\/share?text=Difunden%20amplio%20programa%20de%20actividades%20con%20motivo%20del%20D%C3%ADa%20Internacional%20de%20la%20Mujer&#038;url=https:\/\/radiorevelacionfm.cl\/?p=40161' aria-hidden='false' data-av_icon='\ue8f1' data-av_iconfont='entypo-fontello' title='' data-avia-related-tooltip='Compartir en Twitter' rel=\"noopener\"><span class='avia_hidden_link_text'>Compartir en Twitter<\/span><\/a><\/li><li class='av-share-link av-social-link-whatsapp' ><a target=\"_blank\" aria-label=\"Compartir en Whatsapp\" href='https:\/\/api.whatsapp.com\/send?text=https:\/\/radiorevelacionfm.cl\/?p=40161' aria-hidden='false' data-av_icon='\uf232' data-av_iconfont='entypo-fontello' title='' data-avia-related-tooltip='Compartir en Whatsapp' rel=\"noopener\"><span class='avia_hidden_link_text'>Compartir en Whatsapp<\/span><\/a><\/li><li class='av-share-link av-social-link-linkedin' ><a target=\"_blank\" aria-label=\"Compartir en LinkedIn\" href='https:\/\/linkedin.com\/shareArticle?mini=true&#038;title=Difunden%20amplio%20programa%20de%20actividades%20con%20motivo%20del%20D%C3%ADa%20Internacional%20de%20la%20Mujer&#038;url=https:\/\/radiorevelacionfm.cl\/?p=40161' aria-hidden='false' data-av_icon='\ue8fc' data-av_iconfont='entypo-fontello' title='' data-avia-related-tooltip='Compartir en LinkedIn' rel=\"noopener\"><span class='avia_hidden_link_text'>Compartir en LinkedIn<\/span><\/a><\/li><li class='av-share-link av-social-link-mail' ><a  aria-label=\"Compartir por correo\" href='mailto:?subject=Difunden%20amplio%20programa%20de%20actividades%20con%20motivo%20del%20D%C3%ADa%20Internacional%20de%20la%20Mujer&#038;body=https:\/\/radiorevelacionfm.cl\/?p=40161' aria-hidden='false' data-av_icon='\ue805' data-av_iconfont='entypo-fontello' title='' data-avia-related-tooltip='Compartir por correo'><span class='avia_hidden_link_text'>Compartir por correo<\/span><\/a><\/li><\/ul><\/div><\/div>\n<div  style='height:50px' class='hr hr-invisible   avia-builder-el-8  el_after_av_social_share  el_before_av_comments_list '><span class='hr-inner ' ><span class='hr-inner-style'><\/span><\/span><\/div>\n<div  class='av-buildercomment  av-blog-meta-html-info-disabled av-blog-meta-tag-disabled  '><\/div>\n","protected":false},"excerpt":{"rendered":"","protected":false},"author":1,"featured_media":40162,"comment_status":"open","ping_status":"open","sticky":false,"template":"","format":"standard","meta":{"footnotes":""},"categories":[38],"tags":[],"class_list":["post-40161","post","type-post","status-publish","format-standard","has-post-thumbnail","hentry","category-regional"],"jetpack_featured_media_url":"https:\/\/radiorevelacionfm.cl\/wp-content\/uploads\/2024\/03\/whatsapp-image-2024-03-07-at-5_optimized.44.33-pm-1-1.jpeg","_links":{"self":[{"href":"https:\/\/radiorevelacionfm.cl\/index.php?rest_route=\/wp\/v2\/posts\/40161","targetHints":{"allow":["GET"]}}],"collection":[{"href":"https:\/\/radiorevelacionfm.cl\/index.php?rest_route=\/wp\/v2\/posts"}],"about":[{"href":"https:\/\/radiorevelacionfm.cl\/index.php?rest_route=\/wp\/v2\/types\/post"}],"author":[{"embeddable":true,"href":"https:\/\/radiorevelacionfm.cl\/index.php?rest_route=\/wp\/v2\/users\/1"}],"replies":[{"embeddable":true,"href":"https:\/\/radiorevelacionfm.cl\/index.php?rest_route=%2Fwp%2Fv2%2Fcomments&post=40161"}],"version-history":[{"count":2,"href":"https:\/\/radiorevelacionfm.cl\/index.php?rest_route=\/wp\/v2\/posts\/40161\/revisions"}],"predecessor-version":[{"id":40170,"href":"https:\/\/radiorevelacionfm.cl\/index.php?rest_route=\/wp\/v2\/posts\/40161\/revisions\/40170"}],"wp:featuredmedia":[{"embeddable":true,"href":"https:\/\/radiorevelacionfm.cl\/index.php?rest_route=\/wp\/v2\/media\/40162"}],"wp:attachment":[{"href":"https:\/\/radiorevelacionfm.cl\/index.php?rest_route=%2Fwp%2Fv2%2Fmedia&parent=40161"}],"wp:term":[{"taxonomy":"category","embeddable":true,"href":"https:\/\/radiorevelacionfm.cl\/index.php?rest_route=%2Fwp%2Fv2%2Fcategories&post=40161"},{"taxonomy":"post_tag","embeddable":true,"href":"https:\/\/radiorevelacionfm.cl\/index.php?rest_route=%2Fwp%2Fv2%2Ftags&post=40161"}],"curies":[{"name":"wp","href":"https:\/\/api.w.org\/{rel}","templated":true}]}}