{"id":4016,"date":"2021-05-11T15:51:51","date_gmt":"2021-05-11T18:51:51","guid":{"rendered":"https:\/\/radiorevelacionfm.cl\/?p=4016"},"modified":"2021-05-11T15:57:48","modified_gmt":"2021-05-11T18:57:48","slug":"invitan-a-organizaciones-sociales-de-coyhaique-a-postular-al-programa-accion-para-financiar-iniciativas","status":"publish","type":"post","link":"https:\/\/radiorevelacionfm.cl\/?p=4016","title":{"rendered":"Invitan a organizaciones sociales de Coyhaique a postular al programa Acci\u00f3n para financiar iniciativas"},"content":{"rendered":"<div class=\"flex_column av_one_full  flex_column_div av-zero-column-padding first  avia-builder-el-0  el_before_av_one_full  avia-builder-el-first  \" style='border-radius:0px; '><div  class='avia-image-container  av-styling-    avia-builder-el-1  avia-builder-el-no-sibling  avia-align-center '  itemprop=\"image\" itemscope=\"itemscope\" itemtype=\"https:\/\/schema.org\/ImageObject\"  ><div class='avia-image-container-inner'><div class='avia-image-overlay-wrap'><img decoding=\"async\" class='wp-image-0 avia-img-lazy-loading-not-0 avia_image' src=\"https:\/\/radiorevelacionfm.cl\/wp-content\/uploads\/2021\/05\/Directora-FOSIS-1.jpg\" alt='' title=''   itemprop=\"thumbnailUrl\"  \/><\/div><\/div><\/div><\/div><div class=\"flex_column av_one_full  flex_column_div av-zero-column-padding first  avia-builder-el-2  el_after_av_one_full  el_before_av_one_full  column-top-margin\" style='border-radius:0px; '><section class=\"av_textblock_section \"  itemscope=\"itemscope\" itemtype=\"https:\/\/schema.org\/BlogPosting\" itemprop=\"blogPost\" ><div class='avia_textblock  '   itemprop=\"text\" ><p style=\"text-align: center;\"><strong><span style=\"font-size: 18pt;\">Invitan a organizaciones sociales de Coyhaique a postular al programa Acci\u00f3n para financiar iniciativas<\/span><\/strong><\/p>\n<div id=\"gtx-trans\" style=\"position: absolute; left: -50px; top: 4.31534px;\">\n<div class=\"gtx-trans-icon\"><\/div>\n<\/div>\n<\/div><\/section><\/div><div class=\"flex_column av_one_full  flex_column_div av-zero-column-padding first  avia-builder-el-4  el_after_av_one_full  el_before_av_hr  column-top-margin\" style='border-radius:0px; '><section class=\"av_textblock_section \"  itemscope=\"itemscope\" itemtype=\"https:\/\/schema.org\/BlogPosting\" itemprop=\"blogPost\" ><div class='avia_textblock  '   itemprop=\"text\" ><p style=\"text-align: justify;\">Hasta 2 millones de pesos entrega el programa Acci\u00f3n Autogestionado del FOSIS, para financiar iniciativas para el desarrollo y fortalecimiento de capacidades en organizaciones sociales sin fines de lucro presentes en la comuna de Coyhaique.<\/p>\n<p style=\"text-align: justify;\">El programa Acci\u00f3n Autogestionado busca que las organizaciones sociales tengan la capacidad de definir y analizar problem\u00e1ticas y necesidades propias de su comunidad, como tambi\u00e9n las posibles alternativas de soluci\u00f3n para aportar generando responsabilidad en su gesti\u00f3n; fortaleciendo habilidades de planificaci\u00f3n, organizaci\u00f3n, toma de decisiones y potenciando las buenas relaciones interpersonales.<\/p>\n<p style=\"text-align: justify;\">Los recursos que entrega este proyecto pueden ser utilizados en el desarrollo de actividades comunitarias, talleres, mano de obra especializada u otros; tambi\u00e9n se permite la adquisici\u00f3n de bienes como equipamiento, mobiliario, maquinaria y\/o herramientas, materiales e insumos, tr\u00e1mites y materias primas.<\/p>\n<p style=\"text-align: justify;\">Dominique Br\u00e4utigam, Directora Regional del FOSIS en Ays\u00e9n, invit\u00f3 a las organizaciones sin fines de lucro de Coyhaique a informarse y postular a esta modalidad del programa Acci\u00f3n. \u201cQueremos invitarlos a participar a la convocatoria que est\u00e1 haciendo FOSIS para postular al programa Acci\u00f3n Autogestionado, dirigido especialmente a agrupaciones sociales sin fines de lucro, para poder apoyar su asociatividad y accionar en el territorio. Tenemos 4 cupos disponibles para la comuna de Coyhaique, cada iniciativa puede contar con el financiamiento de hasta 2 millones de pesos\u201d.<\/p>\n<p style=\"text-align: justify;\">Las organizaciones interesadas en participar de esta licitaci\u00f3n podr\u00e1n postular hasta el 24 de mayo, presentando los antecedentes detallados en las bases que se encuentran disponibles en la p\u00e1gina web del FOSIS (<a href=\"http:\/\/www.fosis.gob.cl\">www.fosis.gob.cl<\/a>), accediendo al enlace de \u201cLicitaciones\u201d y posteriormente ingresando al v\u00ednculo de \u201cLicitaciones Ays\u00e9n\u201d o a trav\u00e9s de correo electr\u00f3nico a <a href=\"mailto:ofpartesaysen@fosis.gob.cl\">ofpartesaysen@fosis.gob.cl<\/a>.<\/p>\n<\/div><\/section><\/div><div  style='height:50px' class='hr hr-invisible   avia-builder-el-6  el_after_av_one_full  el_before_av_social_share '><span class='hr-inner ' ><span class='hr-inner-style'><\/span><\/span><\/div><\/p>\n<div  class='av-social-sharing-box  avia-builder-el-7  el_after_av_hr  el_before_av_hr  '><div class='av-share-box'><h5 class='av-share-link-description av-no-toc '>Compartir esta noticia<\/h5><ul class='av-share-box-list noLightbox'><li class='av-share-link av-social-link-facebook' ><a target=\"_blank\" aria-label=\"Compartir en Facebook\" href='https:\/\/www.facebook.com\/sharer.php?u=https:\/\/radiorevelacionfm.cl\/?p=4016&#038;t=Invitan%20a%20organizaciones%20sociales%20de%20Coyhaique%20a%20postular%20al%20programa%20Acci%C3%B3n%20para%20financiar%20iniciativas' aria-hidden='false' data-av_icon='\ue8f3' data-av_iconfont='entypo-fontello' title='' data-avia-related-tooltip='Compartir en Facebook' rel=\"noopener\"><span class='avia_hidden_link_text'>Compartir en Facebook<\/span><\/a><\/li><li class='av-share-link av-social-link-twitter' ><a target=\"_blank\" aria-label=\"Compartir en Twitter\" href='https:\/\/twitter.com\/share?text=Invitan%20a%20organizaciones%20sociales%20de%20Coyhaique%20a%20postular%20al%20programa%20Acci%C3%B3n%20para%20financiar%20iniciativas&#038;url=https:\/\/radiorevelacionfm.cl\/?p=4016' aria-hidden='false' data-av_icon='\ue8f1' data-av_iconfont='entypo-fontello' title='' data-avia-related-tooltip='Compartir en Twitter' rel=\"noopener\"><span class='avia_hidden_link_text'>Compartir en Twitter<\/span><\/a><\/li><li class='av-share-link av-social-link-whatsapp' ><a target=\"_blank\" aria-label=\"Compartir en Whatsapp\" href='https:\/\/api.whatsapp.com\/send?text=https:\/\/radiorevelacionfm.cl\/?p=4016' aria-hidden='false' data-av_icon='\uf232' data-av_iconfont='entypo-fontello' title='' data-avia-related-tooltip='Compartir en Whatsapp' rel=\"noopener\"><span class='avia_hidden_link_text'>Compartir en Whatsapp<\/span><\/a><\/li><li class='av-share-link av-social-link-linkedin' ><a target=\"_blank\" aria-label=\"Compartir en LinkedIn\" href='https:\/\/linkedin.com\/shareArticle?mini=true&#038;title=Invitan%20a%20organizaciones%20sociales%20de%20Coyhaique%20a%20postular%20al%20programa%20Acci%C3%B3n%20para%20financiar%20iniciativas&#038;url=https:\/\/radiorevelacionfm.cl\/?p=4016' aria-hidden='false' data-av_icon='\ue8fc' data-av_iconfont='entypo-fontello' title='' data-avia-related-tooltip='Compartir en LinkedIn' rel=\"noopener\"><span class='avia_hidden_link_text'>Compartir en LinkedIn<\/span><\/a><\/li><li class='av-share-link av-social-link-mail' ><a  aria-label=\"Compartir por correo\" href='mailto:?subject=Invitan%20a%20organizaciones%20sociales%20de%20Coyhaique%20a%20postular%20al%20programa%20Acci%C3%B3n%20para%20financiar%20iniciativas&#038;body=https:\/\/radiorevelacionfm.cl\/?p=4016' aria-hidden='false' data-av_icon='\ue805' data-av_iconfont='entypo-fontello' title='' data-avia-related-tooltip='Compartir por correo'><span class='avia_hidden_link_text'>Compartir por correo<\/span><\/a><\/li><\/ul><\/div><\/div>\n<div  style='height:50px' class='hr hr-invisible   avia-builder-el-8  el_after_av_social_share  el_before_av_comments_list '><span class='hr-inner ' ><span class='hr-inner-style'><\/span><\/span><\/div>\n<div  class='av-buildercomment  av-blog-meta-html-info-disabled av-blog-meta-tag-disabled  '><\/div>\n","protected":false},"excerpt":{"rendered":"","protected":false},"author":1,"featured_media":0,"comment_status":"open","ping_status":"open","sticky":false,"template":"","format":"standard","meta":{"footnotes":""},"categories":[38],"tags":[],"class_list":["post-4016","post","type-post","status-publish","format-standard","hentry","category-regional"],"jetpack_featured_media_url":"","_links":{"self":[{"href":"https:\/\/radiorevelacionfm.cl\/index.php?rest_route=\/wp\/v2\/posts\/4016","targetHints":{"allow":["GET"]}}],"collection":[{"href":"https:\/\/radiorevelacionfm.cl\/index.php?rest_route=\/wp\/v2\/posts"}],"about":[{"href":"https:\/\/radiorevelacionfm.cl\/index.php?rest_route=\/wp\/v2\/types\/post"}],"author":[{"embeddable":true,"href":"https:\/\/radiorevelacionfm.cl\/index.php?rest_route=\/wp\/v2\/users\/1"}],"replies":[{"embeddable":true,"href":"https:\/\/radiorevelacionfm.cl\/index.php?rest_route=%2Fwp%2Fv2%2Fcomments&post=4016"}],"version-history":[{"count":1,"href":"https:\/\/radiorevelacionfm.cl\/index.php?rest_route=\/wp\/v2\/posts\/4016\/revisions"}],"predecessor-version":[{"id":4019,"href":"https:\/\/radiorevelacionfm.cl\/index.php?rest_route=\/wp\/v2\/posts\/4016\/revisions\/4019"}],"wp:attachment":[{"href":"https:\/\/radiorevelacionfm.cl\/index.php?rest_route=%2Fwp%2Fv2%2Fmedia&parent=4016"}],"wp:term":[{"taxonomy":"category","embeddable":true,"href":"https:\/\/radiorevelacionfm.cl\/index.php?rest_route=%2Fwp%2Fv2%2Fcategories&post=4016"},{"taxonomy":"post_tag","embeddable":true,"href":"https:\/\/radiorevelacionfm.cl\/index.php?rest_route=%2Fwp%2Fv2%2Ftags&post=4016"}],"curies":[{"name":"wp","href":"https:\/\/api.w.org\/{rel}","templated":true}]}}