{"id":40158,"date":"2024-03-08T15:46:32","date_gmt":"2024-03-08T18:46:32","guid":{"rendered":"https:\/\/radiorevelacionfm.cl\/?p=40158"},"modified":"2024-03-08T15:46:32","modified_gmt":"2024-03-08T18:46:32","slug":"mas-de-1-800-pymes-lideradas-por-mujeres-incorporaron-herramientas-digitales-en-sus-negocios-durante-el-ano-2023","status":"publish","type":"post","link":"https:\/\/radiorevelacionfm.cl\/?p=40158","title":{"rendered":"M\u00e1s de 1.800 pymes lideradas por mujeres incorporaron herramientas digitales en sus negocios durante el a\u00f1o 2023"},"content":{"rendered":"<div class=\"flex_column av_one_full  flex_column_div av-zero-column-padding first  avia-builder-el-0  el_before_av_one_full  avia-builder-el-first  \" style='border-radius:0px; '><div  class='avia-image-container  av-styling-    avia-builder-el-1  avia-builder-el-no-sibling  avia-align-center '  itemprop=\"image\" itemscope=\"itemscope\" itemtype=\"https:\/\/schema.org\/ImageObject\"  ><div class='avia-image-container-inner'><div class='avia-image-overlay-wrap'><img decoding=\"async\" class='wp-image-40159 avia-img-lazy-loading-not-40159 avia_image' src=\"https:\/\/radiorevelacionfm.cl\/wp-content\/uploads\/2024\/03\/turismo-222-1_optimized-1.jpg\" alt='' title='turismo-222-(1)_optimized (1)' height=\"600\" width=\"1067\"  itemprop=\"thumbnailUrl\" srcset=\"https:\/\/radiorevelacionfm.cl\/wp-content\/uploads\/2024\/03\/turismo-222-1_optimized-1.jpg 1067w, https:\/\/radiorevelacionfm.cl\/wp-content\/uploads\/2024\/03\/turismo-222-1_optimized-1-300x169.jpg 300w, https:\/\/radiorevelacionfm.cl\/wp-content\/uploads\/2024\/03\/turismo-222-1_optimized-1-1030x579.jpg 1030w, https:\/\/radiorevelacionfm.cl\/wp-content\/uploads\/2024\/03\/turismo-222-1_optimized-1-768x432.jpg 768w, https:\/\/radiorevelacionfm.cl\/wp-content\/uploads\/2024\/03\/turismo-222-1_optimized-1-705x396.jpg 705w, https:\/\/radiorevelacionfm.cl\/wp-content\/uploads\/2024\/03\/turismo-222-1_optimized-1-450x253.jpg 450w, https:\/\/radiorevelacionfm.cl\/wp-content\/uploads\/2024\/03\/turismo-222-1_optimized-1-600x337.jpg 600w\" sizes=\"(max-width: 1067px) 100vw, 1067px\" \/><\/div><\/div><\/div><\/div><div class=\"flex_column av_one_full  flex_column_div av-zero-column-padding first  avia-builder-el-2  el_after_av_one_full  el_before_av_one_full  column-top-margin\" style='border-radius:0px; '><section class=\"av_textblock_section \"  itemscope=\"itemscope\" itemtype=\"https:\/\/schema.org\/BlogPosting\" itemprop=\"blogPost\" ><div class='avia_textblock  '   itemprop=\"text\" ><p style=\"text-align: center;\"><span style=\"font-size: 18pt;\"><b>M\u00e1s de 1.800 pymes lideradas por mujeres incorporaron herramientas digitales en sus negocios durante el a\u00f1o 2023<\/b><\/span><\/p>\n<div id=\"gtx-trans\" style=\"position: absolute; left: -50px; top: 4.31534px;\">\n<div class=\"gtx-trans-icon\"><\/div>\n<\/div>\n<\/div><\/section><\/div><div class=\"flex_column av_one_full  flex_column_div av-zero-column-padding first  avia-builder-el-4  el_after_av_one_full  el_before_av_hr  column-top-margin\" style='border-radius:0px; '><section class=\"av_textblock_section \"  itemscope=\"itemscope\" itemtype=\"https:\/\/schema.org\/BlogPosting\" itemprop=\"blogPost\" ><div class='avia_textblock  '   itemprop=\"text\" ><p style=\"font-weight: 400; text-align: justify;\">Con una amplia presencia a nivel nacional, la Red de Asistencia Digital Fortalece Pyme (FPyme), impulsada por Corfo, asisti\u00f3 t\u00e9cnicamente a 4.887 pymes, durante 2023. De ese total, 1.853\u00a0fueron Empresas Lideradas por Mujeres (ELM) en \u00e1reas como comercio, turismo, construcci\u00f3n y alimentos.<\/p>\n<p style=\"font-weight: 400; text-align: justify;\">Las regiones que lograron tener una mejor cobertura en ELM fueron la\u00a0Metropolitana con un 54,3%, seguida por Ays\u00e9n con un 53,5%; mientras que las m\u00e1s bajas fueron Maule con un 20,7%, y Biob\u00edo con 24,4%.<\/p>\n<p style=\"font-weight: 400; text-align: justify;\">\u201cLa digitalizaci\u00f3n desempe\u00f1a un papel crucial en respaldar el desarrollo empresarial de las mujeres y en aumentar la productividad en los diferentes territorios. Por esto, consideramos fundamental integrar el enfoque de g\u00e9nero en los procesos de atenci\u00f3n de los proyectos de la Red Fortalece Pyme. Esto lo percibimos como un imperativo para mejorar el acceso efectivo de las ELM a soluciones digitales, garantizando beneficios m\u00e1s significativos que contribuyan al fortalecimiento de sus negocios y a la mejora de su productividad\u201d, sostuvo\u00a0el\u00a0gerente de Redes y Territorios de Corfo, Claudio Valenzuela.<\/p>\n<p style=\"font-weight: 400; text-align: justify;\">La asistencia que otorga FPyme implica la detecci\u00f3n de las brechas digitales en la ELM, y la identificaci\u00f3n de las tecnolog\u00edas m\u00e1s apropiadas a incorporar. Posteriormente, se realiza un acompa\u00f1amiento durante la fase de adopci\u00f3n tecnol\u00f3gica, seguido de la evaluaci\u00f3n de impactos y la formulaci\u00f3n de un plan para asegurar la continuidad y\/o el escalamiento.<\/p>\n<p style=\"font-weight: 400; text-align: justify;\">FPYME AYS\u00c9N<\/p>\n<p style=\"font-weight: 400; text-align: justify;\">Humberto Mar\u00edn Leiva, director de Corfo Ays\u00e9n detall\u00f3 que, en los \u00faltimos dos a\u00f1os, el programa FPyme Ays\u00e9n ha realizado m\u00e1s de 300 diagn\u00f3sticos digitales y capacitado a m\u00e1s de 800 empresas y emprendedores en Ays\u00e9n, las que son lideradas en un 65% por mujeres, abarcando desde emprendimientos individuales hasta grandes empresas.<\/p>\n<p style=\"font-weight: 400; text-align: justify;\">Agreg\u00f3 que las pymes lideradas por mujeres en nuestro pa\u00eds y regi\u00f3n enfrentan diversos desaf\u00edos para adaptarse al entorno digital, incluyendo limitaciones financieras, falta de capacitaci\u00f3n t\u00e9cnica y acceso restringido a recursos digitales, entre otros. \u201cEn Corfo Ays\u00e9n, a trav\u00e9s de la red FPyme, estamos abordando esta problem\u00e1tica, ya que creemos firmemente que la transformaci\u00f3n digital brinda oportunidades para el empoderamiento econ\u00f3mico de las mujeres. A lo largo de dos a\u00f1os de trabajo en Ays\u00e9n, hemos estado comprometidos en acercar este tema a las mujeres, destacando c\u00f3mo la digitalizaci\u00f3n puede mejorar la eficiencia operativa, expandir el alcance de mercado y facilitar el acceso a nuevas oportunidades de negocio, como el comercio electr\u00f3nico. Reconocemos que a\u00fan queda mucho por hacer, pero nuestro compromiso con FPyme es continuar generando espacios de capacitaci\u00f3n en tecnolog\u00eda y asesoramiento en estrategias digitales. La colaboraci\u00f3n y el networking entre mujeres empresarias son fundamentales, proporcionando recursos, conocimientos y oportunidades de colaboraci\u00f3n que impulsan la superaci\u00f3n de desaf\u00edos y maximizan los beneficios de la digitalizaci\u00f3n\u00bb.<\/p>\n<p style=\"font-weight: 400; text-align: justify;\">Finalmente, Mar\u00edn destac\u00f3 que en el pa\u00eds se ha observado c\u00f3mo las empresarias, al adoptar tecnolog\u00eda, han reducido significativamente el tiempo dedicado a tareas espec\u00edficas del negocio, lo que les ha permitido liberar recursos para concentrarse en otras \u00e1reas como lo comercial o la generaci\u00f3n de nuevos productos. Adem\u00e1s, la tecnolog\u00eda facilita la conciliaci\u00f3n familiar y laboral al mejorar la eficiencia diaria, lo que les permite enfocarse tambi\u00e9n en mejorar los procesos productivos o de gesti\u00f3n mediante su utilizaci\u00f3n.<\/p>\n<\/div><\/section><\/div><div  style='height:50px' class='hr hr-invisible   avia-builder-el-6  el_after_av_one_full  el_before_av_social_share '><span class='hr-inner ' ><span class='hr-inner-style'><\/span><\/span><\/div><\/p>\n<div  class='av-social-sharing-box  avia-builder-el-7  el_after_av_hr  el_before_av_hr  '><div class='av-share-box'><h5 class='av-share-link-description av-no-toc '>Compartir esta noticia<\/h5><ul class='av-share-box-list noLightbox'><li class='av-share-link av-social-link-facebook' ><a target=\"_blank\" aria-label=\"Compartir en Facebook\" href='https:\/\/www.facebook.com\/sharer.php?u=https:\/\/radiorevelacionfm.cl\/?p=40158&#038;t=M%C3%A1s%20de%201.800%20pymes%20lideradas%20por%20mujeres%20incorporaron%20herramientas%20digitales%20en%20sus%20negocios%20durante%20el%20a%C3%B1o%202023' aria-hidden='false' data-av_icon='\ue8f3' data-av_iconfont='entypo-fontello' title='' data-avia-related-tooltip='Compartir en Facebook' rel=\"noopener\"><span class='avia_hidden_link_text'>Compartir en Facebook<\/span><\/a><\/li><li class='av-share-link av-social-link-twitter' ><a target=\"_blank\" aria-label=\"Compartir en Twitter\" href='https:\/\/twitter.com\/share?text=M%C3%A1s%20de%201.800%20pymes%20lideradas%20por%20mujeres%20incorporaron%20herramientas%20digitales%20en%20sus%20negocios%20durante%20el%20a%C3%B1o%202023&#038;url=https:\/\/radiorevelacionfm.cl\/?p=40158' aria-hidden='false' data-av_icon='\ue8f1' data-av_iconfont='entypo-fontello' title='' data-avia-related-tooltip='Compartir en Twitter' rel=\"noopener\"><span class='avia_hidden_link_text'>Compartir en Twitter<\/span><\/a><\/li><li class='av-share-link av-social-link-whatsapp' ><a target=\"_blank\" aria-label=\"Compartir en Whatsapp\" href='https:\/\/api.whatsapp.com\/send?text=https:\/\/radiorevelacionfm.cl\/?p=40158' aria-hidden='false' data-av_icon='\uf232' data-av_iconfont='entypo-fontello' title='' data-avia-related-tooltip='Compartir en Whatsapp' rel=\"noopener\"><span class='avia_hidden_link_text'>Compartir en Whatsapp<\/span><\/a><\/li><li class='av-share-link av-social-link-linkedin' ><a target=\"_blank\" aria-label=\"Compartir en LinkedIn\" href='https:\/\/linkedin.com\/shareArticle?mini=true&#038;title=M%C3%A1s%20de%201.800%20pymes%20lideradas%20por%20mujeres%20incorporaron%20herramientas%20digitales%20en%20sus%20negocios%20durante%20el%20a%C3%B1o%202023&#038;url=https:\/\/radiorevelacionfm.cl\/?p=40158' aria-hidden='false' data-av_icon='\ue8fc' data-av_iconfont='entypo-fontello' title='' data-avia-related-tooltip='Compartir en LinkedIn' rel=\"noopener\"><span class='avia_hidden_link_text'>Compartir en LinkedIn<\/span><\/a><\/li><li class='av-share-link av-social-link-mail' ><a  aria-label=\"Compartir por correo\" href='mailto:?subject=M%C3%A1s%20de%201.800%20pymes%20lideradas%20por%20mujeres%20incorporaron%20herramientas%20digitales%20en%20sus%20negocios%20durante%20el%20a%C3%B1o%202023&#038;body=https:\/\/radiorevelacionfm.cl\/?p=40158' aria-hidden='false' data-av_icon='\ue805' data-av_iconfont='entypo-fontello' title='' data-avia-related-tooltip='Compartir por correo'><span class='avia_hidden_link_text'>Compartir por correo<\/span><\/a><\/li><\/ul><\/div><\/div>\n<div  style='height:50px' class='hr hr-invisible   avia-builder-el-8  el_after_av_social_share  el_before_av_comments_list '><span class='hr-inner ' ><span class='hr-inner-style'><\/span><\/span><\/div>\n<div  class='av-buildercomment  av-blog-meta-html-info-disabled av-blog-meta-tag-disabled  '><\/div>\n","protected":false},"excerpt":{"rendered":"","protected":false},"author":1,"featured_media":40159,"comment_status":"open","ping_status":"open","sticky":false,"template":"","format":"standard","meta":{"footnotes":""},"categories":[61],"tags":[],"class_list":["post-40158","post","type-post","status-publish","format-standard","has-post-thumbnail","hentry","category-nacional"],"jetpack_featured_media_url":"https:\/\/radiorevelacionfm.cl\/wp-content\/uploads\/2024\/03\/turismo-222-1_optimized-1.jpg","_links":{"self":[{"href":"https:\/\/radiorevelacionfm.cl\/index.php?rest_route=\/wp\/v2\/posts\/40158","targetHints":{"allow":["GET"]}}],"collection":[{"href":"https:\/\/radiorevelacionfm.cl\/index.php?rest_route=\/wp\/v2\/posts"}],"about":[{"href":"https:\/\/radiorevelacionfm.cl\/index.php?rest_route=\/wp\/v2\/types\/post"}],"author":[{"embeddable":true,"href":"https:\/\/radiorevelacionfm.cl\/index.php?rest_route=\/wp\/v2\/users\/1"}],"replies":[{"embeddable":true,"href":"https:\/\/radiorevelacionfm.cl\/index.php?rest_route=%2Fwp%2Fv2%2Fcomments&post=40158"}],"version-history":[{"count":1,"href":"https:\/\/radiorevelacionfm.cl\/index.php?rest_route=\/wp\/v2\/posts\/40158\/revisions"}],"predecessor-version":[{"id":40160,"href":"https:\/\/radiorevelacionfm.cl\/index.php?rest_route=\/wp\/v2\/posts\/40158\/revisions\/40160"}],"wp:featuredmedia":[{"embeddable":true,"href":"https:\/\/radiorevelacionfm.cl\/index.php?rest_route=\/wp\/v2\/media\/40159"}],"wp:attachment":[{"href":"https:\/\/radiorevelacionfm.cl\/index.php?rest_route=%2Fwp%2Fv2%2Fmedia&parent=40158"}],"wp:term":[{"taxonomy":"category","embeddable":true,"href":"https:\/\/radiorevelacionfm.cl\/index.php?rest_route=%2Fwp%2Fv2%2Fcategories&post=40158"},{"taxonomy":"post_tag","embeddable":true,"href":"https:\/\/radiorevelacionfm.cl\/index.php?rest_route=%2Fwp%2Fv2%2Ftags&post=40158"}],"curies":[{"name":"wp","href":"https:\/\/api.w.org\/{rel}","templated":true}]}}