{"id":40155,"date":"2024-03-08T10:19:05","date_gmt":"2024-03-08T13:19:05","guid":{"rendered":"https:\/\/radiorevelacionfm.cl\/?p=40155"},"modified":"2024-03-08T10:19:05","modified_gmt":"2024-03-08T13:19:05","slug":"seremi-desarrollo-social-y-familia-en-8m-saldaremos-una-deuda-donde-garantizaremos-a-mujeres-cuidadoras-derechos-con-un-sistema-nacional-de-cuidados","status":"publish","type":"post","link":"https:\/\/radiorevelacionfm.cl\/?p=40155","title":{"rendered":"Seremi Desarrollo Social y Familia en 8M: \u00abSaldaremos una deuda donde garantizaremos a mujeres cuidadoras derechos con un sistema nacional de cuidados\u00bb"},"content":{"rendered":"<div class=\"flex_column av_one_full  flex_column_div av-zero-column-padding first  avia-builder-el-0  el_before_av_one_full  avia-builder-el-first  \" style='border-radius:0px; '><div  class='avia-image-container  av-styling-    avia-builder-el-1  avia-builder-el-no-sibling  avia-align-center '  itemprop=\"image\" itemscope=\"itemscope\" itemtype=\"https:\/\/schema.org\/ImageObject\"  ><div class='avia-image-container-inner'><div class='avia-image-overlay-wrap'><img decoding=\"async\" class='wp-image-40156 avia-img-lazy-loading-not-40156 avia_image' src=\"https:\/\/radiorevelacionfm.cl\/wp-content\/uploads\/2024\/03\/karina-acevedo-8m-1_optimized.jpeg\" alt='' title='karina-acevedo-8m-(1)_optimized' height=\"600\" width=\"893\"  itemprop=\"thumbnailUrl\" srcset=\"https:\/\/radiorevelacionfm.cl\/wp-content\/uploads\/2024\/03\/karina-acevedo-8m-1_optimized.jpeg 893w, https:\/\/radiorevelacionfm.cl\/wp-content\/uploads\/2024\/03\/karina-acevedo-8m-1_optimized-300x202.jpeg 300w, https:\/\/radiorevelacionfm.cl\/wp-content\/uploads\/2024\/03\/karina-acevedo-8m-1_optimized-768x516.jpeg 768w, https:\/\/radiorevelacionfm.cl\/wp-content\/uploads\/2024\/03\/karina-acevedo-8m-1_optimized-705x474.jpeg 705w, https:\/\/radiorevelacionfm.cl\/wp-content\/uploads\/2024\/03\/karina-acevedo-8m-1_optimized-450x302.jpeg 450w, https:\/\/radiorevelacionfm.cl\/wp-content\/uploads\/2024\/03\/karina-acevedo-8m-1_optimized-600x403.jpeg 600w\" sizes=\"(max-width: 893px) 100vw, 893px\" \/><\/div><\/div><\/div><\/div><div class=\"flex_column av_one_full  flex_column_div av-zero-column-padding first  avia-builder-el-2  el_after_av_one_full  el_before_av_one_full  column-top-margin\" style='border-radius:0px; '><section class=\"av_textblock_section \"  itemscope=\"itemscope\" itemtype=\"https:\/\/schema.org\/BlogPosting\" itemprop=\"blogPost\" ><div class='avia_textblock  '   itemprop=\"text\" ><p style=\"text-align: center;\"><strong><span style=\"font-size: 18pt;\">Seremi Desarrollo Social y Familia en 8M: \u00abSaldaremos una deuda donde garantizaremos a mujeres cuidadoras derechos con un sistema nacional de cuidados\u00bb<\/span><\/strong><\/p>\n<div id=\"gtx-trans\" style=\"position: absolute; left: -50px; top: 4.31534px;\">\n<div class=\"gtx-trans-icon\"><\/div>\n<\/div>\n<\/div><\/section><\/div><div class=\"flex_column av_one_full  flex_column_div av-zero-column-padding first  avia-builder-el-4  el_after_av_one_full  el_before_av_hr  column-top-margin\" style='border-radius:0px; '><section class=\"av_textblock_section \"  itemscope=\"itemscope\" itemtype=\"https:\/\/schema.org\/BlogPosting\" itemprop=\"blogPost\" ><div class='avia_textblock  '   itemprop=\"text\" ><p style=\"text-align: justify;\"><i>Adicionalmente la autoridad regional aplaudi\u00f3 el reconocimiento a ni\u00f1as, ni\u00f1os y adolescentes como v\u00edctimas y no testigos de violencia de g\u00e9nero en la reciente aprobada Ley Integral contra la violencia hacia las mujeres.<\/i><\/p>\n<p style=\"text-align: justify;\">En el marco de una nueva conmemoraci\u00f3n del 8M, la Seremi de Desarrollo Social y Familia Karina Acevedo relev\u00f3 la mirada de enfoque g\u00e9nero en cada uno de los programas sociales, as\u00ed como la oferta permanente del ministerio y, que en la regi\u00f3n de Ays\u00e9n toman especial relevancia al catastrarse en el Registro Social de Hogares.<\/p>\n<p style=\"text-align: justify;\">Es as\u00ed que a trav\u00e9s de la aplicaci\u00f3n de este instrumento se inform\u00f3 que de un total 55.004 hogares registrados, 28.045 de ellos, est\u00e1n compuestos por mujeres como jefas de hogar. Al respecto Karina Acevedo complement\u00f3 \u00abEstas cifras nos dan cuenta que m\u00e1s de la mitad los hogares de la regi\u00f3n de Ays\u00e9n est\u00e1n encabezados por una mujer como jefa de hogar, lo que tiene mucha concordancia con lo que podemos constatar en terreno donde vemos a muchas de ellas ser usuarias o beneficiarias de alguno de nuestros programas y oferta permanente. Es el caso del Subsidio de calefacci\u00f3n que, por ejemplo, en el a\u00f1o 2023 entregamos el beneficio a 34.157 personas y de esas 22.150 fueron mujeres, lo cual es una cifra que demuestra una focalizaci\u00f3n con perspectiva de g\u00e9nero\u00bb.<\/p>\n<p style=\"text-align: justify;\">Otro de los aspectos que destac\u00f3 la autoridad ministerial es que a trav\u00e9s de los servicios asociados como Senadis, Senama, Injuv, Fosis, Conadi se logra llegar a todo el territorio con un trabajo comprometido con las comunidades \u00abnuestra pol\u00edtica social tambi\u00e9n busca ser descentralizadora y llegar a m\u00e1s mujeres abarcando toda la regi\u00f3n. Por ejemplo, para nosotros es muy importante el trabajo que hacemos con el Programa Red Local de Apoyos y Cuidados donde sabemos que tenemos un n\u00famero importante de mujeres cuidadoras, lo propio sucede con Fosis, que llega con toda su oferta a mujeres jefas de hogar y emprendedoras. No podemos dejar de lado el programa Habitabilidad y Autoconsumo que en su mayor\u00eda lo integran mujeres tanto de pueblos originarios como personas mayores o con discapacidad y el Subsidio \u00danico Familiar que tanto alivia a las familias y que desde diciembre del 2023 es autom\u00e1tico\u00bb.<\/p>\n<p class=\"v1elementToProof\" style=\"text-align: justify;\">Para este 2024 el mayor desaf\u00edo del Ministerio de Desarrollo Social y Familia es concretar el Sistema Nacional de Apoyos y Cuidados, mensaje que fue reforzado por el presidente Gabriel Boric tras el inicio del a\u00f1o escolar \u00abNuestro pa\u00eds se sustenta en gran parte en el trabajo no remunerado que realizan las mujeres&#8230; tenemos el compromiso de dejar un sistema que se haga cargo de las personas que cuidan, que las reconozca, visibilice y socialice los cuidados en nuestro pa\u00eds.\u00bb Sobre esto Karina Acevedo reforz\u00f3 \u00abEn la regi\u00f3n de Ays\u00e9n un 70% de las personas que cuidan son mujeres y lo hacen sin remuneraci\u00f3n, es por ello que como gobierno saldaremos esa deuda y as\u00ed podremos garantizarles derechos y beneficios a trav\u00e9s de este Sistema Nacional de Apoyos y Cuidados\u00bb.<\/p>\n<p style=\"text-align: justify;\">LEY RECONOCE A NI\u00d1AS, NI\u00d1OS Y ADOLESCENTES COMO V\u00cdCTIMAS Y NO TESTIGOS DE VIOLENCIA DE G\u00c9NERO<\/p>\n<p style=\"text-align: justify;\">Ampliamente valorado en el Ministerio de Desarrollo Social y Familia Y Subsecretar\u00eda de la Ni\u00f1ez fue la aprobaci\u00f3n en el congreso de la Ley Integral contra la violencia hacia las mujeres, que\u00a0garantiza medidas para prevenir, sancionar y erradicar la violencia de g\u00e9nero, sum\u00e1ndose la\u00a0indicaci\u00f3n del Ejecutivo que reconoce a ni\u00f1os, ni\u00f1as y adolescentes como v\u00edctimas y no testigos ante la violencia de g\u00e9nero.<\/p>\n<p style=\"text-align: justify;\">\u00a0Al respecto La seremi de Desarrollo Social y Familia Karina Acevedo destac\u00f3 que\u00a0esta incorporaci\u00f3n va muy de la mano con la Ley de Garant\u00edas y Protecci\u00f3n Integral de los Derechos de la Ni\u00f1ez y Adolescencia, que establece que el Estado tomar\u00e1 las medidas conducentes a prevenir, investigar y sancionar civil, penal y\/o administrativamente, seg\u00fan corresponda, toda forma de violencia en contra de ni\u00f1os, ni\u00f1as y adolescentes \u00abes tremendamente importante lo que ha sucedido en el congreso con la aprobaci\u00f3n de esta ley porque resguarda a ni\u00f1as, ni\u00f1os y adolescentes que han vivido experiencias tan duras al interior de sus hogares. Valoramos que en la regi\u00f3n el \u00fanico voto a favor de este proyecto de ley fue de la Senadora \u00d3rdenes\u00bb.<\/p>\n<\/div><\/section><\/div><div  style='height:50px' class='hr hr-invisible   avia-builder-el-6  el_after_av_one_full  el_before_av_social_share '><span class='hr-inner ' ><span class='hr-inner-style'><\/span><\/span><\/div><\/p>\n<div  class='av-social-sharing-box  avia-builder-el-7  el_after_av_hr  el_before_av_hr  '><div class='av-share-box'><h5 class='av-share-link-description av-no-toc '>Compartir esta noticia<\/h5><ul class='av-share-box-list noLightbox'><li class='av-share-link av-social-link-facebook' ><a target=\"_blank\" aria-label=\"Compartir en Facebook\" href='https:\/\/www.facebook.com\/sharer.php?u=https:\/\/radiorevelacionfm.cl\/?p=40155&#038;t=Seremi%20Desarrollo%20Social%20y%20Familia%20en%208M%3A%20%C2%ABSaldaremos%20una%20deuda%20donde%20garantizaremos%20a%20mujeres%20cuidadoras%20derechos%20con%20un%20sistema%20nacional%20de%20cuidados%C2%BB' aria-hidden='false' data-av_icon='\ue8f3' data-av_iconfont='entypo-fontello' title='' data-avia-related-tooltip='Compartir en Facebook' rel=\"noopener\"><span class='avia_hidden_link_text'>Compartir en Facebook<\/span><\/a><\/li><li class='av-share-link av-social-link-twitter' ><a target=\"_blank\" aria-label=\"Compartir en Twitter\" href='https:\/\/twitter.com\/share?text=Seremi%20Desarrollo%20Social%20y%20Familia%20en%208M%3A%20%C2%ABSaldaremos%20una%20deuda%20donde%20garantizaremos%20a%20mujeres%20cuidadoras%20derechos%20con%20un%20sistema%20nacional%20de%20cuidados%C2%BB&#038;url=https:\/\/radiorevelacionfm.cl\/?p=40155' aria-hidden='false' data-av_icon='\ue8f1' data-av_iconfont='entypo-fontello' title='' data-avia-related-tooltip='Compartir en Twitter' rel=\"noopener\"><span class='avia_hidden_link_text'>Compartir en Twitter<\/span><\/a><\/li><li class='av-share-link av-social-link-whatsapp' ><a target=\"_blank\" aria-label=\"Compartir en Whatsapp\" href='https:\/\/api.whatsapp.com\/send?text=https:\/\/radiorevelacionfm.cl\/?p=40155' aria-hidden='false' data-av_icon='\uf232' data-av_iconfont='entypo-fontello' title='' data-avia-related-tooltip='Compartir en Whatsapp' rel=\"noopener\"><span class='avia_hidden_link_text'>Compartir en Whatsapp<\/span><\/a><\/li><li class='av-share-link av-social-link-linkedin' ><a target=\"_blank\" aria-label=\"Compartir en LinkedIn\" href='https:\/\/linkedin.com\/shareArticle?mini=true&#038;title=Seremi%20Desarrollo%20Social%20y%20Familia%20en%208M%3A%20%C2%ABSaldaremos%20una%20deuda%20donde%20garantizaremos%20a%20mujeres%20cuidadoras%20derechos%20con%20un%20sistema%20nacional%20de%20cuidados%C2%BB&#038;url=https:\/\/radiorevelacionfm.cl\/?p=40155' aria-hidden='false' data-av_icon='\ue8fc' data-av_iconfont='entypo-fontello' title='' data-avia-related-tooltip='Compartir en LinkedIn' rel=\"noopener\"><span class='avia_hidden_link_text'>Compartir en LinkedIn<\/span><\/a><\/li><li class='av-share-link av-social-link-mail' ><a  aria-label=\"Compartir por correo\" href='mailto:?subject=Seremi%20Desarrollo%20Social%20y%20Familia%20en%208M%3A%20%C2%ABSaldaremos%20una%20deuda%20donde%20garantizaremos%20a%20mujeres%20cuidadoras%20derechos%20con%20un%20sistema%20nacional%20de%20cuidados%C2%BB&#038;body=https:\/\/radiorevelacionfm.cl\/?p=40155' aria-hidden='false' data-av_icon='\ue805' data-av_iconfont='entypo-fontello' title='' data-avia-related-tooltip='Compartir por correo'><span class='avia_hidden_link_text'>Compartir por correo<\/span><\/a><\/li><\/ul><\/div><\/div>\n<div  style='height:50px' class='hr hr-invisible   avia-builder-el-8  el_after_av_social_share  el_before_av_comments_list '><span class='hr-inner ' ><span class='hr-inner-style'><\/span><\/span><\/div>\n<div  class='av-buildercomment  av-blog-meta-html-info-disabled av-blog-meta-tag-disabled  '><\/div>\n","protected":false},"excerpt":{"rendered":"","protected":false},"author":1,"featured_media":40156,"comment_status":"open","ping_status":"open","sticky":false,"template":"","format":"standard","meta":{"footnotes":""},"categories":[38],"tags":[],"class_list":["post-40155","post","type-post","status-publish","format-standard","has-post-thumbnail","hentry","category-regional"],"jetpack_featured_media_url":"https:\/\/radiorevelacionfm.cl\/wp-content\/uploads\/2024\/03\/karina-acevedo-8m-1_optimized.jpeg","_links":{"self":[{"href":"https:\/\/radiorevelacionfm.cl\/index.php?rest_route=\/wp\/v2\/posts\/40155","targetHints":{"allow":["GET"]}}],"collection":[{"href":"https:\/\/radiorevelacionfm.cl\/index.php?rest_route=\/wp\/v2\/posts"}],"about":[{"href":"https:\/\/radiorevelacionfm.cl\/index.php?rest_route=\/wp\/v2\/types\/post"}],"author":[{"embeddable":true,"href":"https:\/\/radiorevelacionfm.cl\/index.php?rest_route=\/wp\/v2\/users\/1"}],"replies":[{"embeddable":true,"href":"https:\/\/radiorevelacionfm.cl\/index.php?rest_route=%2Fwp%2Fv2%2Fcomments&post=40155"}],"version-history":[{"count":1,"href":"https:\/\/radiorevelacionfm.cl\/index.php?rest_route=\/wp\/v2\/posts\/40155\/revisions"}],"predecessor-version":[{"id":40157,"href":"https:\/\/radiorevelacionfm.cl\/index.php?rest_route=\/wp\/v2\/posts\/40155\/revisions\/40157"}],"wp:featuredmedia":[{"embeddable":true,"href":"https:\/\/radiorevelacionfm.cl\/index.php?rest_route=\/wp\/v2\/media\/40156"}],"wp:attachment":[{"href":"https:\/\/radiorevelacionfm.cl\/index.php?rest_route=%2Fwp%2Fv2%2Fmedia&parent=40155"}],"wp:term":[{"taxonomy":"category","embeddable":true,"href":"https:\/\/radiorevelacionfm.cl\/index.php?rest_route=%2Fwp%2Fv2%2Fcategories&post=40155"},{"taxonomy":"post_tag","embeddable":true,"href":"https:\/\/radiorevelacionfm.cl\/index.php?rest_route=%2Fwp%2Fv2%2Ftags&post=40155"}],"curies":[{"name":"wp","href":"https:\/\/api.w.org\/{rel}","templated":true}]}}