{"id":40152,"date":"2024-03-08T11:52:23","date_gmt":"2024-03-08T14:52:23","guid":{"rendered":"https:\/\/radiorevelacionfm.cl\/?p=40152"},"modified":"2024-03-08T11:52:23","modified_gmt":"2024-03-08T14:52:23","slug":"autoridades-llaman-a-consultar-el-registro-de-inhabilidades-para-trabajar-con-menores-de-edad","status":"publish","type":"post","link":"https:\/\/radiorevelacionfm.cl\/?p=40152","title":{"rendered":"Autoridades llaman a consultar el Registro de Inhabilidades para Trabajar con Menores de Edad"},"content":{"rendered":"<div class=\"flex_column av_one_full  flex_column_div av-zero-column-padding first  avia-builder-el-0  el_before_av_one_full  avia-builder-el-first  \" style='border-radius:0px; '><div  class='avia-image-container  av-styling-    avia-builder-el-1  avia-builder-el-no-sibling  avia-align-center '  itemprop=\"image\" itemscope=\"itemscope\" itemtype=\"https:\/\/schema.org\/ImageObject\"  ><div class='avia-image-container-inner'><div class='avia-image-overlay-wrap'><img decoding=\"async\" class='wp-image-40153 avia-img-lazy-loading-not-40153 avia_image' src=\"https:\/\/radiorevelacionfm.cl\/wp-content\/uploads\/2024\/03\/registroinhabilidades_rcivil_01-1_optimized-1.jpeg\" alt='' title='registroinhabilidades_rcivil_01-(1)_optimized (1)' height=\"1000\" width=\"800\"  itemprop=\"thumbnailUrl\" srcset=\"https:\/\/radiorevelacionfm.cl\/wp-content\/uploads\/2024\/03\/registroinhabilidades_rcivil_01-1_optimized-1.jpeg 800w, https:\/\/radiorevelacionfm.cl\/wp-content\/uploads\/2024\/03\/registroinhabilidades_rcivil_01-1_optimized-1-240x300.jpeg 240w, https:\/\/radiorevelacionfm.cl\/wp-content\/uploads\/2024\/03\/registroinhabilidades_rcivil_01-1_optimized-1-768x960.jpeg 768w, https:\/\/radiorevelacionfm.cl\/wp-content\/uploads\/2024\/03\/registroinhabilidades_rcivil_01-1_optimized-1-564x705.jpeg 564w, https:\/\/radiorevelacionfm.cl\/wp-content\/uploads\/2024\/03\/registroinhabilidades_rcivil_01-1_optimized-1-450x563.jpeg 450w, https:\/\/radiorevelacionfm.cl\/wp-content\/uploads\/2024\/03\/registroinhabilidades_rcivil_01-1_optimized-1-600x750.jpeg 600w\" sizes=\"(max-width: 800px) 100vw, 800px\" \/><\/div><\/div><\/div><\/div><div class=\"flex_column av_one_full  flex_column_div av-zero-column-padding first  avia-builder-el-2  el_after_av_one_full  el_before_av_one_full  column-top-margin\" style='border-radius:0px; '><section class=\"av_textblock_section \"  itemscope=\"itemscope\" itemtype=\"https:\/\/schema.org\/BlogPosting\" itemprop=\"blogPost\" ><div class='avia_textblock  '   itemprop=\"text\" ><p style=\"text-align: center;\"><strong><span style=\"font-size: 18pt;\">Autoridades llaman a consultar el Registro de Inhabilidades para Trabajar con Menores de Edad<\/span><\/strong><\/p>\n<div id=\"gtx-trans\" style=\"position: absolute; left: -50px; top: 4.31534px;\">\n<div class=\"gtx-trans-icon\"><\/div>\n<\/div>\n<\/div><\/section><\/div><div class=\"flex_column av_one_full  flex_column_div av-zero-column-padding first  avia-builder-el-4  el_after_av_one_full  el_before_av_hr  column-top-margin\" style='border-radius:0px; '><section class=\"av_textblock_section \"  itemscope=\"itemscope\" itemtype=\"https:\/\/schema.org\/BlogPosting\" itemprop=\"blogPost\" ><div class='avia_textblock  '   itemprop=\"text\" ><p style=\"text-align: justify;\"><em>A nivel nacional seg\u00fan informaci\u00f3n entregada por el Registro Civil hay 15 mil 591 personas inhabilitadas para trabajar con menores de edad, mientras que en nuestra regi\u00f3n son 241 personas.<\/em><\/p>\n<p style=\"text-align: justify;\">Con el inicio del a\u00f1o escolar, el seremi de Justicia y Derechos Humanos Samuel Navarro Castro y el director regional del Servicio e Registro Civil e Identificaci\u00f3n (s) Danilo Carrillo Mona, hicieron un llamado a los progenitores y apoderados a consultar el Registro de Inhabilidades para Trabajar con Menores de Edad, antes de contratar servicios para sus hijos e hijas como transporte escolar, clases particulares, cuidadores, por nombrar algunos.<\/p>\n<p style=\"text-align: justify;\">Seg\u00fan datos del Registro Civil, al 31 de enero de este a\u00f1o, en el Registro de Inhabilidades hay 15.591 personas a nivel nacional, de las cuales 241 pertenecen a la regi\u00f3n de Ays\u00e9n.<\/p>\n<p style=\"text-align: justify;\">Al respecto, el seremi de Justicia y Derechos Humanos Samuel Navarro Castro se\u00f1al\u00f3 que \u201ces sumamente importante tener la posibilidad y el acceso a la consulta de este registro, porque nos permitir\u00e1 prevenir que la persona que vamos a contratar ya sea un transporte escolar, u otro que va a trabajar con menores de edad, cuenta con la idoneidad o con la inhabilidad para trabajar con menores de edad, basta con ingresar a la p\u00e1gina web de Registro Civil y seguir las indicaciones para ir al registro de inhabilidades, y de esa forma tener la certeza que la persona que voy a contratar cuenta con la suficiente idoneidad y\/o no se encuentra en este registro que es de las personas condenadas por delitos sexuales, por lo tanto una forma de precaver, de cuidar a nuestros ni\u00f1os, ni\u00f1as y adolescentes es verificar los antecedentes de esta persona en el registro civil y de esa forma quedarse tranquilo al momento de contratarlo\/a\u201d.<\/p>\n<p style=\"text-align: justify;\">Mientras que el director regional (s) del Registro Civil, Danilo Carrillo dio cuenta de c\u00f3mo acceder a este registro se\u00f1alando que \u201cexisten dos formas de consultar el registro de inhabilidades dependiendo si se trata de un particular o de una instituci\u00f3n, los particulares pueden consultar ingresando a la p\u00e1gina www.registrocivil.cl en la secci\u00f3n de servicios en l\u00ednea y marcan la opci\u00f3n consultas de registros en l\u00ednea y ah\u00ed se van a desplegar varias opciones, tienen que seleccionar inhabilidades para trabajar con menores de edad por delitos sexuales o bien inhabilidades por delito de maltrato relevante, si quien consulta es persona natural debe ingresar su nombre completo y su run, al igual\u00a0 que los datos de la persona que est\u00e1 consultando, ahora si es una persona jur\u00eddica, la consulta debe hacerla el representante legal indicando su n\u00famero de run y raz\u00f3n social, adem\u00e1s del n\u00famero de run de la empresa jur\u00eddica a la que representa y el nombre y run de la persona consultada\u201d.<\/p>\n<p style=\"text-align: justify;\">Finalmente, mencionar que este registro desde sus inicios en el a\u00f1o 2012, ha recibido m\u00e1s de 14 millones de consultas por parte de la ciudadan\u00eda, transform\u00e1ndose en una herramienta gratuita de enorme utilidad para los padres y madres que deben escoger a las personas que se vinculan con el cuidado de sus hijos o hijas.<\/p>\n<\/div><\/section><\/div><div  style='height:50px' class='hr hr-invisible   avia-builder-el-6  el_after_av_one_full  el_before_av_social_share '><span class='hr-inner ' ><span class='hr-inner-style'><\/span><\/span><\/div><\/p>\n<div  class='av-social-sharing-box  avia-builder-el-7  el_after_av_hr  el_before_av_hr  '><div class='av-share-box'><h5 class='av-share-link-description av-no-toc '>Compartir esta noticia<\/h5><ul class='av-share-box-list noLightbox'><li class='av-share-link av-social-link-facebook' ><a target=\"_blank\" aria-label=\"Compartir en Facebook\" href='https:\/\/www.facebook.com\/sharer.php?u=https:\/\/radiorevelacionfm.cl\/?p=40152&#038;t=Autoridades%20llaman%20a%20consultar%20el%20Registro%20de%20Inhabilidades%20para%20Trabajar%20con%20Menores%20de%20Edad' aria-hidden='false' data-av_icon='\ue8f3' data-av_iconfont='entypo-fontello' title='' data-avia-related-tooltip='Compartir en Facebook' rel=\"noopener\"><span class='avia_hidden_link_text'>Compartir en Facebook<\/span><\/a><\/li><li class='av-share-link av-social-link-twitter' ><a target=\"_blank\" aria-label=\"Compartir en Twitter\" href='https:\/\/twitter.com\/share?text=Autoridades%20llaman%20a%20consultar%20el%20Registro%20de%20Inhabilidades%20para%20Trabajar%20con%20Menores%20de%20Edad&#038;url=https:\/\/radiorevelacionfm.cl\/?p=40152' aria-hidden='false' data-av_icon='\ue8f1' data-av_iconfont='entypo-fontello' title='' data-avia-related-tooltip='Compartir en Twitter' rel=\"noopener\"><span class='avia_hidden_link_text'>Compartir en Twitter<\/span><\/a><\/li><li class='av-share-link av-social-link-whatsapp' ><a target=\"_blank\" aria-label=\"Compartir en Whatsapp\" href='https:\/\/api.whatsapp.com\/send?text=https:\/\/radiorevelacionfm.cl\/?p=40152' aria-hidden='false' data-av_icon='\uf232' data-av_iconfont='entypo-fontello' title='' data-avia-related-tooltip='Compartir en Whatsapp' rel=\"noopener\"><span class='avia_hidden_link_text'>Compartir en Whatsapp<\/span><\/a><\/li><li class='av-share-link av-social-link-linkedin' ><a target=\"_blank\" aria-label=\"Compartir en LinkedIn\" href='https:\/\/linkedin.com\/shareArticle?mini=true&#038;title=Autoridades%20llaman%20a%20consultar%20el%20Registro%20de%20Inhabilidades%20para%20Trabajar%20con%20Menores%20de%20Edad&#038;url=https:\/\/radiorevelacionfm.cl\/?p=40152' aria-hidden='false' data-av_icon='\ue8fc' data-av_iconfont='entypo-fontello' title='' data-avia-related-tooltip='Compartir en LinkedIn' rel=\"noopener\"><span class='avia_hidden_link_text'>Compartir en LinkedIn<\/span><\/a><\/li><li class='av-share-link av-social-link-mail' ><a  aria-label=\"Compartir por correo\" href='mailto:?subject=Autoridades%20llaman%20a%20consultar%20el%20Registro%20de%20Inhabilidades%20para%20Trabajar%20con%20Menores%20de%20Edad&#038;body=https:\/\/radiorevelacionfm.cl\/?p=40152' aria-hidden='false' data-av_icon='\ue805' data-av_iconfont='entypo-fontello' title='' data-avia-related-tooltip='Compartir por correo'><span class='avia_hidden_link_text'>Compartir por correo<\/span><\/a><\/li><\/ul><\/div><\/div>\n<div  style='height:50px' class='hr hr-invisible   avia-builder-el-8  el_after_av_social_share  el_before_av_comments_list '><span class='hr-inner ' ><span class='hr-inner-style'><\/span><\/span><\/div>\n<div  class='av-buildercomment  av-blog-meta-html-info-disabled av-blog-meta-tag-disabled  '><\/div>\n","protected":false},"excerpt":{"rendered":"","protected":false},"author":1,"featured_media":40153,"comment_status":"open","ping_status":"open","sticky":false,"template":"","format":"standard","meta":{"footnotes":""},"categories":[38],"tags":[],"class_list":["post-40152","post","type-post","status-publish","format-standard","has-post-thumbnail","hentry","category-regional"],"jetpack_featured_media_url":"https:\/\/radiorevelacionfm.cl\/wp-content\/uploads\/2024\/03\/registroinhabilidades_rcivil_01-1_optimized-1.jpeg","_links":{"self":[{"href":"https:\/\/radiorevelacionfm.cl\/index.php?rest_route=\/wp\/v2\/posts\/40152","targetHints":{"allow":["GET"]}}],"collection":[{"href":"https:\/\/radiorevelacionfm.cl\/index.php?rest_route=\/wp\/v2\/posts"}],"about":[{"href":"https:\/\/radiorevelacionfm.cl\/index.php?rest_route=\/wp\/v2\/types\/post"}],"author":[{"embeddable":true,"href":"https:\/\/radiorevelacionfm.cl\/index.php?rest_route=\/wp\/v2\/users\/1"}],"replies":[{"embeddable":true,"href":"https:\/\/radiorevelacionfm.cl\/index.php?rest_route=%2Fwp%2Fv2%2Fcomments&post=40152"}],"version-history":[{"count":1,"href":"https:\/\/radiorevelacionfm.cl\/index.php?rest_route=\/wp\/v2\/posts\/40152\/revisions"}],"predecessor-version":[{"id":40154,"href":"https:\/\/radiorevelacionfm.cl\/index.php?rest_route=\/wp\/v2\/posts\/40152\/revisions\/40154"}],"wp:featuredmedia":[{"embeddable":true,"href":"https:\/\/radiorevelacionfm.cl\/index.php?rest_route=\/wp\/v2\/media\/40153"}],"wp:attachment":[{"href":"https:\/\/radiorevelacionfm.cl\/index.php?rest_route=%2Fwp%2Fv2%2Fmedia&parent=40152"}],"wp:term":[{"taxonomy":"category","embeddable":true,"href":"https:\/\/radiorevelacionfm.cl\/index.php?rest_route=%2Fwp%2Fv2%2Fcategories&post=40152"},{"taxonomy":"post_tag","embeddable":true,"href":"https:\/\/radiorevelacionfm.cl\/index.php?rest_route=%2Fwp%2Fv2%2Ftags&post=40152"}],"curies":[{"name":"wp","href":"https:\/\/api.w.org\/{rel}","templated":true}]}}