{"id":40149,"date":"2024-03-07T18:48:51","date_gmt":"2024-03-07T21:48:51","guid":{"rendered":"https:\/\/radiorevelacionfm.cl\/?p=40149"},"modified":"2024-03-07T18:48:51","modified_gmt":"2024-03-07T21:48:51","slug":"en-recorrido-junto-al-alcalde-de-aysen-subsecretario-vergara-compromete-recursos-para-seguridad-publica","status":"publish","type":"post","link":"https:\/\/radiorevelacionfm.cl\/?p=40149","title":{"rendered":"En recorrido junto al Alcalde de Ays\u00e9n Subsecretario Vergara compromete recursos para Seguridad Publica"},"content":{"rendered":"<div class=\"flex_column av_one_full  flex_column_div av-zero-column-padding first  avia-builder-el-0  el_before_av_one_full  avia-builder-el-first  \" style='border-radius:0px; '><div  class='avia-image-container  av-styling-    avia-builder-el-1  avia-builder-el-no-sibling  avia-align-center '  itemprop=\"image\" itemscope=\"itemscope\" itemtype=\"https:\/\/schema.org\/ImageObject\"  ><div class='avia-image-container-inner'><div class='avia-image-overlay-wrap'><img decoding=\"async\" class='wp-image-40150 avia-img-lazy-loading-not-40150 avia_image' src=\"https:\/\/radiorevelacionfm.cl\/wp-content\/uploads\/2024\/03\/subsecretario-pto-aysen-8-1_optimized-1.jpg\" alt='' title='subsecretario-pto-aysen-8-(1)_optimized (1)' height=\"600\" width=\"1067\"  itemprop=\"thumbnailUrl\" srcset=\"https:\/\/radiorevelacionfm.cl\/wp-content\/uploads\/2024\/03\/subsecretario-pto-aysen-8-1_optimized-1.jpg 1067w, https:\/\/radiorevelacionfm.cl\/wp-content\/uploads\/2024\/03\/subsecretario-pto-aysen-8-1_optimized-1-300x169.jpg 300w, https:\/\/radiorevelacionfm.cl\/wp-content\/uploads\/2024\/03\/subsecretario-pto-aysen-8-1_optimized-1-1030x579.jpg 1030w, https:\/\/radiorevelacionfm.cl\/wp-content\/uploads\/2024\/03\/subsecretario-pto-aysen-8-1_optimized-1-768x432.jpg 768w, https:\/\/radiorevelacionfm.cl\/wp-content\/uploads\/2024\/03\/subsecretario-pto-aysen-8-1_optimized-1-705x396.jpg 705w, https:\/\/radiorevelacionfm.cl\/wp-content\/uploads\/2024\/03\/subsecretario-pto-aysen-8-1_optimized-1-450x253.jpg 450w, https:\/\/radiorevelacionfm.cl\/wp-content\/uploads\/2024\/03\/subsecretario-pto-aysen-8-1_optimized-1-600x337.jpg 600w\" sizes=\"(max-width: 1067px) 100vw, 1067px\" \/><\/div><\/div><\/div><\/div><div class=\"flex_column av_one_full  flex_column_div av-zero-column-padding first  avia-builder-el-2  el_after_av_one_full  el_before_av_one_full  column-top-margin\" style='border-radius:0px; '><section class=\"av_textblock_section \"  itemscope=\"itemscope\" itemtype=\"https:\/\/schema.org\/BlogPosting\" itemprop=\"blogPost\" ><div class='avia_textblock  '   itemprop=\"text\" ><p style=\"text-align: center;\"><strong><span style=\"font-size: 18pt;\">En recorrido junto al Alcalde de Ays\u00e9n Subsecretario Vergara compromete recursos para Seguridad Publica<\/span><\/strong><\/p>\n<div id=\"gtx-trans\" style=\"position: absolute; left: -50px; top: 4.31534px;\">\n<div class=\"gtx-trans-icon\"><\/div>\n<\/div>\n<\/div><\/section><\/div><div class=\"flex_column av_one_full  flex_column_div av-zero-column-padding first  avia-builder-el-4  el_after_av_one_full  el_before_av_hr  column-top-margin\" style='border-radius:0px; '><section class=\"av_textblock_section \"  itemscope=\"itemscope\" itemtype=\"https:\/\/schema.org\/BlogPosting\" itemprop=\"blogPost\" ><div class='avia_textblock  '   itemprop=\"text\" ><p style=\"text-align: justify;\"><em>La autoridad del nivel central tambi\u00e9n dialog\u00f3 con los Concejales de la comuna, visit\u00f3 la sala televigilancia municipal y particip\u00f3 en la fiscalizaci\u00f3n vehicular realizada en cercan\u00edas del puente Ib\u00e1\u00f1ez, durante la ma\u00f1ana de este jueves.<\/em><\/p>\n<p style=\"text-align: justify;\">La ma\u00f1ana de este jueves lleg\u00f3 hasta Puerto Ays\u00e9n, el Subsecretario de Prevenci\u00f3n del Delito, Eduardo Vergara, realiz\u00f3 un saludo protocolar al Alcalde, Julio Uribe, con quien dialog\u00f3 respecto a las principales necesidades en materia de seguridad p\u00fablica. Luego, recorrieron las dependencias de la Direcci\u00f3n Municipal de Seguridad P\u00fablica, donde se cuenta con una sala de televigilancia, con funcionario que monitorean las im\u00e1genes de las c\u00e1maras instaladas en distintos puntos de la ciudad, durante las 24 horas.<\/p>\n<p style=\"text-align: justify;\">Posteriormente, el Subsecretario Vergara, lleg\u00f3 hasta la sala de Concejo Municipal, donde este cuerpo colegiado estaba sesionando. Esta fue la oportunidad para que las autoridades locales expresen cada una de sus inquietudes y planteen al personero de gobierno, la posibilidad de potenciar o mejorar algunas acciones que permitan enfrentar los problemas de seguridad que en la actualidad se viven en las distintas localidades de la comuna.<\/p>\n<p style=\"text-align: justify;\">Ya en el cierre de la primera jornada, el Subsecretario de Prevenci\u00f3n del Delito, Eduardo Vergara, el Alcalde de Ays\u00e9n, Julio Uribe, el Delegado Presidencial Provincial, Jorge D\u00edaz, el General de la Und\u00e9cima Zona de Carabineros, Patricio Santos, la Coordinadora Regional de Seguridad Publica, Camila Covarrubias, el Seremi de Transportes, Hans Zimmerman, el Director Municipal de Seguridad Publica, Marco Co\u00f1uecar, entre otras autoridades, participaron de una fiscalizaci\u00f3n vehicular en cercan\u00edas del puente Presidente Ib\u00e1\u00f1ez. En la ocasi\u00f3n, Vergara anunci\u00f3 la pronta entrega de recursos a la Municipalidad para invertir en acciones ligadas a la seguridad p\u00fablica.<\/p>\n<p style=\"text-align: justify;\">\u201cEn Puerto Ays\u00e9n junto al Alcalde, tuvimos la posibilidad de dialogar con el Concejo Municipal, visitar una sala de c\u00e1maras de alta tecnolog\u00eda y tambi\u00e9n abordamos con el Alcalde, la posibilidad de apoyar en ver c\u00f3mo podemos ampliar las capacidades tecnol\u00f3gicas, pero ver tambi\u00e9n, si podemos apoyar esa tan importante sala de televigilancia. Adem\u00e1s, tenemos un sistema nacional de seguridad municipal, que va a permitir este a\u00f1o, por primera vez, que la comuna de Ays\u00e9n reciba recursos sin concursar, sin tener que solicitarlos al Gobierno, solo en base a sus necesidades y de ahora en adelante, va a ser parte de un sistema que, de forma bianual va a poder recibir estos recursos\u201d, informaba el Subsecretario Eduardo Vergara.<\/p>\n<p style=\"text-align: justify;\">En tanto, el Alcalde de la comuna de Ays\u00e9n, Julio Uribe, puso en valor que la autoridad del nivel central llegue hasta la porte\u00f1a ciudad, se d\u00e9 el tiempo de dialogar con la comunidad y atender las necesidades de la comuna, planteadas por el propio jefe comunal y los Concejales. Agradeci\u00f3, adem\u00e1s, el anunci\u00f3 que significar\u00e1 el traspaso de recursos desde la Subsecretaria de Prevenci\u00f3n del Delito a la Municipalidad.<\/p>\n<p style=\"text-align: justify;\">\u201cAgradecer al Subsecretario, Eduardo Vergara, quien nos ha dado esta buena noticia. Nosotros, tenemos que distribuir hoy en d\u00eda recursos que nos est\u00e1n llegando por parte del Estado y eso para nosotros es muy importante. Que tengamos el Subsecretario ac\u00e1, en nuestra comuna, haciendo las fiscalizaciones, conversando con la gente, creo que es un ejemplo, porque no todas las autoridades nacionales llegan a Puerto Ays\u00e9n. Por lo tanto, esta se\u00f1al que da el Subsecretario, es muy importante para nuestra comuna, adem\u00e1s, venir a la \u00fanica direcci\u00f3n de seguridad p\u00fablica municipal de la regi\u00f3n y felicitarnos por el trabajo que estamos realizando, la cantidad de c\u00e1maras que tenemos con televigilancia y que son muy importantes para esclarecer delitos\u201d.<\/p>\n<p style=\"text-align: justify;\">Durante la tarde del jueves, el Subsecretario Vergara, estuvo presente en un conversatorio con adultos mayores, con la idea de recoger sus principales comentarios en torno a seguridad p\u00fablica.<\/p>\n<\/div><\/section><\/div><div  style='height:50px' class='hr hr-invisible   avia-builder-el-6  el_after_av_one_full  el_before_av_social_share '><span class='hr-inner ' ><span class='hr-inner-style'><\/span><\/span><\/div><\/p>\n<div  class='av-social-sharing-box  avia-builder-el-7  el_after_av_hr  el_before_av_hr  '><div class='av-share-box'><h5 class='av-share-link-description av-no-toc '>Compartir esta noticia<\/h5><ul class='av-share-box-list noLightbox'><li class='av-share-link av-social-link-facebook' ><a target=\"_blank\" aria-label=\"Compartir en Facebook\" href='https:\/\/www.facebook.com\/sharer.php?u=https:\/\/radiorevelacionfm.cl\/?p=40149&#038;t=En%20recorrido%20junto%20al%20Alcalde%20de%20Ays%C3%A9n%20Subsecretario%20Vergara%20compromete%20recursos%20para%20Seguridad%20Publica' aria-hidden='false' data-av_icon='\ue8f3' data-av_iconfont='entypo-fontello' title='' data-avia-related-tooltip='Compartir en Facebook' rel=\"noopener\"><span class='avia_hidden_link_text'>Compartir en Facebook<\/span><\/a><\/li><li class='av-share-link av-social-link-twitter' ><a target=\"_blank\" aria-label=\"Compartir en Twitter\" href='https:\/\/twitter.com\/share?text=En%20recorrido%20junto%20al%20Alcalde%20de%20Ays%C3%A9n%20Subsecretario%20Vergara%20compromete%20recursos%20para%20Seguridad%20Publica&#038;url=https:\/\/radiorevelacionfm.cl\/?p=40149' aria-hidden='false' data-av_icon='\ue8f1' data-av_iconfont='entypo-fontello' title='' data-avia-related-tooltip='Compartir en Twitter' rel=\"noopener\"><span class='avia_hidden_link_text'>Compartir en Twitter<\/span><\/a><\/li><li class='av-share-link av-social-link-whatsapp' ><a target=\"_blank\" aria-label=\"Compartir en Whatsapp\" href='https:\/\/api.whatsapp.com\/send?text=https:\/\/radiorevelacionfm.cl\/?p=40149' aria-hidden='false' data-av_icon='\uf232' data-av_iconfont='entypo-fontello' title='' data-avia-related-tooltip='Compartir en Whatsapp' rel=\"noopener\"><span class='avia_hidden_link_text'>Compartir en Whatsapp<\/span><\/a><\/li><li class='av-share-link av-social-link-linkedin' ><a target=\"_blank\" aria-label=\"Compartir en LinkedIn\" href='https:\/\/linkedin.com\/shareArticle?mini=true&#038;title=En%20recorrido%20junto%20al%20Alcalde%20de%20Ays%C3%A9n%20Subsecretario%20Vergara%20compromete%20recursos%20para%20Seguridad%20Publica&#038;url=https:\/\/radiorevelacionfm.cl\/?p=40149' aria-hidden='false' data-av_icon='\ue8fc' data-av_iconfont='entypo-fontello' title='' data-avia-related-tooltip='Compartir en LinkedIn' rel=\"noopener\"><span class='avia_hidden_link_text'>Compartir en LinkedIn<\/span><\/a><\/li><li class='av-share-link av-social-link-mail' ><a  aria-label=\"Compartir por correo\" href='mailto:?subject=En%20recorrido%20junto%20al%20Alcalde%20de%20Ays%C3%A9n%20Subsecretario%20Vergara%20compromete%20recursos%20para%20Seguridad%20Publica&#038;body=https:\/\/radiorevelacionfm.cl\/?p=40149' aria-hidden='false' data-av_icon='\ue805' data-av_iconfont='entypo-fontello' title='' data-avia-related-tooltip='Compartir por correo'><span class='avia_hidden_link_text'>Compartir por correo<\/span><\/a><\/li><\/ul><\/div><\/div>\n<div  style='height:50px' class='hr hr-invisible   avia-builder-el-8  el_after_av_social_share  el_before_av_comments_list '><span class='hr-inner ' ><span class='hr-inner-style'><\/span><\/span><\/div>\n<div  class='av-buildercomment  av-blog-meta-html-info-disabled av-blog-meta-tag-disabled  '><\/div>\n","protected":false},"excerpt":{"rendered":"","protected":false},"author":1,"featured_media":40150,"comment_status":"open","ping_status":"open","sticky":false,"template":"","format":"standard","meta":{"footnotes":""},"categories":[38],"tags":[],"class_list":["post-40149","post","type-post","status-publish","format-standard","has-post-thumbnail","hentry","category-regional"],"jetpack_featured_media_url":"https:\/\/radiorevelacionfm.cl\/wp-content\/uploads\/2024\/03\/subsecretario-pto-aysen-8-1_optimized-1.jpg","_links":{"self":[{"href":"https:\/\/radiorevelacionfm.cl\/index.php?rest_route=\/wp\/v2\/posts\/40149","targetHints":{"allow":["GET"]}}],"collection":[{"href":"https:\/\/radiorevelacionfm.cl\/index.php?rest_route=\/wp\/v2\/posts"}],"about":[{"href":"https:\/\/radiorevelacionfm.cl\/index.php?rest_route=\/wp\/v2\/types\/post"}],"author":[{"embeddable":true,"href":"https:\/\/radiorevelacionfm.cl\/index.php?rest_route=\/wp\/v2\/users\/1"}],"replies":[{"embeddable":true,"href":"https:\/\/radiorevelacionfm.cl\/index.php?rest_route=%2Fwp%2Fv2%2Fcomments&post=40149"}],"version-history":[{"count":1,"href":"https:\/\/radiorevelacionfm.cl\/index.php?rest_route=\/wp\/v2\/posts\/40149\/revisions"}],"predecessor-version":[{"id":40151,"href":"https:\/\/radiorevelacionfm.cl\/index.php?rest_route=\/wp\/v2\/posts\/40149\/revisions\/40151"}],"wp:featuredmedia":[{"embeddable":true,"href":"https:\/\/radiorevelacionfm.cl\/index.php?rest_route=\/wp\/v2\/media\/40150"}],"wp:attachment":[{"href":"https:\/\/radiorevelacionfm.cl\/index.php?rest_route=%2Fwp%2Fv2%2Fmedia&parent=40149"}],"wp:term":[{"taxonomy":"category","embeddable":true,"href":"https:\/\/radiorevelacionfm.cl\/index.php?rest_route=%2Fwp%2Fv2%2Fcategories&post=40149"},{"taxonomy":"post_tag","embeddable":true,"href":"https:\/\/radiorevelacionfm.cl\/index.php?rest_route=%2Fwp%2Fv2%2Ftags&post=40149"}],"curies":[{"name":"wp","href":"https:\/\/api.w.org\/{rel}","templated":true}]}}