{"id":40147,"date":"2024-03-08T10:24:01","date_gmt":"2024-03-08T13:24:01","guid":{"rendered":"https:\/\/radiorevelacionfm.cl\/?p=40147"},"modified":"2024-03-08T10:26:05","modified_gmt":"2024-03-08T13:26:05","slug":"comenzo-el-periodo-de-inscripcion-para-rendir-la-paes-de-invierno-2024-hay-50-mil-cupos-disponibles","status":"publish","type":"post","link":"https:\/\/radiorevelacionfm.cl\/?p=40147","title":{"rendered":"Comenz\u00f3 el periodo de inscripci\u00f3n para rendir la PAES de Invierno 2024: Hay 50 mil cupos disponibles"},"content":{"rendered":"<div class=\"flex_column av_one_full  flex_column_div av-zero-column-padding first  avia-builder-el-0  el_before_av_one_full  avia-builder-el-first  \" style='border-radius:0px; '><div  class='avia-image-container  av-styling-    avia-builder-el-1  avia-builder-el-no-sibling  avia-align-center '  itemprop=\"image\" itemscope=\"itemscope\" itemtype=\"https:\/\/schema.org\/ImageObject\"  ><div class='avia-image-container-inner'><div class='avia-image-overlay-wrap'><img decoding=\"async\" class='wp-image-31660 avia-img-lazy-loading-not-31660 avia_image' src=\"https:\/\/radiorevelacionfm.cl\/wp-content\/uploads\/2023\/06\/Seremi-Isabel-Garrido-1-1.jpg\" alt='' title='Seremi Isabel Garrido (1) (1)' height=\"600\" width=\"899\"  itemprop=\"thumbnailUrl\" srcset=\"https:\/\/radiorevelacionfm.cl\/wp-content\/uploads\/2023\/06\/Seremi-Isabel-Garrido-1-1.jpg 899w, https:\/\/radiorevelacionfm.cl\/wp-content\/uploads\/2023\/06\/Seremi-Isabel-Garrido-1-1-300x200.jpg 300w, https:\/\/radiorevelacionfm.cl\/wp-content\/uploads\/2023\/06\/Seremi-Isabel-Garrido-1-1-768x513.jpg 768w, https:\/\/radiorevelacionfm.cl\/wp-content\/uploads\/2023\/06\/Seremi-Isabel-Garrido-1-1-705x471.jpg 705w, https:\/\/radiorevelacionfm.cl\/wp-content\/uploads\/2023\/06\/Seremi-Isabel-Garrido-1-1-450x300.jpg 450w, https:\/\/radiorevelacionfm.cl\/wp-content\/uploads\/2023\/06\/Seremi-Isabel-Garrido-1-1-600x400.jpg 600w\" sizes=\"(max-width: 899px) 100vw, 899px\" \/><\/div><\/div><\/div><\/div><div class=\"flex_column av_one_full  flex_column_div av-zero-column-padding first  avia-builder-el-2  el_after_av_one_full  el_before_av_one_full  column-top-margin\" style='border-radius:0px; '><section class=\"av_textblock_section \"  itemscope=\"itemscope\" itemtype=\"https:\/\/schema.org\/BlogPosting\" itemprop=\"blogPost\" ><div class='avia_textblock  '   itemprop=\"text\" ><p style=\"text-align: center;\"><span style=\"font-size: 18pt;\"><b>Comenz\u00f3 el periodo de inscripci\u00f3n para rendir la PAES de Invierno 2024: Hay 50 mil cupos disponibles<\/b><\/span><\/p>\n<div id=\"gtx-trans\" style=\"position: absolute; left: -50px; top: 4.31534px;\">\n<div class=\"gtx-trans-icon\"><\/div>\n<\/div>\n<\/div><\/section><\/div><\/p>\n<div class=\"flex_column av_one_full  flex_column_div av-zero-column-padding first  avia-builder-el-4  el_after_av_one_full  el_before_av_hr  column-top-margin\" style='border-radius:0px; '><section class=\"av_textblock_section \"  itemscope=\"itemscope\" itemtype=\"https:\/\/schema.org\/BlogPosting\" itemprop=\"blogPost\" ><div class='avia_textblock  '   itemprop=\"text\" ><p class=\"v1MsoNormal\" style=\"text-align: justify;\">La Subsecretar\u00eda de Educaci\u00f3n Superior, junto al DEMRE de la Universidad de Chile, inici\u00f3\u00a0 este mi\u00e9rcoles 6 de marzo\u00a0el per\u00edodo de inscripci\u00f3n para la aplicaci\u00f3n de la Prueba de Acceso a la Educaci\u00f3n Superior (PAES) de Invierno, el que se encontrar\u00e1 habilitado hasta el martes 19 de marzo, a las 13:00 horas, o hasta que se acaben los cupos disponibles.<\/p>\n<p class=\"v1MsoNormal\" style=\"text-align: justify;\">La Seremi de Educaci\u00f3n de Ays\u00e9n\u00a0 Isabel Garrido inform\u00f3 que para esta PAES de Invierno, cuyos resultados podr\u00e1n ser usados en el Proceso de Admisi\u00f3n 2025 y tambi\u00e9n en la Admisi\u00f3n 2026, se dispondr\u00e1 de 50.000 cupos de inscripci\u00f3n, dirigidos a personas, chilenas o extranjeras, egresadas de la Ense\u00f1anza Media en 2023 o en a\u00f1os anteriores, que tengan disponible en l\u00ednea su Licencia de Ense\u00f1anza Media y\/o su Certificado Anual de curso de egreso (IV Medio, 2\u00ba Nivel Medio Adultos, o 3\u00ba Nivel Medio Adultos TP), o Reconocimiento de Estudios realizados en el extranjero.<\/p>\n<p class=\"v1MsoNormal\" style=\"text-align: justify;\">La prueba se rendir\u00e1 el 17, 18 y 19 de junio\u00a0en\u00a0<a href=\"https:\/\/demre.cl\/rendicion\/sedes-de-rendicion-paes-invierno\/\" target=\"_blank\" rel=\"noopener noreferrer\">45 sedes<\/a>\u00a0o comunas a nivel nacional. Las y los postulantes deber\u00e1n inscribir las pruebas que consideren pertinentes seg\u00fan sus carreras de inter\u00e9s. Es importante destacar que no se podr\u00e1n rendir pruebas que no se hayan inscrito en este per\u00edodo, ni se podr\u00e1n agregar pruebas en los locales de rendici\u00f3n.<\/p>\n<p class=\"v1MsoNormal\" style=\"text-align: justify;\">La inscripci\u00f3n a la PAES de Invierno 2024 se realiza de forma online, desde cualquier computador o dispositivo m\u00f3vil, ingresando al sitio web de\u00a0<a href=\"https:\/\/acceso.mineduc.cl\/portal-inscripcion\/\" target=\"_blank\" rel=\"noopener noreferrer\">acceso.mineduc.cl<\/a>\u00a0o en\u00a0<a href=\"https:\/\/demre.cl\/\" target=\"_blank\" rel=\"noopener noreferrer\">demre.cl<\/a>\u00a0y completando todo el formulario, hasta obtener la Tarjeta de Identificaci\u00f3n.<\/p>\n<p class=\"v1MsoNormal\" style=\"text-align: justify;\">Isabel Garrido\u00a0 invit\u00f3 a los estudiantes a inscribirse, destacando que \u201cesta instancia de rendici\u00f3n busca entregar mayor flexibilidad y autonom\u00eda a quienes postulen a la educaci\u00f3n superior. Se trata de una oportunidad m\u00e1s que tienen las y los estudiantes para acceder a la educaci\u00f3n superior, espec\u00edficamente al subsistema universitario. Queremos decirle a quienes est\u00e9n pensando en rendir la PAES de Invierno, que hoy el sistema permite m\u00e1s opciones, que no se juegan el todo o nada en una sola prueba, como ocurr\u00eda hasta hace un par de a\u00f1os. Queremos contribuir a un proceso exigente, pero sano y amigable para las y los j\u00f3venes que piensan dar la prueba. Como la inscripci\u00f3n dura pocos d\u00edas, hacemos un llamado a entrar a la plataforma y completar el formulario lo antes posible, antes de que se acaben los cupos o expire el plazo, el 19 de marzo a las 13:00 horas\u201d.<\/p>\n<p class=\"v1MsoNormal\" style=\"text-align: justify;\">Desde el DEMRE\u00a0de la Universidad de Chile se\u00f1alan\u00a0 que rendir la PAES de Invierno es una valiosa oportunidad para quienes ya egresaron de ense\u00f1anza media. Pueden elegir rendir entre una y cinco pruebas, y en condiciones de menos estr\u00e9s y ansiedad. Ya llevamos dos aplicaciones invernales y, en t\u00e9rminos generales, podemos decir que muchos de quienes rinden la PAES de Invierno mejoran sus puntajes.<\/p>\n<p class=\"v1MsoNormal\" style=\"text-align: justify;\">\u00a0El valor de la inscripci\u00f3n depender\u00e1 de la cantidad de pruebas que escoja el o la postulante: una prueba, $ 15.350; dos, $ 28.100, y tres o m\u00e1s pruebas, $ 40.850. El m\u00e9todo de pago es en l\u00ednea y con sistema Webpay.<\/p>\n<p class=\"v1MsoNormal\" style=\"text-align: justify;\">Es importante recordar tambi\u00e9n que si se inscribe la prueba de Competencia Matem\u00e1tica 1 (M1), se podr\u00e1 inscribir sin costo la PAES de Competencia Matem\u00e1tica 2 (M2). De igual forma, si se inscribe M2, se podr\u00e1 inscribir sin costo M1. Para ello, las y los postulantes deben seleccionar manualmente ambas pruebas al momento de inscribirse.<\/p>\n<\/div><\/section><\/div>\n<div  style='height:50px' class='hr hr-invisible   avia-builder-el-6  el_after_av_one_full  el_before_av_social_share '><span class='hr-inner ' ><span class='hr-inner-style'><\/span><\/span><\/div>\n<div  class='av-social-sharing-box  avia-builder-el-7  el_after_av_hr  el_before_av_hr  '><div class='av-share-box'><h5 class='av-share-link-description av-no-toc '>Compartir esta noticia<\/h5><ul class='av-share-box-list noLightbox'><li class='av-share-link av-social-link-facebook' ><a target=\"_blank\" aria-label=\"Compartir en Facebook\" href='https:\/\/www.facebook.com\/sharer.php?u=https:\/\/radiorevelacionfm.cl\/?p=40147&#038;t=Comenz%C3%B3%20el%20periodo%20de%20inscripci%C3%B3n%20para%20rendir%20la%20PAES%20de%20Invierno%202024%3A%20Hay%2050%20mil%20cupos%20disponibles' aria-hidden='false' data-av_icon='\ue8f3' data-av_iconfont='entypo-fontello' title='' data-avia-related-tooltip='Compartir en Facebook' rel=\"noopener\"><span class='avia_hidden_link_text'>Compartir en Facebook<\/span><\/a><\/li><li class='av-share-link av-social-link-twitter' ><a target=\"_blank\" aria-label=\"Compartir en Twitter\" href='https:\/\/twitter.com\/share?text=Comenz%C3%B3%20el%20periodo%20de%20inscripci%C3%B3n%20para%20rendir%20la%20PAES%20de%20Invierno%202024%3A%20Hay%2050%20mil%20cupos%20disponibles&#038;url=https:\/\/radiorevelacionfm.cl\/?p=40147' aria-hidden='false' data-av_icon='\ue8f1' data-av_iconfont='entypo-fontello' title='' data-avia-related-tooltip='Compartir en Twitter' rel=\"noopener\"><span class='avia_hidden_link_text'>Compartir en Twitter<\/span><\/a><\/li><li class='av-share-link av-social-link-whatsapp' ><a target=\"_blank\" aria-label=\"Compartir en Whatsapp\" href='https:\/\/api.whatsapp.com\/send?text=https:\/\/radiorevelacionfm.cl\/?p=40147' aria-hidden='false' data-av_icon='\uf232' data-av_iconfont='entypo-fontello' title='' data-avia-related-tooltip='Compartir en Whatsapp' rel=\"noopener\"><span class='avia_hidden_link_text'>Compartir en Whatsapp<\/span><\/a><\/li><li class='av-share-link av-social-link-linkedin' ><a target=\"_blank\" aria-label=\"Compartir en LinkedIn\" href='https:\/\/linkedin.com\/shareArticle?mini=true&#038;title=Comenz%C3%B3%20el%20periodo%20de%20inscripci%C3%B3n%20para%20rendir%20la%20PAES%20de%20Invierno%202024%3A%20Hay%2050%20mil%20cupos%20disponibles&#038;url=https:\/\/radiorevelacionfm.cl\/?p=40147' aria-hidden='false' data-av_icon='\ue8fc' data-av_iconfont='entypo-fontello' title='' data-avia-related-tooltip='Compartir en LinkedIn' rel=\"noopener\"><span class='avia_hidden_link_text'>Compartir en LinkedIn<\/span><\/a><\/li><li class='av-share-link av-social-link-mail' ><a  aria-label=\"Compartir por correo\" href='mailto:?subject=Comenz%C3%B3%20el%20periodo%20de%20inscripci%C3%B3n%20para%20rendir%20la%20PAES%20de%20Invierno%202024%3A%20Hay%2050%20mil%20cupos%20disponibles&#038;body=https:\/\/radiorevelacionfm.cl\/?p=40147' aria-hidden='false' data-av_icon='\ue805' data-av_iconfont='entypo-fontello' title='' data-avia-related-tooltip='Compartir por correo'><span class='avia_hidden_link_text'>Compartir por correo<\/span><\/a><\/li><\/ul><\/div><\/div>\n<div  style='height:50px' class='hr hr-invisible   avia-builder-el-8  el_after_av_social_share  el_before_av_comments_list '><span class='hr-inner ' ><span class='hr-inner-style'><\/span><\/span><\/div>\n<div  class='av-buildercomment  av-blog-meta-html-info-disabled av-blog-meta-tag-disabled  '><\/div>\n","protected":false},"excerpt":{"rendered":"","protected":false},"author":1,"featured_media":31660,"comment_status":"open","ping_status":"open","sticky":false,"template":"","format":"standard","meta":{"footnotes":""},"categories":[49],"tags":[],"class_list":["post-40147","post","type-post","status-publish","format-standard","has-post-thumbnail","hentry","category-educacion"],"jetpack_featured_media_url":"https:\/\/radiorevelacionfm.cl\/wp-content\/uploads\/2023\/06\/Seremi-Isabel-Garrido-1-1.jpg","_links":{"self":[{"href":"https:\/\/radiorevelacionfm.cl\/index.php?rest_route=\/wp\/v2\/posts\/40147","targetHints":{"allow":["GET"]}}],"collection":[{"href":"https:\/\/radiorevelacionfm.cl\/index.php?rest_route=\/wp\/v2\/posts"}],"about":[{"href":"https:\/\/radiorevelacionfm.cl\/index.php?rest_route=\/wp\/v2\/types\/post"}],"author":[{"embeddable":true,"href":"https:\/\/radiorevelacionfm.cl\/index.php?rest_route=\/wp\/v2\/users\/1"}],"replies":[{"embeddable":true,"href":"https:\/\/radiorevelacionfm.cl\/index.php?rest_route=%2Fwp%2Fv2%2Fcomments&post=40147"}],"version-history":[{"count":2,"href":"https:\/\/radiorevelacionfm.cl\/index.php?rest_route=\/wp\/v2\/posts\/40147\/revisions"}],"predecessor-version":[{"id":40171,"href":"https:\/\/radiorevelacionfm.cl\/index.php?rest_route=\/wp\/v2\/posts\/40147\/revisions\/40171"}],"wp:featuredmedia":[{"embeddable":true,"href":"https:\/\/radiorevelacionfm.cl\/index.php?rest_route=\/wp\/v2\/media\/31660"}],"wp:attachment":[{"href":"https:\/\/radiorevelacionfm.cl\/index.php?rest_route=%2Fwp%2Fv2%2Fmedia&parent=40147"}],"wp:term":[{"taxonomy":"category","embeddable":true,"href":"https:\/\/radiorevelacionfm.cl\/index.php?rest_route=%2Fwp%2Fv2%2Fcategories&post=40147"},{"taxonomy":"post_tag","embeddable":true,"href":"https:\/\/radiorevelacionfm.cl\/index.php?rest_route=%2Fwp%2Fv2%2Ftags&post=40147"}],"curies":[{"name":"wp","href":"https:\/\/api.w.org\/{rel}","templated":true}]}}