{"id":40144,"date":"2024-03-07T22:05:56","date_gmt":"2024-03-08T01:05:56","guid":{"rendered":"https:\/\/radiorevelacionfm.cl\/?p=40144"},"modified":"2024-03-07T22:05:56","modified_gmt":"2024-03-08T01:05:56","slug":"aporte-familiar-permanente-3-mil-familias-ayseninas-beneficiadas-en-segunda-nomina-de-pago","status":"publish","type":"post","link":"https:\/\/radiorevelacionfm.cl\/?p=40144","title":{"rendered":"Aporte Familiar Permanente: 3 mil familias ayseninas beneficiadas en segunda n\u00f3mina de pago"},"content":{"rendered":"<div class=\"flex_column av_one_full  flex_column_div av-zero-column-padding first  avia-builder-el-0  el_before_av_one_full  avia-builder-el-first  \" style='border-radius:0px; '><div  class='avia-image-container  av-styling-    avia-builder-el-1  avia-builder-el-no-sibling  avia-align-center '  itemprop=\"image\" itemscope=\"itemscope\" itemtype=\"https:\/\/schema.org\/ImageObject\"  ><div class='avia-image-container-inner'><div class='avia-image-overlay-wrap'><img decoding=\"async\" class='wp-image-40145 avia-img-lazy-loading-not-40145 avia_image' src=\"https:\/\/radiorevelacionfm.cl\/wp-content\/uploads\/2024\/03\/COBRO-BENEFICIO-1-1.jpeg\" alt='' title='COBRO BENEFICIO (1) (1)' height=\"600\" width=\"800\"  itemprop=\"thumbnailUrl\" srcset=\"https:\/\/radiorevelacionfm.cl\/wp-content\/uploads\/2024\/03\/COBRO-BENEFICIO-1-1.jpeg 800w, https:\/\/radiorevelacionfm.cl\/wp-content\/uploads\/2024\/03\/COBRO-BENEFICIO-1-1-300x225.jpeg 300w, https:\/\/radiorevelacionfm.cl\/wp-content\/uploads\/2024\/03\/COBRO-BENEFICIO-1-1-768x576.jpeg 768w, https:\/\/radiorevelacionfm.cl\/wp-content\/uploads\/2024\/03\/COBRO-BENEFICIO-1-1-705x529.jpeg 705w, https:\/\/radiorevelacionfm.cl\/wp-content\/uploads\/2024\/03\/COBRO-BENEFICIO-1-1-450x338.jpeg 450w, https:\/\/radiorevelacionfm.cl\/wp-content\/uploads\/2024\/03\/COBRO-BENEFICIO-1-1-600x450.jpeg 600w\" sizes=\"(max-width: 800px) 100vw, 800px\" \/><\/div><\/div><\/div><\/div><div class=\"flex_column av_one_full  flex_column_div av-zero-column-padding first  avia-builder-el-2  el_after_av_one_full  el_before_av_one_full  column-top-margin\" style='border-radius:0px; '><section class=\"av_textblock_section \"  itemscope=\"itemscope\" itemtype=\"https:\/\/schema.org\/BlogPosting\" itemprop=\"blogPost\" ><div class='avia_textblock  '   itemprop=\"text\" ><p style=\"text-align: center;\"><strong><span style=\"font-size: 18pt;\">Aporte Familiar Permanente: 3 mil familias ayseninas beneficiadas en segunda n\u00f3mina de pago<\/span><\/strong><\/p>\n<div id=\"gtx-trans\" style=\"position: absolute; left: -50px; top: 4.31534px;\">\n<div class=\"gtx-trans-icon\"><\/div>\n<\/div>\n<\/div><\/section><\/div><div class=\"flex_column av_one_full  flex_column_div av-zero-column-padding first  avia-builder-el-4  el_after_av_one_full  el_before_av_hr  column-top-margin\" style='border-radius:0px; '><section class=\"av_textblock_section \"  itemscope=\"itemscope\" itemtype=\"https:\/\/schema.org\/BlogPosting\" itemprop=\"blogPost\" ><div class='avia_textblock  '   itemprop=\"text\" ><p style=\"text-align: justify;\">M\u00e1s de 3 mil familias ayseninas forman parte del segundo grupo de beneficiarios del tradicional Aporte Familiar Permanente (ex Bono Marzo) que comenz\u00f3 a recibir su pago a partir del 1 de marzo. Esta nueva n\u00f3mina corresponde a quienes reciben Subsidio \u00danico Familiar (SUF), beneficios por Chile Solidario o \u00a0por el Subsistema de Seguridades y Oportunidades (Ingreso \u00c9tico Familiar), y que tienen fecha de pago durante la primera mitad de cada mes. Asimismo, se incluyen en este pago las personas pensionadas del IPS, que cuentan con pago de Asignaci\u00f3n Familiar.<\/p>\n<p style=\"text-align: justify;\">\u201cEsta segunda n\u00f3mina la integran m\u00e1s de 415 mil familias de todo el pa\u00eds, que recibir\u00e1n el Aporte Familiar Permanente entre el 1 y 14 de marzo; de ellas, se estima que casi 3 mil corresponden a la Regi\u00f3n de Ays\u00e9n. Estas personas no deben hacer ning\u00fan tr\u00e1mite para recibir el bono porque viene incluido, autom\u00e1ticamente, en su beneficio mensual que cobran en IPS. Pueden confirmar el derecho en www.aportefamiliar.cl y www.chileatiende.cl, ingresando su RUN y fecha de nacimiento para saber en qu\u00e9 lugar y fecha les pagar\u00e1n\u201d, explic\u00f3 el seremi del Trabajo y Previsi\u00f3n Social, Rodrigo D\u00edaz Cordaro.<\/p>\n<p style=\"text-align: justify;\">Por su parte, la jefa de la sucursal IPS ChileAtiende Coyhaique, Daniela Catal\u00e1n Celis hizo hincapi\u00e9 en que se trata de un beneficio que se concede de manera autom\u00e1tica a quienes cumplen con los requisitos establecidos en la ley. \u201cEste beneficio no requiere postulaci\u00f3n. El Estado, con la informaci\u00f3n disponible, asigna los pagos a las personas que cumplen los requisitos legales. Cabe recordar que, para recibir el Aporte Familiar Permanente, las personas deben haber tenido vigente el pago de los beneficios que le dan derecho, a diciembre de 2023\u201d, explic\u00f3 la jefatura.<\/p>\n<p style=\"text-align: justify;\">Para este a\u00f1o 2024, el monto del Aporte Familiar Permanente es de $61.793 por causante de Subsidio Familiar, por carga familiar o por familia, seg\u00fan el tipo de beneficiario. As\u00ed, por ejemplo, una familia en donde la madre tiene Subsidio Familiar (SUF) por ella y por dos hijos, tendr\u00e1 derecho a tres aportes familiares.<\/p>\n<p style=\"text-align: justify;\">Hay un plazo de nueve meses para cobrar el Aporte Familiar Permanente desde la fecha de emisi\u00f3n del documento de pago.<\/p>\n<p style=\"text-align: justify;\"><strong>Pr\u00f3ximo pago<\/strong><\/p>\n<p style=\"text-align: justify;\">Las dem\u00e1s personas beneficiarias podr\u00e1n consultar desde el 15 de marzo, cuando se actualice la tercera n\u00f3mina para aquellos que reciben Asignaci\u00f3n Familiar o Maternal por sus cargas familiares, incluidos pensionados de instituciones distintas al IPS.<\/p>\n<p style=\"text-align: justify;\">En el caso de personas que no aparezcan como beneficiarias, y consideren que cumplen los requisitos, podr\u00e1n ingresar un reclamo en <a href=\"http:\/\/www.aportefamiliar.cl\">www.aportefamiliar.cl<\/a> desde el 15 de marzo.<\/p>\n<p style=\"text-align: justify;\">Se estima que, una vez pagadas todas las n\u00f3minas, y considerando que hay personas que van actualizando retroactivamente su informaci\u00f3n de cargas familiares, cerca de 1 mill\u00f3n 600 mil personas se ver\u00e1n beneficiadas con el Aporte Familiar Permanente este a\u00f1o en todo el pa\u00eds.<\/p>\n<p style=\"text-align: justify;\"><strong>\u00bfD\u00f3nde consultar?<\/strong><\/p>\n<p style=\"text-align: justify;\">El derecho al beneficio se puede consultar en <a href=\"http:\/\/www.aportefamiliar.cl\">www.aportefamiliar.cl<\/a> o en <a href=\"http:\/\/www.chileatiende.cl\">www.chileatiende.cl<\/a>. Tambi\u00e9n se puede llamar al Call Center 101 de la red ChileAtiende.<\/p>\n<\/div><\/section><\/div><div  style='height:50px' class='hr hr-invisible   avia-builder-el-6  el_after_av_one_full  el_before_av_social_share '><span class='hr-inner ' ><span class='hr-inner-style'><\/span><\/span><\/div><\/p>\n<div  class='av-social-sharing-box  avia-builder-el-7  el_after_av_hr  el_before_av_hr  '><div class='av-share-box'><h5 class='av-share-link-description av-no-toc '>Compartir esta noticia<\/h5><ul class='av-share-box-list noLightbox'><li class='av-share-link av-social-link-facebook' ><a target=\"_blank\" aria-label=\"Compartir en Facebook\" href='https:\/\/www.facebook.com\/sharer.php?u=https:\/\/radiorevelacionfm.cl\/?p=40144&#038;t=Aporte%20Familiar%20Permanente%3A%203%20mil%20familias%20ayseninas%20beneficiadas%20en%20segunda%20n%C3%B3mina%20de%20pago' aria-hidden='false' data-av_icon='\ue8f3' data-av_iconfont='entypo-fontello' title='' data-avia-related-tooltip='Compartir en Facebook' rel=\"noopener\"><span class='avia_hidden_link_text'>Compartir en Facebook<\/span><\/a><\/li><li class='av-share-link av-social-link-twitter' ><a target=\"_blank\" aria-label=\"Compartir en Twitter\" href='https:\/\/twitter.com\/share?text=Aporte%20Familiar%20Permanente%3A%203%20mil%20familias%20ayseninas%20beneficiadas%20en%20segunda%20n%C3%B3mina%20de%20pago&#038;url=https:\/\/radiorevelacionfm.cl\/?p=40144' aria-hidden='false' data-av_icon='\ue8f1' data-av_iconfont='entypo-fontello' title='' data-avia-related-tooltip='Compartir en Twitter' rel=\"noopener\"><span class='avia_hidden_link_text'>Compartir en Twitter<\/span><\/a><\/li><li class='av-share-link av-social-link-whatsapp' ><a target=\"_blank\" aria-label=\"Compartir en Whatsapp\" href='https:\/\/api.whatsapp.com\/send?text=https:\/\/radiorevelacionfm.cl\/?p=40144' aria-hidden='false' data-av_icon='\uf232' data-av_iconfont='entypo-fontello' title='' data-avia-related-tooltip='Compartir en Whatsapp' rel=\"noopener\"><span class='avia_hidden_link_text'>Compartir en Whatsapp<\/span><\/a><\/li><li class='av-share-link av-social-link-linkedin' ><a target=\"_blank\" aria-label=\"Compartir en LinkedIn\" href='https:\/\/linkedin.com\/shareArticle?mini=true&#038;title=Aporte%20Familiar%20Permanente%3A%203%20mil%20familias%20ayseninas%20beneficiadas%20en%20segunda%20n%C3%B3mina%20de%20pago&#038;url=https:\/\/radiorevelacionfm.cl\/?p=40144' aria-hidden='false' data-av_icon='\ue8fc' data-av_iconfont='entypo-fontello' title='' data-avia-related-tooltip='Compartir en LinkedIn' rel=\"noopener\"><span class='avia_hidden_link_text'>Compartir en LinkedIn<\/span><\/a><\/li><li class='av-share-link av-social-link-mail' ><a  aria-label=\"Compartir por correo\" href='mailto:?subject=Aporte%20Familiar%20Permanente%3A%203%20mil%20familias%20ayseninas%20beneficiadas%20en%20segunda%20n%C3%B3mina%20de%20pago&#038;body=https:\/\/radiorevelacionfm.cl\/?p=40144' aria-hidden='false' data-av_icon='\ue805' data-av_iconfont='entypo-fontello' title='' data-avia-related-tooltip='Compartir por correo'><span class='avia_hidden_link_text'>Compartir por correo<\/span><\/a><\/li><\/ul><\/div><\/div>\n<div  style='height:50px' class='hr hr-invisible   avia-builder-el-8  el_after_av_social_share  el_before_av_comments_list '><span class='hr-inner ' ><span class='hr-inner-style'><\/span><\/span><\/div>\n<div  class='av-buildercomment  av-blog-meta-html-info-disabled av-blog-meta-tag-disabled  '><\/div>\n","protected":false},"excerpt":{"rendered":"","protected":false},"author":1,"featured_media":40145,"comment_status":"open","ping_status":"open","sticky":false,"template":"","format":"standard","meta":{"footnotes":""},"categories":[38],"tags":[],"class_list":["post-40144","post","type-post","status-publish","format-standard","has-post-thumbnail","hentry","category-regional"],"jetpack_featured_media_url":"https:\/\/radiorevelacionfm.cl\/wp-content\/uploads\/2024\/03\/COBRO-BENEFICIO-1-1.jpeg","_links":{"self":[{"href":"https:\/\/radiorevelacionfm.cl\/index.php?rest_route=\/wp\/v2\/posts\/40144","targetHints":{"allow":["GET"]}}],"collection":[{"href":"https:\/\/radiorevelacionfm.cl\/index.php?rest_route=\/wp\/v2\/posts"}],"about":[{"href":"https:\/\/radiorevelacionfm.cl\/index.php?rest_route=\/wp\/v2\/types\/post"}],"author":[{"embeddable":true,"href":"https:\/\/radiorevelacionfm.cl\/index.php?rest_route=\/wp\/v2\/users\/1"}],"replies":[{"embeddable":true,"href":"https:\/\/radiorevelacionfm.cl\/index.php?rest_route=%2Fwp%2Fv2%2Fcomments&post=40144"}],"version-history":[{"count":1,"href":"https:\/\/radiorevelacionfm.cl\/index.php?rest_route=\/wp\/v2\/posts\/40144\/revisions"}],"predecessor-version":[{"id":40146,"href":"https:\/\/radiorevelacionfm.cl\/index.php?rest_route=\/wp\/v2\/posts\/40144\/revisions\/40146"}],"wp:featuredmedia":[{"embeddable":true,"href":"https:\/\/radiorevelacionfm.cl\/index.php?rest_route=\/wp\/v2\/media\/40145"}],"wp:attachment":[{"href":"https:\/\/radiorevelacionfm.cl\/index.php?rest_route=%2Fwp%2Fv2%2Fmedia&parent=40144"}],"wp:term":[{"taxonomy":"category","embeddable":true,"href":"https:\/\/radiorevelacionfm.cl\/index.php?rest_route=%2Fwp%2Fv2%2Fcategories&post=40144"},{"taxonomy":"post_tag","embeddable":true,"href":"https:\/\/radiorevelacionfm.cl\/index.php?rest_route=%2Fwp%2Fv2%2Ftags&post=40144"}],"curies":[{"name":"wp","href":"https:\/\/api.w.org\/{rel}","templated":true}]}}