{"id":40141,"date":"2024-03-07T21:46:57","date_gmt":"2024-03-08T00:46:57","guid":{"rendered":"https:\/\/radiorevelacionfm.cl\/?p=40141"},"modified":"2024-03-07T21:46:57","modified_gmt":"2024-03-08T00:46:57","slug":"gobernadora-macias-firma-convenio-para-fortalecer-el-trabajo-del-gore-aysen-en-prevencion-del-delito","status":"publish","type":"post","link":"https:\/\/radiorevelacionfm.cl\/?p=40141","title":{"rendered":"Gobernadora Mac\u00edas firma convenio para fortalecer el trabajo del GORE Ays\u00e9n en prevenci\u00f3n del delito"},"content":{"rendered":"<div class=\"flex_column av_one_full  flex_column_div av-zero-column-padding first  avia-builder-el-0  el_before_av_one_full  avia-builder-el-first  \" style='border-radius:0px; '><div  class='avia-image-container  av-styling-    avia-builder-el-1  avia-builder-el-no-sibling  avia-align-center '  itemprop=\"image\" itemscope=\"itemscope\" itemtype=\"https:\/\/schema.org\/ImageObject\"  ><div class='avia-image-container-inner'><div class='avia-image-overlay-wrap'><img decoding=\"async\" class='wp-image-40142 avia-img-lazy-loading-not-40142 avia_image' src=\"https:\/\/radiorevelacionfm.cl\/wp-content\/uploads\/2024\/03\/whatsapp-image-2024-03-06-at-8_optimized.24.23-pm-1.jpeg\" alt='' title='whatsapp-image-2024-03-06-at-8_optimized.24.23-pm-(1)' height=\"600\" width=\"1067\"  itemprop=\"thumbnailUrl\" srcset=\"https:\/\/radiorevelacionfm.cl\/wp-content\/uploads\/2024\/03\/whatsapp-image-2024-03-06-at-8_optimized.24.23-pm-1.jpeg 1067w, https:\/\/radiorevelacionfm.cl\/wp-content\/uploads\/2024\/03\/whatsapp-image-2024-03-06-at-8_optimized.24.23-pm-1-300x169.jpeg 300w, https:\/\/radiorevelacionfm.cl\/wp-content\/uploads\/2024\/03\/whatsapp-image-2024-03-06-at-8_optimized.24.23-pm-1-1030x579.jpeg 1030w, https:\/\/radiorevelacionfm.cl\/wp-content\/uploads\/2024\/03\/whatsapp-image-2024-03-06-at-8_optimized.24.23-pm-1-768x432.jpeg 768w, https:\/\/radiorevelacionfm.cl\/wp-content\/uploads\/2024\/03\/whatsapp-image-2024-03-06-at-8_optimized.24.23-pm-1-705x396.jpeg 705w, https:\/\/radiorevelacionfm.cl\/wp-content\/uploads\/2024\/03\/whatsapp-image-2024-03-06-at-8_optimized.24.23-pm-1-450x253.jpeg 450w, https:\/\/radiorevelacionfm.cl\/wp-content\/uploads\/2024\/03\/whatsapp-image-2024-03-06-at-8_optimized.24.23-pm-1-600x337.jpeg 600w\" sizes=\"(max-width: 1067px) 100vw, 1067px\" \/><\/div><\/div><\/div><\/div><div class=\"flex_column av_one_full  flex_column_div av-zero-column-padding first  avia-builder-el-2  el_after_av_one_full  el_before_av_one_full  column-top-margin\" style='border-radius:0px; '><section class=\"av_textblock_section \"  itemscope=\"itemscope\" itemtype=\"https:\/\/schema.org\/BlogPosting\" itemprop=\"blogPost\" ><div class='avia_textblock  '   itemprop=\"text\" ><p style=\"text-align: center;\"><strong><span style=\"font-size: 18pt;\">Gobernadora Mac\u00edas firma convenio para fortalecer el trabajo del GORE Ays\u00e9n en prevenci\u00f3n del delito<\/span><\/strong><\/p>\n<div id=\"gtx-trans\" style=\"position: absolute; left: -50px; top: 4.31534px;\">\n<div class=\"gtx-trans-icon\"><\/div>\n<\/div>\n<\/div><\/section><\/div><div class=\"flex_column av_one_full  flex_column_div av-zero-column-padding first  avia-builder-el-4  el_after_av_one_full  el_before_av_hr  column-top-margin\" style='border-radius:0px; '><section class=\"av_textblock_section \"  itemscope=\"itemscope\" itemtype=\"https:\/\/schema.org\/BlogPosting\" itemprop=\"blogPost\" ><div class='avia_textblock  '   itemprop=\"text\" ><p dir=\"ltr\" style=\"text-align: justify;\">Asesor\u00eda t\u00e9cnica para prevenci\u00f3n situacional y social del delito es el objeto de un convenio de colaboraci\u00f3n suscrito por la Gobernadora Regional Andrea Mac\u00edas Palma y el Subsecretario de Prevenci\u00f3n del Delito, Eduardo Vergara Bolbar\u00e1n, quien visit\u00f3 la Regi\u00f3n de Ays\u00e9n por estos d\u00edas.<\/p>\n<p dir=\"ltr\" style=\"text-align: justify;\">Se trata de un acuerdo de voluntades para establecer una alianza de colaboraci\u00f3n entre la subsecretar\u00eda y el Gobierno Regional de Ays\u00e9n, en consideraci\u00f3n de que progresivamente los gobiernos regionales ir\u00e1n adquiriendo mayores facultades para colaborar en la tarea de enfrentar los problemas de seguridad que aquejan a gran parte del pa\u00eds.<\/p>\n<p dir=\"ltr\" style=\"text-align: justify;\">Seg\u00fan la Gobernadora Andrea Mac\u00edas, esto podr\u00e1 fortalecer los programas que ya existen para ampliar su extensi\u00f3n territorial, pero adem\u00e1s para apuntar a que los 16 gobiernos regionales del pa\u00eds, puedan contar con una divisi\u00f3n dedicada a las materias de prevenci\u00f3n y seguridad.<\/p>\n<p dir=\"ltr\" style=\"text-align: justify;\">\u00abEste convenio de colaboraci\u00f3n abre nuevas oportunidades a trav\u00e9s de la disposici\u00f3n de equipos t\u00e9cnicos para poder formular iniciativas y poder abordar y estar en el territorio donde suceden las cosas. No s\u00f3lo en materia de equipamiento, como lo hemos venido haciendo, sino tambi\u00e9n poder llevar adelante programas que tengan foco en la infancia, en la adolescencia\u00bb, afirm\u00f3 la primera autoridad regional.<\/p>\n<p dir=\"ltr\" style=\"text-align: justify;\">Por su parte, el subsecretario Eduardo Vergara expres\u00f3 que: \u00abQueremos asegurarnos que las mejores tecnolog\u00edas est\u00e9n implementadas ac\u00e1, que los distintos actores, los municipios, el sector p\u00fablico, pero tambi\u00e9n el sector privado tengan la coordinaci\u00f3n necesaria para llevar adelante el trabajo necesario\u00bb.<\/p>\n<p dir=\"ltr\" style=\"text-align: justify;\"><strong>Coordinaci\u00f3n con vecinos y Carabineros<\/strong><\/p>\n<p dir=\"ltr\" style=\"text-align: justify;\">Durante este mes, el Gobierno Regional encabezado por la Gobernadora Mac\u00edas ha retomado un importante trabajo en identificar las oportunidades para mejorar el trabajo colaborativo que se hace en materia de seguridad.<\/p>\n<p dir=\"ltr\" style=\"text-align: justify;\">Por esta raz\u00f3n tambi\u00e9n se sostuvo una reuni\u00f3n junto a dirigentes de la Junta de Vecinos de la poblaci\u00f3n General Bernales, quienes convocaron a las autoridades del GORE, de la Delegaci\u00f3n Presidencial Regional y de Carabineros para abordar las preocupaciones de dicho sector por el incremento de la sensaci\u00f3n de inseguridad.<\/p>\n<p dir=\"ltr\" style=\"text-align: justify;\">\u00abHay diferentes hechos que nos han llevado como dirigentes a hacernos presentes, a solicitar estos espacios de comunicaci\u00f3n, de conversaci\u00f3n, de poder tocar puertas y lograr instancias para mejorar lo que hoy d\u00eda vivimos\u00bb, sostuvo Mireya Catal\u00e1n, dirigenta de la Junta de Vecinos de la Poblaci\u00f3n General Bernales.<\/p>\n<p dir=\"ltr\" style=\"text-align: justify;\">Por su parte, el General de Zona de Carabineros Ays\u00e9n, Patricio Santos, asegur\u00f3 que la instituci\u00f3n comprometi\u00f3 una presencia policial focalizada y \u00abadem\u00e1s entregamos una buena noticia, ya nos entregaron en Santiago 10 veh\u00edculos de 35 que compramos gracias al aporte del Gobierno Regional (&#8230;) van a aumentar la oferta territorial. Uno de ellos es un cuartel m\u00f3vil y comprometemos los recursos de tal forma que est\u00e9 presente y atendiendo las necesidades de prevenci\u00f3n\u00bb.<\/p>\n<p dir=\"ltr\" style=\"text-align: justify;\">Dichos veh\u00edculos, financiados por el Gobierno Regional de Ays\u00e9n, ser\u00e1n presentados este s\u00e1bado para toda la comunidad de Coyhaique en cercan\u00edas de la feria las Quintas.<\/p>\n<\/div><\/section><\/div><div  style='height:50px' class='hr hr-invisible   avia-builder-el-6  el_after_av_one_full  el_before_av_social_share '><span class='hr-inner ' ><span class='hr-inner-style'><\/span><\/span><\/div><\/p>\n<div  class='av-social-sharing-box  avia-builder-el-7  el_after_av_hr  el_before_av_hr  '><div class='av-share-box'><h5 class='av-share-link-description av-no-toc '>Compartir esta noticia<\/h5><ul class='av-share-box-list noLightbox'><li class='av-share-link av-social-link-facebook' ><a target=\"_blank\" aria-label=\"Compartir en Facebook\" href='https:\/\/www.facebook.com\/sharer.php?u=https:\/\/radiorevelacionfm.cl\/?p=40141&#038;t=Gobernadora%20Mac%C3%ADas%20firma%20convenio%20para%20fortalecer%20el%20trabajo%20del%20GORE%20Ays%C3%A9n%20en%20prevenci%C3%B3n%20del%20delito' aria-hidden='false' data-av_icon='\ue8f3' data-av_iconfont='entypo-fontello' title='' data-avia-related-tooltip='Compartir en Facebook' rel=\"noopener\"><span class='avia_hidden_link_text'>Compartir en Facebook<\/span><\/a><\/li><li class='av-share-link av-social-link-twitter' ><a target=\"_blank\" aria-label=\"Compartir en Twitter\" href='https:\/\/twitter.com\/share?text=Gobernadora%20Mac%C3%ADas%20firma%20convenio%20para%20fortalecer%20el%20trabajo%20del%20GORE%20Ays%C3%A9n%20en%20prevenci%C3%B3n%20del%20delito&#038;url=https:\/\/radiorevelacionfm.cl\/?p=40141' aria-hidden='false' data-av_icon='\ue8f1' data-av_iconfont='entypo-fontello' title='' data-avia-related-tooltip='Compartir en Twitter' rel=\"noopener\"><span class='avia_hidden_link_text'>Compartir en Twitter<\/span><\/a><\/li><li class='av-share-link av-social-link-whatsapp' ><a target=\"_blank\" aria-label=\"Compartir en Whatsapp\" href='https:\/\/api.whatsapp.com\/send?text=https:\/\/radiorevelacionfm.cl\/?p=40141' aria-hidden='false' data-av_icon='\uf232' data-av_iconfont='entypo-fontello' title='' data-avia-related-tooltip='Compartir en Whatsapp' rel=\"noopener\"><span class='avia_hidden_link_text'>Compartir en Whatsapp<\/span><\/a><\/li><li class='av-share-link av-social-link-linkedin' ><a target=\"_blank\" aria-label=\"Compartir en LinkedIn\" href='https:\/\/linkedin.com\/shareArticle?mini=true&#038;title=Gobernadora%20Mac%C3%ADas%20firma%20convenio%20para%20fortalecer%20el%20trabajo%20del%20GORE%20Ays%C3%A9n%20en%20prevenci%C3%B3n%20del%20delito&#038;url=https:\/\/radiorevelacionfm.cl\/?p=40141' aria-hidden='false' data-av_icon='\ue8fc' data-av_iconfont='entypo-fontello' title='' data-avia-related-tooltip='Compartir en LinkedIn' rel=\"noopener\"><span class='avia_hidden_link_text'>Compartir en LinkedIn<\/span><\/a><\/li><li class='av-share-link av-social-link-mail' ><a  aria-label=\"Compartir por correo\" href='mailto:?subject=Gobernadora%20Mac%C3%ADas%20firma%20convenio%20para%20fortalecer%20el%20trabajo%20del%20GORE%20Ays%C3%A9n%20en%20prevenci%C3%B3n%20del%20delito&#038;body=https:\/\/radiorevelacionfm.cl\/?p=40141' aria-hidden='false' data-av_icon='\ue805' data-av_iconfont='entypo-fontello' title='' data-avia-related-tooltip='Compartir por correo'><span class='avia_hidden_link_text'>Compartir por correo<\/span><\/a><\/li><\/ul><\/div><\/div>\n<div  style='height:50px' class='hr hr-invisible   avia-builder-el-8  el_after_av_social_share  el_before_av_comments_list '><span class='hr-inner ' ><span class='hr-inner-style'><\/span><\/span><\/div>\n<div  class='av-buildercomment  av-blog-meta-html-info-disabled av-blog-meta-tag-disabled  '><\/div>\n","protected":false},"excerpt":{"rendered":"","protected":false},"author":1,"featured_media":40142,"comment_status":"open","ping_status":"open","sticky":false,"template":"","format":"standard","meta":{"footnotes":""},"categories":[38],"tags":[],"class_list":["post-40141","post","type-post","status-publish","format-standard","has-post-thumbnail","hentry","category-regional"],"jetpack_featured_media_url":"https:\/\/radiorevelacionfm.cl\/wp-content\/uploads\/2024\/03\/whatsapp-image-2024-03-06-at-8_optimized.24.23-pm-1.jpeg","_links":{"self":[{"href":"https:\/\/radiorevelacionfm.cl\/index.php?rest_route=\/wp\/v2\/posts\/40141","targetHints":{"allow":["GET"]}}],"collection":[{"href":"https:\/\/radiorevelacionfm.cl\/index.php?rest_route=\/wp\/v2\/posts"}],"about":[{"href":"https:\/\/radiorevelacionfm.cl\/index.php?rest_route=\/wp\/v2\/types\/post"}],"author":[{"embeddable":true,"href":"https:\/\/radiorevelacionfm.cl\/index.php?rest_route=\/wp\/v2\/users\/1"}],"replies":[{"embeddable":true,"href":"https:\/\/radiorevelacionfm.cl\/index.php?rest_route=%2Fwp%2Fv2%2Fcomments&post=40141"}],"version-history":[{"count":1,"href":"https:\/\/radiorevelacionfm.cl\/index.php?rest_route=\/wp\/v2\/posts\/40141\/revisions"}],"predecessor-version":[{"id":40143,"href":"https:\/\/radiorevelacionfm.cl\/index.php?rest_route=\/wp\/v2\/posts\/40141\/revisions\/40143"}],"wp:featuredmedia":[{"embeddable":true,"href":"https:\/\/radiorevelacionfm.cl\/index.php?rest_route=\/wp\/v2\/media\/40142"}],"wp:attachment":[{"href":"https:\/\/radiorevelacionfm.cl\/index.php?rest_route=%2Fwp%2Fv2%2Fmedia&parent=40141"}],"wp:term":[{"taxonomy":"category","embeddable":true,"href":"https:\/\/radiorevelacionfm.cl\/index.php?rest_route=%2Fwp%2Fv2%2Fcategories&post=40141"},{"taxonomy":"post_tag","embeddable":true,"href":"https:\/\/radiorevelacionfm.cl\/index.php?rest_route=%2Fwp%2Fv2%2Ftags&post=40141"}],"curies":[{"name":"wp","href":"https:\/\/api.w.org\/{rel}","templated":true}]}}