{"id":40134,"date":"2024-03-07T16:43:49","date_gmt":"2024-03-07T19:43:49","guid":{"rendered":"https:\/\/radiorevelacionfm.cl\/?p=40134"},"modified":"2024-03-07T16:43:49","modified_gmt":"2024-03-07T19:43:49","slug":"conaf-informa-reapertura-de-reserva-lago-carlota-ubicado-en-comuna-de-lago-verde","status":"publish","type":"post","link":"https:\/\/radiorevelacionfm.cl\/?p=40134","title":{"rendered":"Conaf informa reapertura de Reserva Lago Carlota ubicado en comuna de Lago Verde"},"content":{"rendered":"<div class=\"flex_column av_one_full  flex_column_div av-zero-column-padding first  avia-builder-el-0  el_before_av_one_full  avia-builder-el-first  \" style='border-radius:0px; '><div  class='avia-image-container  av-styling-    avia-builder-el-1  avia-builder-el-no-sibling  avia-align-center '  itemprop=\"image\" itemscope=\"itemscope\" itemtype=\"https:\/\/schema.org\/ImageObject\"  ><div class='avia-image-container-inner'><div class='avia-image-overlay-wrap'><img decoding=\"async\" class='wp-image-40136 avia-img-lazy-loading-not-40136 avia_image' src=\"https:\/\/radiorevelacionfm.cl\/wp-content\/uploads\/2024\/03\/lago-carlota-horizontal-1_optimized-1.jpeg\" alt='' title='lago-carlota-horizontal-(1)_optimized (1)' height=\"600\" width=\"1119\"  itemprop=\"thumbnailUrl\" srcset=\"https:\/\/radiorevelacionfm.cl\/wp-content\/uploads\/2024\/03\/lago-carlota-horizontal-1_optimized-1.jpeg 1119w, https:\/\/radiorevelacionfm.cl\/wp-content\/uploads\/2024\/03\/lago-carlota-horizontal-1_optimized-1-300x161.jpeg 300w, https:\/\/radiorevelacionfm.cl\/wp-content\/uploads\/2024\/03\/lago-carlota-horizontal-1_optimized-1-1030x552.jpeg 1030w, https:\/\/radiorevelacionfm.cl\/wp-content\/uploads\/2024\/03\/lago-carlota-horizontal-1_optimized-1-768x412.jpeg 768w, https:\/\/radiorevelacionfm.cl\/wp-content\/uploads\/2024\/03\/lago-carlota-horizontal-1_optimized-1-705x378.jpeg 705w, https:\/\/radiorevelacionfm.cl\/wp-content\/uploads\/2024\/03\/lago-carlota-horizontal-1_optimized-1-450x241.jpeg 450w, https:\/\/radiorevelacionfm.cl\/wp-content\/uploads\/2024\/03\/lago-carlota-horizontal-1_optimized-1-600x322.jpeg 600w\" sizes=\"(max-width: 1119px) 100vw, 1119px\" \/><\/div><\/div><\/div><\/div><div class=\"flex_column av_one_full  flex_column_div av-zero-column-padding first  avia-builder-el-2  el_after_av_one_full  el_before_av_one_full  column-top-margin\" style='border-radius:0px; '><section class=\"av_textblock_section \"  itemscope=\"itemscope\" itemtype=\"https:\/\/schema.org\/BlogPosting\" itemprop=\"blogPost\" ><div class='avia_textblock  '   itemprop=\"text\" ><p style=\"text-align: center;\"><strong><span style=\"font-size: 18pt;\">Conaf informa reapertura de Reserva Lago Carlota ubicado en comuna de Lago Verde<\/span><\/strong><\/p>\n<div id=\"gtx-trans\" style=\"position: absolute; left: -50px; top: 4.31534px;\">\n<div class=\"gtx-trans-icon\"><\/div>\n<\/div>\n<\/div><\/section><\/div><div class=\"flex_column av_one_full  flex_column_div av-zero-column-padding first  avia-builder-el-4  el_after_av_one_full  el_before_av_hr  column-top-margin\" style='border-radius:0px; '><section class=\"av_textblock_section \"  itemscope=\"itemscope\" itemtype=\"https:\/\/schema.org\/BlogPosting\" itemprop=\"blogPost\" ><div class='avia_textblock  '   itemprop=\"text\" ><p style=\"text-align: justify;\">El Departamento de \u00c1reas Silvestres Protegidas de la Corporaci\u00f3n Nacional Forestal en nuestra regi\u00f3n, CONAF Ays\u00e9n, dio a conocer la reapertura al p\u00fablico, a contar de esta fecha, de la Reserva Nacional Lago Carlota.<\/p>\n<p style=\"text-align: justify;\">Al respecto, cabe se\u00f1alar que la unidad debi\u00f3 ser cerrada en agosto del a\u00f1o 2023 por recomendaci\u00f3n del Encargado de \u00c1reas Silvestres de la Provincia de Coyhaique, Julio Molettieri, como una medida preventiva debido a las condiciones clim\u00e1ticas imperantes en la zona, as\u00ed como tambi\u00e9n por los problemas de accesibilidad, derivados de las malas condiciones en las que se encontraba del camino.<\/p>\n<p style=\"text-align: justify;\">\u201cEfectivamente, tuvimos que cerrar el a\u00f1o pasado debido a las malas condiciones clim\u00e1ticas que persistieron hasta la primavera en esta unidad y en gran parte de la regi\u00f3n oriental, y luego el acceso se vio comprometido debido al estado del camino\u00bb, explica Jos\u00e9 Luis P\u00e9rez Vargas, Jefe Provincial (I) de Coyhaique.<\/p>\n<p style=\"text-align: justify;\">\u00abGracias a la colaboraci\u00f3n de la Municipalidad de Lago Verde y a un convenio que mantenemos con ellos, logramos mejorar la accesibilidad de manera provisional. No obstante, una vez superada esta fase, nos encontramos con per\u00edodos de altas temperaturas, baja humedad relativa y fuertes vientos, lo que gener\u00f3 alertas de <a href=\"https:\/\/www.gob.cl\/noticias\/boton-rojo-conaf-sistema-prediccion-incendios-recomendaciones-prevencion-emergencia\/\"><strong><em>Bot\u00f3n Rojo<\/em><\/strong><\/a> por el riesgo de incendios forestales. Por consiguiente, a pesar de tener la opci\u00f3n de reabrir, decidimos mantener el cierre hasta el d\u00eda de hoy. En la actualidad, las condiciones meteorol\u00f3gicas ya no representan una amenaza para la propagaci\u00f3n de incendios y el estado del camino permite el acceso a la unidad, aunque \u00fanicamente con veh\u00edculos de doble tracci\u00f3n. No obstante, tenemos la expectativa de seguir mejorando la accesibilidad con el apoyo del municipio y continuar apoyando a la comunidad con le\u00f1a seca para su calefacci\u00f3n\u00bb, a\u00f1ade.<\/p>\n<p style=\"text-align: justify;\"><strong>Reserva Nacional<\/strong><\/p>\n<p style=\"text-align: justify;\">La Reserva Nacional Lago Carlota se encuentra ubicada en la comuna de Lago Verde, provincia de Coyhaique, Regi\u00f3n de Ays\u00e9n, a 230 km al nororiente de la capital regional. Fue creada el 08 de junio de 1965, mediante el Decreto Supremo N\u00b0391, abarcando una superficie de 18.060 hect\u00e1reas. El mismo documento se\u00f1ala que el objetivo de su creaci\u00f3n, fue \u201cgarantizar la vida de determinadas especies arb\u00f3reas y conservar la belleza del paisaje\u201d.<\/p>\n<p style=\"text-align: justify;\">Posee un clima de estepa fr\u00edo: seco y con precipitaciones medias anuales no superiores a los 500 ml.\u00a0 Tiene una temporada h\u00fameda corta y temperaturas que bordean los 0\u00baC como promedio durante los meses de invierno. En la unidad predominan las especies vegetales de bosque caducifolio de Ays\u00e9n, conformado por lengas y \u00f1ires. Entre su fauna destacan el c\u00f3ndor, puma, \u00f1and\u00fa, pato cuchara, huemul, carpintero negro y cisne de cuello negro, entre otros.<\/p>\n<\/div><\/section><\/div><div  style='height:50px' class='hr hr-invisible   avia-builder-el-6  el_after_av_one_full  el_before_av_social_share '><span class='hr-inner ' ><span class='hr-inner-style'><\/span><\/span><\/div><\/p>\n<div  class='av-social-sharing-box  avia-builder-el-7  el_after_av_hr  el_before_av_hr  '><div class='av-share-box'><h5 class='av-share-link-description av-no-toc '>Compartir esta noticia<\/h5><ul class='av-share-box-list noLightbox'><li class='av-share-link av-social-link-facebook' ><a target=\"_blank\" aria-label=\"Compartir en Facebook\" href='https:\/\/www.facebook.com\/sharer.php?u=https:\/\/radiorevelacionfm.cl\/?p=40134&#038;t=Conaf%20informa%20reapertura%20de%20Reserva%20Lago%20Carlota%20ubicado%20en%20comuna%20de%20Lago%20Verde' aria-hidden='false' data-av_icon='\ue8f3' data-av_iconfont='entypo-fontello' title='' data-avia-related-tooltip='Compartir en Facebook' rel=\"noopener\"><span class='avia_hidden_link_text'>Compartir en Facebook<\/span><\/a><\/li><li class='av-share-link av-social-link-twitter' ><a target=\"_blank\" aria-label=\"Compartir en Twitter\" href='https:\/\/twitter.com\/share?text=Conaf%20informa%20reapertura%20de%20Reserva%20Lago%20Carlota%20ubicado%20en%20comuna%20de%20Lago%20Verde&#038;url=https:\/\/radiorevelacionfm.cl\/?p=40134' aria-hidden='false' data-av_icon='\ue8f1' data-av_iconfont='entypo-fontello' title='' data-avia-related-tooltip='Compartir en Twitter' rel=\"noopener\"><span class='avia_hidden_link_text'>Compartir en Twitter<\/span><\/a><\/li><li class='av-share-link av-social-link-whatsapp' ><a target=\"_blank\" aria-label=\"Compartir en Whatsapp\" href='https:\/\/api.whatsapp.com\/send?text=https:\/\/radiorevelacionfm.cl\/?p=40134' aria-hidden='false' data-av_icon='\uf232' data-av_iconfont='entypo-fontello' title='' data-avia-related-tooltip='Compartir en Whatsapp' rel=\"noopener\"><span class='avia_hidden_link_text'>Compartir en Whatsapp<\/span><\/a><\/li><li class='av-share-link av-social-link-linkedin' ><a target=\"_blank\" aria-label=\"Compartir en LinkedIn\" href='https:\/\/linkedin.com\/shareArticle?mini=true&#038;title=Conaf%20informa%20reapertura%20de%20Reserva%20Lago%20Carlota%20ubicado%20en%20comuna%20de%20Lago%20Verde&#038;url=https:\/\/radiorevelacionfm.cl\/?p=40134' aria-hidden='false' data-av_icon='\ue8fc' data-av_iconfont='entypo-fontello' title='' data-avia-related-tooltip='Compartir en LinkedIn' rel=\"noopener\"><span class='avia_hidden_link_text'>Compartir en LinkedIn<\/span><\/a><\/li><li class='av-share-link av-social-link-mail' ><a  aria-label=\"Compartir por correo\" href='mailto:?subject=Conaf%20informa%20reapertura%20de%20Reserva%20Lago%20Carlota%20ubicado%20en%20comuna%20de%20Lago%20Verde&#038;body=https:\/\/radiorevelacionfm.cl\/?p=40134' aria-hidden='false' data-av_icon='\ue805' data-av_iconfont='entypo-fontello' title='' data-avia-related-tooltip='Compartir por correo'><span class='avia_hidden_link_text'>Compartir por correo<\/span><\/a><\/li><\/ul><\/div><\/div>\n<div  style='height:50px' class='hr hr-invisible   avia-builder-el-8  el_after_av_social_share  el_before_av_comments_list '><span class='hr-inner ' ><span class='hr-inner-style'><\/span><\/span><\/div>\n<div  class='av-buildercomment  av-blog-meta-html-info-disabled av-blog-meta-tag-disabled  '><\/div>\n","protected":false},"excerpt":{"rendered":"","protected":false},"author":1,"featured_media":40136,"comment_status":"open","ping_status":"open","sticky":false,"template":"","format":"standard","meta":{"footnotes":""},"categories":[54],"tags":[],"class_list":["post-40134","post","type-post","status-publish","format-standard","has-post-thumbnail","hentry","category-turismo"],"jetpack_featured_media_url":"https:\/\/radiorevelacionfm.cl\/wp-content\/uploads\/2024\/03\/lago-carlota-horizontal-1_optimized-1.jpeg","_links":{"self":[{"href":"https:\/\/radiorevelacionfm.cl\/index.php?rest_route=\/wp\/v2\/posts\/40134","targetHints":{"allow":["GET"]}}],"collection":[{"href":"https:\/\/radiorevelacionfm.cl\/index.php?rest_route=\/wp\/v2\/posts"}],"about":[{"href":"https:\/\/radiorevelacionfm.cl\/index.php?rest_route=\/wp\/v2\/types\/post"}],"author":[{"embeddable":true,"href":"https:\/\/radiorevelacionfm.cl\/index.php?rest_route=\/wp\/v2\/users\/1"}],"replies":[{"embeddable":true,"href":"https:\/\/radiorevelacionfm.cl\/index.php?rest_route=%2Fwp%2Fv2%2Fcomments&post=40134"}],"version-history":[{"count":1,"href":"https:\/\/radiorevelacionfm.cl\/index.php?rest_route=\/wp\/v2\/posts\/40134\/revisions"}],"predecessor-version":[{"id":40137,"href":"https:\/\/radiorevelacionfm.cl\/index.php?rest_route=\/wp\/v2\/posts\/40134\/revisions\/40137"}],"wp:featuredmedia":[{"embeddable":true,"href":"https:\/\/radiorevelacionfm.cl\/index.php?rest_route=\/wp\/v2\/media\/40136"}],"wp:attachment":[{"href":"https:\/\/radiorevelacionfm.cl\/index.php?rest_route=%2Fwp%2Fv2%2Fmedia&parent=40134"}],"wp:term":[{"taxonomy":"category","embeddable":true,"href":"https:\/\/radiorevelacionfm.cl\/index.php?rest_route=%2Fwp%2Fv2%2Fcategories&post=40134"},{"taxonomy":"post_tag","embeddable":true,"href":"https:\/\/radiorevelacionfm.cl\/index.php?rest_route=%2Fwp%2Fv2%2Ftags&post=40134"}],"curies":[{"name":"wp","href":"https:\/\/api.w.org\/{rel}","templated":true}]}}