{"id":40131,"date":"2024-03-07T15:38:00","date_gmt":"2024-03-07T18:38:00","guid":{"rendered":"https:\/\/radiorevelacionfm.cl\/?p=40131"},"modified":"2024-03-07T15:38:00","modified_gmt":"2024-03-07T18:38:00","slug":"40-emprendedores-as-regionales-seran-parte-de-la-expo-fosis-2024","status":"publish","type":"post","link":"https:\/\/radiorevelacionfm.cl\/?p=40131","title":{"rendered":"40 emprendedores\/as regionales ser\u00e1n parte de la Expo FOSIS 2024"},"content":{"rendered":"<div class=\"flex_column av_one_full  flex_column_div av-zero-column-padding first  avia-builder-el-0  el_before_av_one_full  avia-builder-el-first  \" style='border-radius:0px; '><div  class='avia-image-container  av-styling-    avia-builder-el-1  avia-builder-el-no-sibling  avia-align-center '  itemprop=\"image\" itemscope=\"itemscope\" itemtype=\"https:\/\/schema.org\/ImageObject\"  ><div class='avia-image-container-inner'><div class='avia-image-overlay-wrap'><img decoding=\"async\" class='wp-image-40132 avia-img-lazy-loading-not-40132 avia_image' src=\"https:\/\/radiorevelacionfm.cl\/wp-content\/uploads\/2024\/03\/EF1-1-1.jpeg\" alt='' title='EF1 (1) (1)' height=\"600\" width=\"1067\"  itemprop=\"thumbnailUrl\" srcset=\"https:\/\/radiorevelacionfm.cl\/wp-content\/uploads\/2024\/03\/EF1-1-1.jpeg 1067w, https:\/\/radiorevelacionfm.cl\/wp-content\/uploads\/2024\/03\/EF1-1-1-300x169.jpeg 300w, https:\/\/radiorevelacionfm.cl\/wp-content\/uploads\/2024\/03\/EF1-1-1-1030x579.jpeg 1030w, https:\/\/radiorevelacionfm.cl\/wp-content\/uploads\/2024\/03\/EF1-1-1-768x432.jpeg 768w, https:\/\/radiorevelacionfm.cl\/wp-content\/uploads\/2024\/03\/EF1-1-1-705x396.jpeg 705w, https:\/\/radiorevelacionfm.cl\/wp-content\/uploads\/2024\/03\/EF1-1-1-450x253.jpeg 450w, https:\/\/radiorevelacionfm.cl\/wp-content\/uploads\/2024\/03\/EF1-1-1-600x337.jpeg 600w\" sizes=\"(max-width: 1067px) 100vw, 1067px\" \/><\/div><\/div><\/div><\/div><div class=\"flex_column av_one_full  flex_column_div av-zero-column-padding first  avia-builder-el-2  el_after_av_one_full  el_before_av_one_full  column-top-margin\" style='border-radius:0px; '><section class=\"av_textblock_section \"  itemscope=\"itemscope\" itemtype=\"https:\/\/schema.org\/BlogPosting\" itemprop=\"blogPost\" ><div class='avia_textblock  '   itemprop=\"text\" ><p style=\"text-align: center;\"><span style=\"font-size: 18pt;\"><strong>40 emprendedores\/as regionales ser\u00e1n parte de la Expo FOSIS 2024<\/strong><\/span><\/p>\n<div id=\"gtx-trans\" style=\"position: absolute; left: -50px; top: 4.31534px;\">\n<div class=\"gtx-trans-icon\"><\/div>\n<\/div>\n<\/div><\/section><\/div><div class=\"flex_column av_one_full  flex_column_div av-zero-column-padding first  avia-builder-el-4  el_after_av_one_full  el_before_av_hr  column-top-margin\" style='border-radius:0px; '><section class=\"av_textblock_section \"  itemscope=\"itemscope\" itemtype=\"https:\/\/schema.org\/BlogPosting\" itemprop=\"blogPost\" ><div class='avia_textblock  '   itemprop=\"text\" ><p style=\"text-align: justify;\">La Expo FOSIS es una iniciativa del Fondo de Solidaridad e Inversi\u00f3n Social, FOSIS, del Ministerio de Desarrollo Social y Familia, que est\u00e1 enmarcada en la Expo Patagonia 2024, organizada por la Ilustre Municipalidad de Coyhaique, con recursos aprobados por el Gobierno Regional de Ays\u00e9n y su Consejo.<\/p>\n<p style=\"text-align: justify;\">Esta nueva versi\u00f3n de la Expo FOSIS contar\u00e1 con la presencia de cuarenta emprendedores y emprendedoras regionales de las comunas de Ays\u00e9n, R\u00edo Ib\u00e1\u00f1ez, Cisnes, Cochrane, Chile Chico, Guaitecas y Coyhaique; quienes estar\u00e1n ofreciendo artesan\u00eda en lana, fieltro, cuero, greda, cer\u00e1mica, resina, orfebrer\u00eda, bordado, macram\u00e9, cosm\u00e9tica natural, aceites esenciales, suculentas, manicure, reposter\u00eda, sushi, comida venezolana, jugos, mermeladas, y licores, entre otros.<\/p>\n<p style=\"text-align: justify;\">Fernanda Leiva, Directora Regional del FOSIS en Ays\u00e9n, invit\u00f3 a apoyar a nuestras emprendedoras y emprendedores regionales en este evento. \u201cConvocamos a la comunidad local a visitar nuestra Expo FOSIS, que ser\u00e1 parte de la Expo Patagonia 2024, donde vamos a tener una carpa dispuesta para cuarenta exponentes, quienes ofrecer\u00e1n productos y servicios de gran calidad, hechos con todo el cari\u00f1o y dedicaci\u00f3n de nuestra gente de Ays\u00e9n. Esta es una invitaci\u00f3n a preferir y difundir nuestros productos regionales y a seguir respaldando el importante trabajo que hacen los emprendedores y emprendedoras, desde distintas localidades de nuestro territorio\u201d.<\/p>\n<p style=\"text-align: justify;\">La autoridad, adem\u00e1s destac\u00f3 que \u201cmantenemos nuestro compromiso para seguir trabajando colaborativamente con distintas instituciones y servicios con el fin de visibilizar la labor de nuestros emprendedores y emprendedoras, fortalecer la econom\u00eda familiar y la autonom\u00eda econ\u00f3mica de las personas y familias de nuestra comunidad\u201d.<\/p>\n<p style=\"text-align: justify;\">La feria se iniciar\u00e1 el d\u00eda viernes 8 de marzo de 12:00 a 20:00 horas y el s\u00e1bado 9 y domingo 10 de marzo estar\u00e1n las puertas abiertas desde las 10:00 a 20:00 horas.<\/p>\n<\/div><\/section><\/div><div  style='height:50px' class='hr hr-invisible   avia-builder-el-6  el_after_av_one_full  el_before_av_social_share '><span class='hr-inner ' ><span class='hr-inner-style'><\/span><\/span><\/div><\/p>\n<div  class='av-social-sharing-box  avia-builder-el-7  el_after_av_hr  el_before_av_hr  '><div class='av-share-box'><h5 class='av-share-link-description av-no-toc '>Compartir esta noticia<\/h5><ul class='av-share-box-list noLightbox'><li class='av-share-link av-social-link-facebook' ><a target=\"_blank\" aria-label=\"Compartir en Facebook\" href='https:\/\/www.facebook.com\/sharer.php?u=https:\/\/radiorevelacionfm.cl\/?p=40131&#038;t=40%20emprendedores%2Fas%20regionales%20ser%C3%A1n%20parte%20de%20la%20Expo%20FOSIS%202024' aria-hidden='false' data-av_icon='\ue8f3' data-av_iconfont='entypo-fontello' title='' data-avia-related-tooltip='Compartir en Facebook' rel=\"noopener\"><span class='avia_hidden_link_text'>Compartir en Facebook<\/span><\/a><\/li><li class='av-share-link av-social-link-twitter' ><a target=\"_blank\" aria-label=\"Compartir en Twitter\" href='https:\/\/twitter.com\/share?text=40%20emprendedores%2Fas%20regionales%20ser%C3%A1n%20parte%20de%20la%20Expo%20FOSIS%202024&#038;url=https:\/\/radiorevelacionfm.cl\/?p=40131' aria-hidden='false' data-av_icon='\ue8f1' data-av_iconfont='entypo-fontello' title='' data-avia-related-tooltip='Compartir en Twitter' rel=\"noopener\"><span class='avia_hidden_link_text'>Compartir en Twitter<\/span><\/a><\/li><li class='av-share-link av-social-link-whatsapp' ><a target=\"_blank\" aria-label=\"Compartir en Whatsapp\" href='https:\/\/api.whatsapp.com\/send?text=https:\/\/radiorevelacionfm.cl\/?p=40131' aria-hidden='false' data-av_icon='\uf232' data-av_iconfont='entypo-fontello' title='' data-avia-related-tooltip='Compartir en Whatsapp' rel=\"noopener\"><span class='avia_hidden_link_text'>Compartir en Whatsapp<\/span><\/a><\/li><li class='av-share-link av-social-link-linkedin' ><a target=\"_blank\" aria-label=\"Compartir en LinkedIn\" href='https:\/\/linkedin.com\/shareArticle?mini=true&#038;title=40%20emprendedores%2Fas%20regionales%20ser%C3%A1n%20parte%20de%20la%20Expo%20FOSIS%202024&#038;url=https:\/\/radiorevelacionfm.cl\/?p=40131' aria-hidden='false' data-av_icon='\ue8fc' data-av_iconfont='entypo-fontello' title='' data-avia-related-tooltip='Compartir en LinkedIn' rel=\"noopener\"><span class='avia_hidden_link_text'>Compartir en LinkedIn<\/span><\/a><\/li><li class='av-share-link av-social-link-mail' ><a  aria-label=\"Compartir por correo\" href='mailto:?subject=40%20emprendedores%2Fas%20regionales%20ser%C3%A1n%20parte%20de%20la%20Expo%20FOSIS%202024&#038;body=https:\/\/radiorevelacionfm.cl\/?p=40131' aria-hidden='false' data-av_icon='\ue805' data-av_iconfont='entypo-fontello' title='' data-avia-related-tooltip='Compartir por correo'><span class='avia_hidden_link_text'>Compartir por correo<\/span><\/a><\/li><\/ul><\/div><\/div>\n<div  style='height:50px' class='hr hr-invisible   avia-builder-el-8  el_after_av_social_share  el_before_av_comments_list '><span class='hr-inner ' ><span class='hr-inner-style'><\/span><\/span><\/div>\n<div  class='av-buildercomment  av-blog-meta-html-info-disabled av-blog-meta-tag-disabled  '><\/div>\n","protected":false},"excerpt":{"rendered":"","protected":false},"author":1,"featured_media":40132,"comment_status":"open","ping_status":"open","sticky":false,"template":"","format":"standard","meta":{"footnotes":""},"categories":[38],"tags":[],"class_list":["post-40131","post","type-post","status-publish","format-standard","has-post-thumbnail","hentry","category-regional"],"jetpack_featured_media_url":"https:\/\/radiorevelacionfm.cl\/wp-content\/uploads\/2024\/03\/EF1-1-1.jpeg","_links":{"self":[{"href":"https:\/\/radiorevelacionfm.cl\/index.php?rest_route=\/wp\/v2\/posts\/40131","targetHints":{"allow":["GET"]}}],"collection":[{"href":"https:\/\/radiorevelacionfm.cl\/index.php?rest_route=\/wp\/v2\/posts"}],"about":[{"href":"https:\/\/radiorevelacionfm.cl\/index.php?rest_route=\/wp\/v2\/types\/post"}],"author":[{"embeddable":true,"href":"https:\/\/radiorevelacionfm.cl\/index.php?rest_route=\/wp\/v2\/users\/1"}],"replies":[{"embeddable":true,"href":"https:\/\/radiorevelacionfm.cl\/index.php?rest_route=%2Fwp%2Fv2%2Fcomments&post=40131"}],"version-history":[{"count":1,"href":"https:\/\/radiorevelacionfm.cl\/index.php?rest_route=\/wp\/v2\/posts\/40131\/revisions"}],"predecessor-version":[{"id":40133,"href":"https:\/\/radiorevelacionfm.cl\/index.php?rest_route=\/wp\/v2\/posts\/40131\/revisions\/40133"}],"wp:featuredmedia":[{"embeddable":true,"href":"https:\/\/radiorevelacionfm.cl\/index.php?rest_route=\/wp\/v2\/media\/40132"}],"wp:attachment":[{"href":"https:\/\/radiorevelacionfm.cl\/index.php?rest_route=%2Fwp%2Fv2%2Fmedia&parent=40131"}],"wp:term":[{"taxonomy":"category","embeddable":true,"href":"https:\/\/radiorevelacionfm.cl\/index.php?rest_route=%2Fwp%2Fv2%2Fcategories&post=40131"},{"taxonomy":"post_tag","embeddable":true,"href":"https:\/\/radiorevelacionfm.cl\/index.php?rest_route=%2Fwp%2Fv2%2Ftags&post=40131"}],"curies":[{"name":"wp","href":"https:\/\/api.w.org\/{rel}","templated":true}]}}