{"id":40128,"date":"2024-03-07T18:20:37","date_gmt":"2024-03-07T21:20:37","guid":{"rendered":"https:\/\/radiorevelacionfm.cl\/?p=40128"},"modified":"2024-03-07T18:20:37","modified_gmt":"2024-03-07T21:20:37","slug":"por-cuarto-ano-consecutivo-invitan-a-emprendedoras-de-la-region-a-postular-a-mujeres-con-energia","status":"publish","type":"post","link":"https:\/\/radiorevelacionfm.cl\/?p=40128","title":{"rendered":"Por cuarto a\u00f1o consecutivo invitan a emprendedoras de la regi\u00f3n a postular a \u201cMujeres con Energ\u00eda\u201d"},"content":{"rendered":"<div class=\"flex_column av_one_full  flex_column_div av-zero-column-padding first  avia-builder-el-0  el_before_av_one_full  avia-builder-el-first  \" style='border-radius:0px; '><div  class='avia-image-container  av-styling-    avia-builder-el-1  avia-builder-el-no-sibling  avia-align-center '  itemprop=\"image\" itemscope=\"itemscope\" itemtype=\"https:\/\/schema.org\/ImageObject\"  ><div class='avia-image-container-inner'><div class='avia-image-overlay-wrap'><img decoding=\"async\" class='wp-image-40129 avia-img-lazy-loading-not-40129 avia_image' src=\"https:\/\/radiorevelacionfm.cl\/wp-content\/uploads\/2024\/03\/frosinia-del-carmen-villegas-1_optimized-1.jpeg\" alt='' title='frosinia-del-carmen-villegas-(1)_optimized (1)' height=\"600\" width=\"800\"  itemprop=\"thumbnailUrl\" srcset=\"https:\/\/radiorevelacionfm.cl\/wp-content\/uploads\/2024\/03\/frosinia-del-carmen-villegas-1_optimized-1.jpeg 800w, https:\/\/radiorevelacionfm.cl\/wp-content\/uploads\/2024\/03\/frosinia-del-carmen-villegas-1_optimized-1-300x225.jpeg 300w, https:\/\/radiorevelacionfm.cl\/wp-content\/uploads\/2024\/03\/frosinia-del-carmen-villegas-1_optimized-1-768x576.jpeg 768w, https:\/\/radiorevelacionfm.cl\/wp-content\/uploads\/2024\/03\/frosinia-del-carmen-villegas-1_optimized-1-705x529.jpeg 705w, https:\/\/radiorevelacionfm.cl\/wp-content\/uploads\/2024\/03\/frosinia-del-carmen-villegas-1_optimized-1-450x338.jpeg 450w, https:\/\/radiorevelacionfm.cl\/wp-content\/uploads\/2024\/03\/frosinia-del-carmen-villegas-1_optimized-1-600x450.jpeg 600w\" sizes=\"(max-width: 800px) 100vw, 800px\" \/><\/div><\/div><\/div><\/div><div class=\"flex_column av_one_full  flex_column_div av-zero-column-padding first  avia-builder-el-2  el_after_av_one_full  el_before_av_one_full  column-top-margin\" style='border-radius:0px; '><section class=\"av_textblock_section \"  itemscope=\"itemscope\" itemtype=\"https:\/\/schema.org\/BlogPosting\" itemprop=\"blogPost\" ><div class='avia_textblock  '   itemprop=\"text\" ><p style=\"text-align: center;\"><strong><span style=\"font-size: 18pt;\">Por cuarto a\u00f1o consecutivo invitan a emprendedoras de la regi\u00f3n a postular a \u201cMujeres con Energ\u00eda\u201d<\/span><\/strong><\/p>\n<div id=\"gtx-trans\" style=\"position: absolute; left: -50px; top: 4.31534px;\">\n<div class=\"gtx-trans-icon\"><\/div>\n<\/div>\n<\/div><\/section><\/div><div class=\"flex_column av_one_full  flex_column_div av-zero-column-padding first  avia-builder-el-4  el_after_av_one_full  el_before_av_hr  column-top-margin\" style='border-radius:0px; '><section class=\"av_textblock_section \"  itemscope=\"itemscope\" itemtype=\"https:\/\/schema.org\/BlogPosting\" itemprop=\"blogPost\" ><div class='avia_textblock  '   itemprop=\"text\" ><p style=\"text-align: justify;\">Se abrieron las postulaciones para una nueva versi\u00f3n de \u201cMujeres con Energ\u00eda\u201d, programa de vinculaci\u00f3n con la comunidad que Edelaysen impulsa desde 2021, con el prop\u00f3sito de impactar positivamente las vidas de emprendedoras del sur del pa\u00eds, gracias a la capacitaci\u00f3n y la entrega de herramientas para fortalecer sus negocios.<\/p>\n<p style=\"text-align: justify;\">A trav\u00e9s de la Academia de Emprendimiento que la empresa lleva a cabo con apoyo del Centro de Negocios Sercotec Puerto Varas y el Instituto Profesional AIEP, se han formado hasta la fecha m\u00e1s de 570 mujeres, quienes reconocen el aporte del programa, destacando el impacto que ha significado para sus emprendimientos y sus vidas haber sido parte de esta iniciativa y compartir con mujeres de otras regiones y localidades con sue\u00f1os y objetivos similares.<\/p>\n<p style=\"text-align: justify;\">Para Frosinia del Carmen Villegas ganadora de la comuna de Chile Chico, haber participado de la academia fue bastante provechoso, indicando qu\u00e9: \u201cNos conocimos harto con otras emprendedoras, uno pierde un poco el miedo digamos a aprender cosas nuevas, cuando uno empieza a hacer el curso piensa que tal vez ser\u00e1 un poco enredado, pero despu\u00e9s uno se da cuenta que todo es simple, que uno va adquiriendo conocimientos y perder el miedo, arriesgarse a aprender cosas nuevas que es muy gratificante\u201d.<\/p>\n<p style=\"text-align: justify;\">\u201cMujeres con Energ\u00eda es, sin duda, un programa que ha logrado posicionarse entre micro y peque\u00f1as empresarias y trabajadoras de todas las edades, clientas de nuestra empresa de distribuci\u00f3n el\u00e9ctrica, que cada d\u00eda se esfuerzan para trabajar y desarrollar sus ideas de negocio. Por esta raz\u00f3n estamos felices de iniciar un nuevo ciclo de este programa e invitamos a postular a todas las mujeres interesadas en ser parte de esta comunidad de emprendedoras\u201d, destac\u00f3 Patricio Raimilla, jefe de Servicio al Cliente de Edelaysen.<\/p>\n<p style=\"text-align: justify;\">La sexta Academia de Emprendimiento seleccionar\u00e1, mediante postulaci\u00f3n a clientas entre las regiones de \u00d1uble y Ays\u00e9n, quienes podr\u00e1n acceder a clases virtuales, con m\u00f3dulos de libre acceso, y clases magistrales. Las 32 alumnas que hayan destacado en sus calificaciones durante la academia de emprendedoras ser\u00e1n reconocidas con premios de entre $1.000.000 y $500.000 de libre disposici\u00f3n, seg\u00fan las bases.<\/p>\n<p style=\"text-align: justify;\"><strong>\u00bfC\u00f3mo participar?<\/strong><\/p>\n<p style=\"text-align: justify;\">Las interesadas deben ser clientas de la empresa el\u00e9ctrica, en su domicilio particular o comercial y no ser necesariamente titular del servicio. Esta convocatoria considera dos categor\u00edas: Emprendedoras Empresa y Emprendedoras Persona Natural y las interesadas pueden revisar las bases y completar el formulario de inscripci\u00f3n, ambos disponibles en el sitio <a href=\"https:\/\/www.gruposaesa.cl\/sustentabilidad\/mujeres-con-energia\">Mujeres con energ\u00eda &#8211; Grupo Saesa<\/a> hasta el <strong>31 de marzo<\/strong> de 2024.<\/p>\n<\/div><\/section><\/div><div  style='height:50px' class='hr hr-invisible   avia-builder-el-6  el_after_av_one_full  el_before_av_social_share '><span class='hr-inner ' ><span class='hr-inner-style'><\/span><\/span><\/div><\/p>\n<div  class='av-social-sharing-box  avia-builder-el-7  el_after_av_hr  el_before_av_hr  '><div class='av-share-box'><h5 class='av-share-link-description av-no-toc '>Compartir esta noticia<\/h5><ul class='av-share-box-list noLightbox'><li class='av-share-link av-social-link-facebook' ><a target=\"_blank\" aria-label=\"Compartir en Facebook\" href='https:\/\/www.facebook.com\/sharer.php?u=https:\/\/radiorevelacionfm.cl\/?p=40128&#038;t=Por%20cuarto%20a%C3%B1o%20consecutivo%20invitan%20a%20emprendedoras%20de%20la%20regi%C3%B3n%20a%20postular%20a%20%E2%80%9CMujeres%20con%20Energ%C3%ADa%E2%80%9D' aria-hidden='false' data-av_icon='\ue8f3' data-av_iconfont='entypo-fontello' title='' data-avia-related-tooltip='Compartir en Facebook' rel=\"noopener\"><span class='avia_hidden_link_text'>Compartir en Facebook<\/span><\/a><\/li><li class='av-share-link av-social-link-twitter' ><a target=\"_blank\" aria-label=\"Compartir en Twitter\" href='https:\/\/twitter.com\/share?text=Por%20cuarto%20a%C3%B1o%20consecutivo%20invitan%20a%20emprendedoras%20de%20la%20regi%C3%B3n%20a%20postular%20a%20%E2%80%9CMujeres%20con%20Energ%C3%ADa%E2%80%9D&#038;url=https:\/\/radiorevelacionfm.cl\/?p=40128' aria-hidden='false' data-av_icon='\ue8f1' data-av_iconfont='entypo-fontello' title='' data-avia-related-tooltip='Compartir en Twitter' rel=\"noopener\"><span class='avia_hidden_link_text'>Compartir en Twitter<\/span><\/a><\/li><li class='av-share-link av-social-link-whatsapp' ><a target=\"_blank\" aria-label=\"Compartir en Whatsapp\" href='https:\/\/api.whatsapp.com\/send?text=https:\/\/radiorevelacionfm.cl\/?p=40128' aria-hidden='false' data-av_icon='\uf232' data-av_iconfont='entypo-fontello' title='' data-avia-related-tooltip='Compartir en Whatsapp' rel=\"noopener\"><span class='avia_hidden_link_text'>Compartir en Whatsapp<\/span><\/a><\/li><li class='av-share-link av-social-link-linkedin' ><a target=\"_blank\" aria-label=\"Compartir en LinkedIn\" href='https:\/\/linkedin.com\/shareArticle?mini=true&#038;title=Por%20cuarto%20a%C3%B1o%20consecutivo%20invitan%20a%20emprendedoras%20de%20la%20regi%C3%B3n%20a%20postular%20a%20%E2%80%9CMujeres%20con%20Energ%C3%ADa%E2%80%9D&#038;url=https:\/\/radiorevelacionfm.cl\/?p=40128' aria-hidden='false' data-av_icon='\ue8fc' data-av_iconfont='entypo-fontello' title='' data-avia-related-tooltip='Compartir en LinkedIn' rel=\"noopener\"><span class='avia_hidden_link_text'>Compartir en LinkedIn<\/span><\/a><\/li><li class='av-share-link av-social-link-mail' ><a  aria-label=\"Compartir por correo\" href='mailto:?subject=Por%20cuarto%20a%C3%B1o%20consecutivo%20invitan%20a%20emprendedoras%20de%20la%20regi%C3%B3n%20a%20postular%20a%20%E2%80%9CMujeres%20con%20Energ%C3%ADa%E2%80%9D&#038;body=https:\/\/radiorevelacionfm.cl\/?p=40128' aria-hidden='false' data-av_icon='\ue805' data-av_iconfont='entypo-fontello' title='' data-avia-related-tooltip='Compartir por correo'><span class='avia_hidden_link_text'>Compartir por correo<\/span><\/a><\/li><\/ul><\/div><\/div>\n<div  style='height:50px' class='hr hr-invisible   avia-builder-el-8  el_after_av_social_share  el_before_av_comments_list '><span class='hr-inner ' ><span class='hr-inner-style'><\/span><\/span><\/div>\n<div  class='av-buildercomment  av-blog-meta-html-info-disabled av-blog-meta-tag-disabled  '><\/div>\n","protected":false},"excerpt":{"rendered":"","protected":false},"author":1,"featured_media":40129,"comment_status":"open","ping_status":"open","sticky":false,"template":"","format":"standard","meta":{"footnotes":""},"categories":[38],"tags":[],"class_list":["post-40128","post","type-post","status-publish","format-standard","has-post-thumbnail","hentry","category-regional"],"jetpack_featured_media_url":"https:\/\/radiorevelacionfm.cl\/wp-content\/uploads\/2024\/03\/frosinia-del-carmen-villegas-1_optimized-1.jpeg","_links":{"self":[{"href":"https:\/\/radiorevelacionfm.cl\/index.php?rest_route=\/wp\/v2\/posts\/40128","targetHints":{"allow":["GET"]}}],"collection":[{"href":"https:\/\/radiorevelacionfm.cl\/index.php?rest_route=\/wp\/v2\/posts"}],"about":[{"href":"https:\/\/radiorevelacionfm.cl\/index.php?rest_route=\/wp\/v2\/types\/post"}],"author":[{"embeddable":true,"href":"https:\/\/radiorevelacionfm.cl\/index.php?rest_route=\/wp\/v2\/users\/1"}],"replies":[{"embeddable":true,"href":"https:\/\/radiorevelacionfm.cl\/index.php?rest_route=%2Fwp%2Fv2%2Fcomments&post=40128"}],"version-history":[{"count":1,"href":"https:\/\/radiorevelacionfm.cl\/index.php?rest_route=\/wp\/v2\/posts\/40128\/revisions"}],"predecessor-version":[{"id":40130,"href":"https:\/\/radiorevelacionfm.cl\/index.php?rest_route=\/wp\/v2\/posts\/40128\/revisions\/40130"}],"wp:featuredmedia":[{"embeddable":true,"href":"https:\/\/radiorevelacionfm.cl\/index.php?rest_route=\/wp\/v2\/media\/40129"}],"wp:attachment":[{"href":"https:\/\/radiorevelacionfm.cl\/index.php?rest_route=%2Fwp%2Fv2%2Fmedia&parent=40128"}],"wp:term":[{"taxonomy":"category","embeddable":true,"href":"https:\/\/radiorevelacionfm.cl\/index.php?rest_route=%2Fwp%2Fv2%2Fcategories&post=40128"},{"taxonomy":"post_tag","embeddable":true,"href":"https:\/\/radiorevelacionfm.cl\/index.php?rest_route=%2Fwp%2Fv2%2Ftags&post=40128"}],"curies":[{"name":"wp","href":"https:\/\/api.w.org\/{rel}","templated":true}]}}