{"id":40125,"date":"2024-03-07T14:51:09","date_gmt":"2024-03-07T17:51:09","guid":{"rendered":"https:\/\/radiorevelacionfm.cl\/?p=40125"},"modified":"2024-03-07T14:51:09","modified_gmt":"2024-03-07T17:51:09","slug":"abren-postulaciones-para-programa-que-apoya-a-las-cooperativas-en-el-pais","status":"publish","type":"post","link":"https:\/\/radiorevelacionfm.cl\/?p=40125","title":{"rendered":"Abren postulaciones para programa que apoya a las cooperativas en el pa\u00eds"},"content":{"rendered":"<div class=\"flex_column av_one_full  flex_column_div av-zero-column-padding first  avia-builder-el-0  el_before_av_one_full  avia-builder-el-first  \" style='border-radius:0px; '><div  class='avia-image-container  av-styling-    avia-builder-el-1  avia-builder-el-no-sibling  avia-align-center '  itemprop=\"image\" itemscope=\"itemscope\" itemtype=\"https:\/\/schema.org\/ImageObject\"  ><div class='avia-image-container-inner'><div class='avia-image-overlay-wrap'><img decoding=\"async\" class='wp-image-40126 avia-img-lazy-loading-not-40126 avia_image' src=\"https:\/\/radiorevelacionfm.cl\/wp-content\/uploads\/2024\/03\/sercotec-postulaciones-cooperativas-1_optimized.jpeg\" alt='' title='sercotec-postulaciones-cooperativas-(1)_optimized' height=\"600\" width=\"800\"  itemprop=\"thumbnailUrl\" srcset=\"https:\/\/radiorevelacionfm.cl\/wp-content\/uploads\/2024\/03\/sercotec-postulaciones-cooperativas-1_optimized.jpeg 800w, https:\/\/radiorevelacionfm.cl\/wp-content\/uploads\/2024\/03\/sercotec-postulaciones-cooperativas-1_optimized-300x225.jpeg 300w, https:\/\/radiorevelacionfm.cl\/wp-content\/uploads\/2024\/03\/sercotec-postulaciones-cooperativas-1_optimized-768x576.jpeg 768w, https:\/\/radiorevelacionfm.cl\/wp-content\/uploads\/2024\/03\/sercotec-postulaciones-cooperativas-1_optimized-705x529.jpeg 705w, https:\/\/radiorevelacionfm.cl\/wp-content\/uploads\/2024\/03\/sercotec-postulaciones-cooperativas-1_optimized-450x338.jpeg 450w, https:\/\/radiorevelacionfm.cl\/wp-content\/uploads\/2024\/03\/sercotec-postulaciones-cooperativas-1_optimized-600x450.jpeg 600w\" sizes=\"(max-width: 800px) 100vw, 800px\" \/><\/div><\/div><\/div><\/div><div class=\"flex_column av_one_full  flex_column_div av-zero-column-padding first  avia-builder-el-2  el_after_av_one_full  el_before_av_one_full  column-top-margin\" style='border-radius:0px; '><section class=\"av_textblock_section \"  itemscope=\"itemscope\" itemtype=\"https:\/\/schema.org\/BlogPosting\" itemprop=\"blogPost\" ><div class='avia_textblock  '   itemprop=\"text\" ><p style=\"text-align: center;\"><strong><span style=\"font-size: 18pt;\">Abren postulaciones para programa que apoya a las cooperativas en el pa\u00eds <\/span><\/strong><\/p>\n<div id=\"gtx-trans\" style=\"position: absolute; left: -50px; top: 4.31534px;\">\n<div class=\"gtx-trans-icon\"><\/div>\n<\/div>\n<\/div><\/section><\/div><div class=\"flex_column av_one_full  flex_column_div av-zero-column-padding first  avia-builder-el-4  el_after_av_one_full  el_before_av_hr  column-top-margin\" style='border-radius:0px; '><section class=\"av_textblock_section \"  itemscope=\"itemscope\" itemtype=\"https:\/\/schema.org\/BlogPosting\" itemprop=\"blogPost\" ><div class='avia_textblock  '   itemprop=\"text\" ><p style=\"text-align: justify;\">En la planta de procesos de la empresa Buen Punto, empresa integrante de la Cooperativa Koonek, se realiz\u00f3 el lanzamiento del Programa Creaci\u00f3n y Fortalecimiento de Cooperativas de Sercotec, instancia de la cual form\u00f3 parte el Seremi de Econom\u00eda, Fomento y Turismo; Felipe Rojas Pizarro, \u00a0la Directora Regional de Sercotec; Nelly Vargas Mansilla y las socias Patricia Gonz\u00e1lez y Amanda R\u00edos, de la Cooperativa Koonek, beneficiaria del programa en la convocatoria 2023. La iniciativa busca robustecer el sistema cooperativo, mediante la implementaci\u00f3n de un plan de trabajo orientado a la conformaci\u00f3n o la mejora de la capacidad de gesti\u00f3n de las cooperativas, a partir de una gobernanza, un modelo de negocio y una estrategia comercial sostenible.<\/p>\n<p style=\"text-align: justify;\">Contempla un subsidio de 8 millones para grupos de personas que quieran crear una cooperativa y de 20 millones para cooperativas ya constituidas que busquen su fortalecimiento. En ambos casos los grupos que resulten seleccionados contar\u00e1n con apoyo t\u00e9cnico en terreno por un per\u00edodo de 7 meses para potenciar el modelo de negocio y la estrategia comercial de la cooperativa. La convocatoria fue lanzada \u00a0a nivel nacional \u00a0el pasado 28 de Febrero por el Ministro de Econom\u00eda, Fomento y Turismo; Nicol\u00e1s Grau, y la Gerenta General de Sercotec, Mar\u00eda Jos\u00e9 Becerra Moro.<\/p>\n<p style=\"text-align: justify;\">En la ocasi\u00f3n, la Gerenta General de Sercotec, Mar\u00eda Jos\u00e9 Becerra Moro, se\u00f1al\u00f3 que \u201ceste programa considera una inversi\u00f3n p\u00fablica al tejido empresarial de los territorios, a trav\u00e9s de un subsidio para la creaci\u00f3n de cooperativas y el fortalecimiento de organizaciones vigentes. Las cooperativas promueven la territorializaci\u00f3n, son resilientes y han dado excelentes resultados econ\u00f3micos, sobre todo en crisis financieras a nivel mundial. Tambi\u00e9n tienen una caracter\u00edstica paritaria que buscamos reivindicar en esta convocatoria, con acciones que promuevan la creaci\u00f3n o fortalecimiento de m\u00e1s cooperativas conformadas por mujeres en el pa\u00eds\u201d.<\/p>\n<p style=\"text-align: justify;\">Por su parte el\u00a0 Seremi de\u00a0 Econom\u00eda, Fomento y Turismo; Felipe Rojas Pizarro, se\u00f1al\u00f3 que \u201ccomo Gobierno, hemos trabajado fuertemente en robustecer el ecosistema del cooperativismo, potenciando la asociatividad y fomentando su creaci\u00f3n. Nuestra intenci\u00f3n es continuar articulando esfuerzos para potenciar el di\u00e1logo fluido con las organizaciones, ya que el sector cooperativo debe ser considerado como un pilar fundamental de la econom\u00eda territorial. Por eso, este tipo de programas que forman parte de la oferta de Sercotec, son tan valiosos, ya que abren nuevos caminos para el emprendimiento asociativo y que se suma a los esfuerzos realizados tambi\u00e9n desde el Gobierno Regional en la promoci\u00f3n de cooperativas en nuestro territorio.\u201d<\/p>\n<p style=\"text-align: justify;\">Amanda R\u00edos, integrante de la Cooperativa Koonek indic\u00f3 que:\u00a0 \u201cComo Cooperativa Koonek Patagonia Berries, hemos estado trabajando fuertemente desde el a\u00f1o 2019. Y en el marco del Programa de Fortalecimiento de Cooperativas de Sercotec que nos adjudicamos el a\u00f1o pasado, hemos podido crear un plan de crecimiento y un plan de trabajo robusto para poder crecer y escalar comercialmente como cooperativa. Como as\u00ed tambi\u00e9n, desarrollar nuevas l\u00edneas de productos para comercializarlas en el mercado regional, nacional y con miras a poder llegar a exportar al mercado asi\u00e1tico. Creemos que estas herramientas focalizadas de Sercotec, son de mucha ayuda, sobre todo en el mundo agr\u00edcola regional que es inmenso, pero por sobre todo para robustecer la gesti\u00f3n y desarrollo de quienes trabajamos con productos forestales no madereros.\u201d<\/p>\n<p style=\"text-align: justify;\">Finalmente Nelly Vargas Mansilla, directora regional de Sercotec resalt\u00f3 el gran desaf\u00edo que como instituci\u00f3n han adoptado<\/p>\n<p style=\"text-align: justify;\">\u201cSercotec ha asumido el desaf\u00edo de apoyar el desarrollo de las cooperativas en el pa\u00eds, potenciando a trav\u00e9s de este programa la creaci\u00f3n y el fortalecimiento de cooperativas, para que mejoren su capacidad de gesti\u00f3n a partir de una gobernanza, un modelo de negocio y una estrategia comercial sostenible y adecuada a las necesidades del territorio\u201d.<\/p>\n<p style=\"text-align: justify;\">La postulaci\u00f3n se realiza en <a href=\"http:\/\/www.sercotec.cl\">www.sercotec.cl<\/a> y estar\u00e1 abierta hasta el 28 de marzo, a las 15:00 horas. En caso de dudas o consultas, comunicarse con los Puntos Mipe de Sercotec, mediante el correo <a href=\"mailto:mipeaysen@sercotec.cl\">mipeaysen@sercotec.cl<\/a>, donde brindan orientaci\u00f3n gratuita en el proceso de manera telef\u00f3nica, presencial y v\u00eda web.<\/p>\n<\/div><\/section><\/div><div  style='height:50px' class='hr hr-invisible   avia-builder-el-6  el_after_av_one_full  el_before_av_social_share '><span class='hr-inner ' ><span class='hr-inner-style'><\/span><\/span><\/div><\/p>\n<div  class='av-social-sharing-box  avia-builder-el-7  el_after_av_hr  el_before_av_hr  '><div class='av-share-box'><h5 class='av-share-link-description av-no-toc '>Compartir esta noticia<\/h5><ul class='av-share-box-list noLightbox'><li class='av-share-link av-social-link-facebook' ><a target=\"_blank\" aria-label=\"Compartir en Facebook\" href='https:\/\/www.facebook.com\/sharer.php?u=https:\/\/radiorevelacionfm.cl\/?p=40125&#038;t=Abren%20postulaciones%20para%20programa%20que%20apoya%20a%20las%20cooperativas%20en%20el%20pa%C3%ADs' aria-hidden='false' data-av_icon='\ue8f3' data-av_iconfont='entypo-fontello' title='' data-avia-related-tooltip='Compartir en Facebook' rel=\"noopener\"><span class='avia_hidden_link_text'>Compartir en Facebook<\/span><\/a><\/li><li class='av-share-link av-social-link-twitter' ><a target=\"_blank\" aria-label=\"Compartir en Twitter\" href='https:\/\/twitter.com\/share?text=Abren%20postulaciones%20para%20programa%20que%20apoya%20a%20las%20cooperativas%20en%20el%20pa%C3%ADs&#038;url=https:\/\/radiorevelacionfm.cl\/?p=40125' aria-hidden='false' data-av_icon='\ue8f1' data-av_iconfont='entypo-fontello' title='' data-avia-related-tooltip='Compartir en Twitter' rel=\"noopener\"><span class='avia_hidden_link_text'>Compartir en Twitter<\/span><\/a><\/li><li class='av-share-link av-social-link-whatsapp' ><a target=\"_blank\" aria-label=\"Compartir en Whatsapp\" href='https:\/\/api.whatsapp.com\/send?text=https:\/\/radiorevelacionfm.cl\/?p=40125' aria-hidden='false' data-av_icon='\uf232' data-av_iconfont='entypo-fontello' title='' data-avia-related-tooltip='Compartir en Whatsapp' rel=\"noopener\"><span class='avia_hidden_link_text'>Compartir en Whatsapp<\/span><\/a><\/li><li class='av-share-link av-social-link-linkedin' ><a target=\"_blank\" aria-label=\"Compartir en LinkedIn\" href='https:\/\/linkedin.com\/shareArticle?mini=true&#038;title=Abren%20postulaciones%20para%20programa%20que%20apoya%20a%20las%20cooperativas%20en%20el%20pa%C3%ADs&#038;url=https:\/\/radiorevelacionfm.cl\/?p=40125' aria-hidden='false' data-av_icon='\ue8fc' data-av_iconfont='entypo-fontello' title='' data-avia-related-tooltip='Compartir en LinkedIn' rel=\"noopener\"><span class='avia_hidden_link_text'>Compartir en LinkedIn<\/span><\/a><\/li><li class='av-share-link av-social-link-mail' ><a  aria-label=\"Compartir por correo\" href='mailto:?subject=Abren%20postulaciones%20para%20programa%20que%20apoya%20a%20las%20cooperativas%20en%20el%20pa%C3%ADs&#038;body=https:\/\/radiorevelacionfm.cl\/?p=40125' aria-hidden='false' data-av_icon='\ue805' data-av_iconfont='entypo-fontello' title='' data-avia-related-tooltip='Compartir por correo'><span class='avia_hidden_link_text'>Compartir por correo<\/span><\/a><\/li><\/ul><\/div><\/div>\n<div  style='height:50px' class='hr hr-invisible   avia-builder-el-8  el_after_av_social_share  el_before_av_comments_list '><span class='hr-inner ' ><span class='hr-inner-style'><\/span><\/span><\/div>\n<div  class='av-buildercomment  av-blog-meta-html-info-disabled av-blog-meta-tag-disabled  '><\/div>\n","protected":false},"excerpt":{"rendered":"","protected":false},"author":1,"featured_media":40126,"comment_status":"open","ping_status":"open","sticky":false,"template":"","format":"standard","meta":{"footnotes":""},"categories":[61],"tags":[],"class_list":["post-40125","post","type-post","status-publish","format-standard","has-post-thumbnail","hentry","category-nacional"],"jetpack_featured_media_url":"https:\/\/radiorevelacionfm.cl\/wp-content\/uploads\/2024\/03\/sercotec-postulaciones-cooperativas-1_optimized.jpeg","_links":{"self":[{"href":"https:\/\/radiorevelacionfm.cl\/index.php?rest_route=\/wp\/v2\/posts\/40125","targetHints":{"allow":["GET"]}}],"collection":[{"href":"https:\/\/radiorevelacionfm.cl\/index.php?rest_route=\/wp\/v2\/posts"}],"about":[{"href":"https:\/\/radiorevelacionfm.cl\/index.php?rest_route=\/wp\/v2\/types\/post"}],"author":[{"embeddable":true,"href":"https:\/\/radiorevelacionfm.cl\/index.php?rest_route=\/wp\/v2\/users\/1"}],"replies":[{"embeddable":true,"href":"https:\/\/radiorevelacionfm.cl\/index.php?rest_route=%2Fwp%2Fv2%2Fcomments&post=40125"}],"version-history":[{"count":1,"href":"https:\/\/radiorevelacionfm.cl\/index.php?rest_route=\/wp\/v2\/posts\/40125\/revisions"}],"predecessor-version":[{"id":40127,"href":"https:\/\/radiorevelacionfm.cl\/index.php?rest_route=\/wp\/v2\/posts\/40125\/revisions\/40127"}],"wp:featuredmedia":[{"embeddable":true,"href":"https:\/\/radiorevelacionfm.cl\/index.php?rest_route=\/wp\/v2\/media\/40126"}],"wp:attachment":[{"href":"https:\/\/radiorevelacionfm.cl\/index.php?rest_route=%2Fwp%2Fv2%2Fmedia&parent=40125"}],"wp:term":[{"taxonomy":"category","embeddable":true,"href":"https:\/\/radiorevelacionfm.cl\/index.php?rest_route=%2Fwp%2Fv2%2Fcategories&post=40125"},{"taxonomy":"post_tag","embeddable":true,"href":"https:\/\/radiorevelacionfm.cl\/index.php?rest_route=%2Fwp%2Fv2%2Ftags&post=40125"}],"curies":[{"name":"wp","href":"https:\/\/api.w.org\/{rel}","templated":true}]}}