{"id":4012,"date":"2021-05-11T14:14:49","date_gmt":"2021-05-11T17:14:49","guid":{"rendered":"https:\/\/radiorevelacionfm.cl\/?p=4012"},"modified":"2021-05-11T15:20:02","modified_gmt":"2021-05-11T18:20:02","slug":"por-problemas-en-viviendas-de-dos-comites-de-chile-chico-el-core-solicito-informe-a-serviu","status":"publish","type":"post","link":"https:\/\/radiorevelacionfm.cl\/?p=4012","title":{"rendered":"Por problemas en viviendas de dos Comit\u00e9s de Chile Chico el CORE solicit\u00f3 informe a Serviu"},"content":{"rendered":"<div class=\"flex_column av_one_full  flex_column_div av-zero-column-padding first  avia-builder-el-0  el_before_av_one_full  avia-builder-el-first  \" style='border-radius:0px; '><div  class='avia-image-container  av-styling-    avia-builder-el-1  avia-builder-el-no-sibling  avia-align-center '  itemprop=\"image\" itemscope=\"itemscope\" itemtype=\"https:\/\/schema.org\/ImageObject\"  ><div class='avia-image-container-inner'><div class='avia-image-overlay-wrap'><img decoding=\"async\" class='wp-image-0 avia-img-lazy-loading-not-0 avia_image' src=\"https:\/\/radiorevelacionfm.cl\/wp-content\/uploads\/2021\/05\/IMG_0775-1-1.jpg\" alt='' title=''   itemprop=\"thumbnailUrl\"  \/><\/div><\/div><\/div><\/div><div class=\"flex_column av_one_full  flex_column_div av-zero-column-padding first  avia-builder-el-2  el_after_av_one_full  el_before_av_one_full  column-top-margin\" style='border-radius:0px; '><section class=\"av_textblock_section \"  itemscope=\"itemscope\" itemtype=\"https:\/\/schema.org\/BlogPosting\" itemprop=\"blogPost\" ><div class='avia_textblock  '   itemprop=\"text\" ><p style=\"text-align: center;\"><strong><span style=\"font-size: 18pt;\">Por problemas en viviendas de dos Comit\u00e9s de Chile Chico el CORE solicit\u00f3 informe a Serviu<\/span><\/strong><\/p>\n<div id=\"gtx-trans\" style=\"position: absolute; left: -50px; top: 4.31534px;\">\n<div class=\"gtx-trans-icon\"><\/div>\n<\/div>\n<\/div><\/section><\/div><div class=\"flex_column av_one_full  flex_column_div av-zero-column-padding first  avia-builder-el-4  el_after_av_one_full  el_before_av_hr  column-top-margin\" style='border-radius:0px; '><section class=\"av_textblock_section \"  itemscope=\"itemscope\" itemtype=\"https:\/\/schema.org\/BlogPosting\" itemprop=\"blogPost\" ><div class='avia_textblock  '   itemprop=\"text\" ><p class=\"v1MsoNormal\" style=\"text-align: justify;\"><span lang=\"ES-MX\">La Comisi\u00f3n Mixta de Vivienda e Infraestructura del Consejo Regional de Ays\u00e9n requiri\u00f3 a la direcci\u00f3n regional de Serviu un informe sobre los problemas en pisos, paredes y cielo raso que registran viviendas de los comit\u00e9s Las Bandurrias y El Calafate de Chile Chico.<\/span><\/p>\n<p class=\"v1MsoNormal\" style=\"text-align: justify;\"><span lang=\"ES-MX\">Ello luego de la sesi\u00f3n especial realizada en la sede social Peumay\u00e9n, encabezada por el presidente de la comisi\u00f3n de Vivienda, Washington Medina, y de Infraestructura, Jorge Abello, los consejeros Carlos Campos, Carlos Quintul y Valent\u00edn Sol\u00eds, y profesionales del Gobierno Regional y Serviu.<\/span><\/p>\n<p class=\"v1MsoNormal\" style=\"text-align: justify;\"><span lang=\"ES-MX\">Entre los vecinos, Ester Rodr\u00edguez manifest\u00f3 confianza en que se concreten las reparaciones. \u00abQue arreglen el piso que est\u00e1 todo quebrado desde cuando nos cambiamos. Reclam\u00e9 y nos cambiaron el piso, no hac\u00eda ni medio a\u00f1o que estaba viviendo ac\u00e1\u00bb, indic\u00f3.<\/span><\/p>\n<p class=\"v1MsoNormal\" style=\"text-align: justify;\"><span lang=\"ES-MX\">Washington Medina indic\u00f3 que un adecuado diagn\u00f3stico es fundamental. \u00abEl requerimiento fundamental ha sido trabajar mancomunadamente entre Infraestructura y Vivienda, para exigir y esperar un informe t\u00e9cnico por parte de Serviu. Una vez que este informe t\u00e9cnico del levantamiento de las 127 casas est\u00e9 sobre la mesa, lo vamos a analizar en conjunto para que podamos tener la mejor soluci\u00f3n para la comunidad de Chile Chico\u00bb, indic\u00f3.<\/span><\/p>\n<p class=\"v1MsoNormal\" style=\"text-align: justify;\"><span lang=\"ES-MX\">Jorge Abello agreg\u00f3 que una de las preocupaciones es que esto pueda abordarse mediante la garant\u00eda. \u00abHay ciertas dificultades, desconfianzas en este proceso, pero esperamos resolver aportando desde el CORE. Vamos a conocer este informe junto a las dirigentes, para ver qu\u00e9 pasos se pueden seguir dando adelante. Ojal\u00e1 este informe sea definitivo, se determine el problema que tienen esas casas y las soluciones concretas\u00bb, se\u00f1al\u00f3.<\/span><\/p>\n<p class=\"v1MsoNormal\" style=\"text-align: justify;\"><span lang=\"ES-MX\">Para Marcia Cid Oyarce es relevante el apoyo institucional. \u00abEsto le da formalidad a nuestro requerimiento, a nuestro problema, ya teniendo el apoyo de los consejeros regionales, comisiones de Vivienda, Infraestructura, es un tremendo apoyo, ya que muchas veces tocamos puertas, esperando que lleguemos a buen puerto con el tema de nuestras casas\u00bb, expres\u00f3.<\/span><\/p>\n<p class=\"v1MsoNormal\" style=\"text-align: justify;\"><span lang=\"ES-MX\">El consejero Quintul valor\u00f3 la comisi\u00f3n en terreno. \u00abVamos a tratar este tema en el Consejo, vamos a citar al director de Serviu tambi\u00e9n, a fin de poder llegar con una mejor soluci\u00f3n a los vecinos de ac\u00e1 de la localidad de Chile Chico\u00bb<\/span><\/p>\n<p class=\"v1MsoNormal\" style=\"text-align: justify;\"><span lang=\"ES-MX\">Valent\u00edn Sol\u00eds coincidi\u00f3 en la importancia del di\u00e1logo directo. \u00abConocer en terreno cu\u00e1les son las deficiencias que han presentado las viviendas de estas poblaciones y esperar el informe t\u00e9cnico definitivo de parte de Serviu y ver las propuesta de soluci\u00f3n. El objetivo es tambi\u00e9n hacer un seguimiento a este proceso para llegar a la propuesta definitiva y final para nuestros vecinos\u00bb, puntualiz\u00f3.<\/span><\/p>\n<p class=\"v1MsoNormal\" style=\"text-align: justify;\"><span lang=\"ES-MX\">La Comisi\u00f3n Mixta espera que el informe proporcione un diagn\u00f3stico acabado y soluciones definitivas para los propietarios de las viviendas catastradas.<\/span><\/p>\n<\/div><\/section><\/div><div  style='height:50px' class='hr hr-invisible   avia-builder-el-6  el_after_av_one_full  el_before_av_social_share '><span class='hr-inner ' ><span class='hr-inner-style'><\/span><\/span><\/div><\/p>\n<div  class='av-social-sharing-box  avia-builder-el-7  el_after_av_hr  el_before_av_hr  '><div class='av-share-box'><h5 class='av-share-link-description av-no-toc '>Compartir esta noticia<\/h5><ul class='av-share-box-list noLightbox'><li class='av-share-link av-social-link-facebook' ><a target=\"_blank\" aria-label=\"Compartir en Facebook\" href='https:\/\/www.facebook.com\/sharer.php?u=https:\/\/radiorevelacionfm.cl\/?p=4012&#038;t=Por%20problemas%20en%20viviendas%20de%20dos%20Comit%C3%A9s%20de%20Chile%20Chico%20el%20CORE%20solicit%C3%B3%20informe%20a%20Serviu' aria-hidden='false' data-av_icon='\ue8f3' data-av_iconfont='entypo-fontello' title='' data-avia-related-tooltip='Compartir en Facebook' rel=\"noopener\"><span class='avia_hidden_link_text'>Compartir en Facebook<\/span><\/a><\/li><li class='av-share-link av-social-link-twitter' ><a target=\"_blank\" aria-label=\"Compartir en Twitter\" href='https:\/\/twitter.com\/share?text=Por%20problemas%20en%20viviendas%20de%20dos%20Comit%C3%A9s%20de%20Chile%20Chico%20el%20CORE%20solicit%C3%B3%20informe%20a%20Serviu&#038;url=https:\/\/radiorevelacionfm.cl\/?p=4012' aria-hidden='false' data-av_icon='\ue8f1' data-av_iconfont='entypo-fontello' title='' data-avia-related-tooltip='Compartir en Twitter' rel=\"noopener\"><span class='avia_hidden_link_text'>Compartir en Twitter<\/span><\/a><\/li><li class='av-share-link av-social-link-whatsapp' ><a target=\"_blank\" aria-label=\"Compartir en Whatsapp\" href='https:\/\/api.whatsapp.com\/send?text=https:\/\/radiorevelacionfm.cl\/?p=4012' aria-hidden='false' data-av_icon='\uf232' data-av_iconfont='entypo-fontello' title='' data-avia-related-tooltip='Compartir en Whatsapp' rel=\"noopener\"><span class='avia_hidden_link_text'>Compartir en Whatsapp<\/span><\/a><\/li><li class='av-share-link av-social-link-linkedin' ><a target=\"_blank\" aria-label=\"Compartir en LinkedIn\" href='https:\/\/linkedin.com\/shareArticle?mini=true&#038;title=Por%20problemas%20en%20viviendas%20de%20dos%20Comit%C3%A9s%20de%20Chile%20Chico%20el%20CORE%20solicit%C3%B3%20informe%20a%20Serviu&#038;url=https:\/\/radiorevelacionfm.cl\/?p=4012' aria-hidden='false' data-av_icon='\ue8fc' data-av_iconfont='entypo-fontello' title='' data-avia-related-tooltip='Compartir en LinkedIn' rel=\"noopener\"><span class='avia_hidden_link_text'>Compartir en LinkedIn<\/span><\/a><\/li><li class='av-share-link av-social-link-mail' ><a  aria-label=\"Compartir por correo\" href='mailto:?subject=Por%20problemas%20en%20viviendas%20de%20dos%20Comit%C3%A9s%20de%20Chile%20Chico%20el%20CORE%20solicit%C3%B3%20informe%20a%20Serviu&#038;body=https:\/\/radiorevelacionfm.cl\/?p=4012' aria-hidden='false' data-av_icon='\ue805' data-av_iconfont='entypo-fontello' title='' data-avia-related-tooltip='Compartir por correo'><span class='avia_hidden_link_text'>Compartir por correo<\/span><\/a><\/li><\/ul><\/div><\/div>\n<div  style='height:50px' class='hr hr-invisible   avia-builder-el-8  el_after_av_social_share  el_before_av_comments_list '><span class='hr-inner ' ><span class='hr-inner-style'><\/span><\/span><\/div>\n<div  class='av-buildercomment  av-blog-meta-html-info-disabled av-blog-meta-tag-disabled  '><\/div>\n","protected":false},"excerpt":{"rendered":"","protected":false},"author":1,"featured_media":0,"comment_status":"open","ping_status":"open","sticky":false,"template":"","format":"standard","meta":{"footnotes":""},"categories":[57],"tags":[],"class_list":["post-4012","post","type-post","status-publish","format-standard","hentry","category-vivienda"],"jetpack_featured_media_url":"","_links":{"self":[{"href":"https:\/\/radiorevelacionfm.cl\/index.php?rest_route=\/wp\/v2\/posts\/4012","targetHints":{"allow":["GET"]}}],"collection":[{"href":"https:\/\/radiorevelacionfm.cl\/index.php?rest_route=\/wp\/v2\/posts"}],"about":[{"href":"https:\/\/radiorevelacionfm.cl\/index.php?rest_route=\/wp\/v2\/types\/post"}],"author":[{"embeddable":true,"href":"https:\/\/radiorevelacionfm.cl\/index.php?rest_route=\/wp\/v2\/users\/1"}],"replies":[{"embeddable":true,"href":"https:\/\/radiorevelacionfm.cl\/index.php?rest_route=%2Fwp%2Fv2%2Fcomments&post=4012"}],"version-history":[{"count":1,"href":"https:\/\/radiorevelacionfm.cl\/index.php?rest_route=\/wp\/v2\/posts\/4012\/revisions"}],"predecessor-version":[{"id":4014,"href":"https:\/\/radiorevelacionfm.cl\/index.php?rest_route=\/wp\/v2\/posts\/4012\/revisions\/4014"}],"wp:attachment":[{"href":"https:\/\/radiorevelacionfm.cl\/index.php?rest_route=%2Fwp%2Fv2%2Fmedia&parent=4012"}],"wp:term":[{"taxonomy":"category","embeddable":true,"href":"https:\/\/radiorevelacionfm.cl\/index.php?rest_route=%2Fwp%2Fv2%2Fcategories&post=4012"},{"taxonomy":"post_tag","embeddable":true,"href":"https:\/\/radiorevelacionfm.cl\/index.php?rest_route=%2Fwp%2Fv2%2Ftags&post=4012"}],"curies":[{"name":"wp","href":"https:\/\/api.w.org\/{rel}","templated":true}]}}