{"id":40118,"date":"2024-03-06T22:52:03","date_gmt":"2024-03-07T01:52:03","guid":{"rendered":"https:\/\/radiorevelacionfm.cl\/?p=40118"},"modified":"2024-03-07T10:30:09","modified_gmt":"2024-03-07T13:30:09","slug":"denuncian-asalto-y-agresion-a-comerciante-en-valle-simpson","status":"publish","type":"post","link":"https:\/\/radiorevelacionfm.cl\/?p=40118","title":{"rendered":"Denuncian asalto y agresi\u00f3n a comerciante en Valle Simpson"},"content":{"rendered":"<div class=\"flex_column av_one_full  flex_column_div av-zero-column-padding first  avia-builder-el-0  el_before_av_one_full  avia-builder-el-first  \" style='border-radius:0px; '><div  class='avia-image-container  av-styling-    avia-builder-el-1  avia-builder-el-no-sibling  avia-align-center '  itemprop=\"image\" itemscope=\"itemscope\" itemtype=\"https:\/\/schema.org\/ImageObject\"  ><div class='avia-image-container-inner'><div class='avia-image-overlay-wrap'><img decoding=\"async\" class='wp-image-40119 avia-img-lazy-loading-not-40119 avia_image' src=\"https:\/\/radiorevelacionfm.cl\/wp-content\/uploads\/2024\/03\/robo-valle-simpson-2-1_optimized.jpg\" alt='' title='robo-valle-simpson-(2)-(1)_optimized' height=\"600\" width=\"940\"  itemprop=\"thumbnailUrl\" srcset=\"https:\/\/radiorevelacionfm.cl\/wp-content\/uploads\/2024\/03\/robo-valle-simpson-2-1_optimized.jpg 940w, https:\/\/radiorevelacionfm.cl\/wp-content\/uploads\/2024\/03\/robo-valle-simpson-2-1_optimized-300x191.jpg 300w, https:\/\/radiorevelacionfm.cl\/wp-content\/uploads\/2024\/03\/robo-valle-simpson-2-1_optimized-768x490.jpg 768w, https:\/\/radiorevelacionfm.cl\/wp-content\/uploads\/2024\/03\/robo-valle-simpson-2-1_optimized-705x450.jpg 705w, https:\/\/radiorevelacionfm.cl\/wp-content\/uploads\/2024\/03\/robo-valle-simpson-2-1_optimized-450x287.jpg 450w, https:\/\/radiorevelacionfm.cl\/wp-content\/uploads\/2024\/03\/robo-valle-simpson-2-1_optimized-600x383.jpg 600w\" sizes=\"(max-width: 940px) 100vw, 940px\" \/><\/div><\/div><\/div><\/div>\n<div class=\"flex_column av_one_full  flex_column_div av-zero-column-padding first  avia-builder-el-2  el_after_av_one_full  el_before_av_one_full  column-top-margin\" style='border-radius:0px; '><section class=\"av_textblock_section \"  itemscope=\"itemscope\" itemtype=\"https:\/\/schema.org\/BlogPosting\" itemprop=\"blogPost\" ><div class='avia_textblock  '   itemprop=\"text\" ><p style=\"text-align: center;\"><strong><span style=\"font-size: 18pt;\">Denuncian asalto y agresi\u00f3n a comerciante en Valle Simpson<\/span><\/strong><\/p>\n<div id=\"gtx-trans\" style=\"position: absolute; left: -50px; top: 4.31534px;\">\n<div class=\"gtx-trans-icon\"><\/div>\n<\/div>\n<\/div><\/section><\/div>\n<div class=\"flex_column av_one_full  flex_column_div av-zero-column-padding first  avia-builder-el-4  el_after_av_one_full  el_before_av_hr  column-top-margin\" style='border-radius:0px; '><section class=\"av_textblock_section \"  itemscope=\"itemscope\" itemtype=\"https:\/\/schema.org\/BlogPosting\" itemprop=\"blogPost\" ><div class='avia_textblock  '   itemprop=\"text\" ><p style=\"text-align: justify;\">Cerca de las 16:00 horas de la tarde de este martes 05 de marzo 2024, se registr\u00f3 un violento hecho que tiene muy preocupados a los vecinos de Valle Simpson, en la comuna de Coyhaique. En el lugar, un comerciante, adulto mayor de 75 a\u00f1os, fue asaltado tras ser agredido a golpes, seg\u00fan denunci\u00f3 la propia familia, hecho que qued\u00f3 registrado en la c\u00e1mara de vigilancia del local.<\/p>\n<p style=\"text-align: justify;\">En el registro, se aprecia a un individuo joven, alto, vestido de negro, el cual agrede al adulto mayor, derrib\u00e1ndolo e inmoviliz\u00e1ndolo con el pie sobre la cara, lo cual le gener\u00f3 hematomas a la v\u00edctima, junto con la destrucci\u00f3n de sus anteojos. El delincuente huy\u00f3 con dinero en efectivo y un celular.<\/p>\n<p style=\"text-align: justify;\">Otro antecedente aportado por la familia, indica que el sujeto ten\u00eda un tatuaje en la parte posterior del cuello, de forma rectangular y lenguaje no propio de esta regi\u00f3n.<\/p>\n<p style=\"text-align: justify;\">De esta situaci\u00f3n se puso en conocimiento a Carabineros del Ret\u00e9n El Blanco, quienes acudieron para realizar el procedimiento, cerca de 20 minutos despu\u00e9s de ocurridos los hechos denunciados, antecedentes que la Fiscal\u00eda deriv\u00f3 a la BIRO de la Polic\u00eda de Investigaciones (PDI), seg\u00fan informaci\u00f3n entregada a nuestro medio por familiares.<\/p>\n<div class=\"row m-0 p-0 mb-2 hide-print-box\" style=\"text-align: justify;\">\n<div class=\"col p-0 banner-ads-cod tp_1_1\">\n<div id=\"Inread\" class=\"col-12 text-center\">Vecinos manifestaron que existe alta preocupaci\u00f3n de la comunidad, ya que en un per\u00edodo de cuatro meses, se han registrado varios robos, entre ellos al APR, Escuela, Museo y dos locales comerciales de Valle Simpson, donde otra vecina adulta mayor se vio afectada. Se\u00f1alando adem\u00e1s de que existe dotaci\u00f3n insuficiente de Carabineros para prestar servicio de seguridad, dado el amplio territorio que abarca (unos 35 kil\u00f3metros), por lo que sienten desprotegidos.<\/div>\n<\/div>\n<\/div>\n<div><\/div>\n<div class=\"row m-0 p-0 mb-2 hide-print-box\" style=\"text-align: justify;\">\n<div class=\"col p-0 banner-ads-cod tp_1_1\"><\/div>\n<\/div>\n<\/div><\/section><\/div><div  style='height:50px' class='hr hr-invisible   avia-builder-el-6  el_after_av_one_full  el_before_av_social_share '><span class='hr-inner ' ><span class='hr-inner-style'><\/span><\/span><\/div><\/p>\n<div  class='av-social-sharing-box  avia-builder-el-7  el_after_av_hr  el_before_av_hr  '><div class='av-share-box'><h5 class='av-share-link-description av-no-toc '>Compartir esta noticia<\/h5><ul class='av-share-box-list noLightbox'><li class='av-share-link av-social-link-facebook' ><a target=\"_blank\" aria-label=\"Compartir en Facebook\" href='https:\/\/www.facebook.com\/sharer.php?u=https:\/\/radiorevelacionfm.cl\/?p=40118&#038;t=Denuncian%20asalto%20y%20agresi%C3%B3n%20a%20comerciante%20en%20Valle%20Simpson' aria-hidden='false' data-av_icon='\ue8f3' data-av_iconfont='entypo-fontello' title='' data-avia-related-tooltip='Compartir en Facebook' rel=\"noopener\"><span class='avia_hidden_link_text'>Compartir en Facebook<\/span><\/a><\/li><li class='av-share-link av-social-link-twitter' ><a target=\"_blank\" aria-label=\"Compartir en Twitter\" href='https:\/\/twitter.com\/share?text=Denuncian%20asalto%20y%20agresi%C3%B3n%20a%20comerciante%20en%20Valle%20Simpson&#038;url=https:\/\/radiorevelacionfm.cl\/?p=40118' aria-hidden='false' data-av_icon='\ue8f1' data-av_iconfont='entypo-fontello' title='' data-avia-related-tooltip='Compartir en Twitter' rel=\"noopener\"><span class='avia_hidden_link_text'>Compartir en Twitter<\/span><\/a><\/li><li class='av-share-link av-social-link-whatsapp' ><a target=\"_blank\" aria-label=\"Compartir en Whatsapp\" href='https:\/\/api.whatsapp.com\/send?text=https:\/\/radiorevelacionfm.cl\/?p=40118' aria-hidden='false' data-av_icon='\uf232' data-av_iconfont='entypo-fontello' title='' data-avia-related-tooltip='Compartir en Whatsapp' rel=\"noopener\"><span class='avia_hidden_link_text'>Compartir en Whatsapp<\/span><\/a><\/li><li class='av-share-link av-social-link-linkedin' ><a target=\"_blank\" aria-label=\"Compartir en LinkedIn\" href='https:\/\/linkedin.com\/shareArticle?mini=true&#038;title=Denuncian%20asalto%20y%20agresi%C3%B3n%20a%20comerciante%20en%20Valle%20Simpson&#038;url=https:\/\/radiorevelacionfm.cl\/?p=40118' aria-hidden='false' data-av_icon='\ue8fc' data-av_iconfont='entypo-fontello' title='' data-avia-related-tooltip='Compartir en LinkedIn' rel=\"noopener\"><span class='avia_hidden_link_text'>Compartir en LinkedIn<\/span><\/a><\/li><li class='av-share-link av-social-link-mail' ><a  aria-label=\"Compartir por correo\" href='mailto:?subject=Denuncian%20asalto%20y%20agresi%C3%B3n%20a%20comerciante%20en%20Valle%20Simpson&#038;body=https:\/\/radiorevelacionfm.cl\/?p=40118' aria-hidden='false' data-av_icon='\ue805' data-av_iconfont='entypo-fontello' title='' data-avia-related-tooltip='Compartir por correo'><span class='avia_hidden_link_text'>Compartir por correo<\/span><\/a><\/li><\/ul><\/div><\/div>\n<div  style='height:50px' class='hr hr-invisible   avia-builder-el-8  el_after_av_social_share  el_before_av_comments_list '><span class='hr-inner ' ><span class='hr-inner-style'><\/span><\/span><\/div>\n<div  class='av-buildercomment  av-blog-meta-html-info-disabled av-blog-meta-tag-disabled  '><\/div>\n","protected":false},"excerpt":{"rendered":"","protected":false},"author":1,"featured_media":40119,"comment_status":"open","ping_status":"open","sticky":false,"template":"","format":"standard","meta":{"footnotes":""},"categories":[36],"tags":[],"class_list":["post-40118","post","type-post","status-publish","format-standard","has-post-thumbnail","hentry","category-policial"],"jetpack_featured_media_url":"https:\/\/radiorevelacionfm.cl\/wp-content\/uploads\/2024\/03\/robo-valle-simpson-2-1_optimized.jpg","_links":{"self":[{"href":"https:\/\/radiorevelacionfm.cl\/index.php?rest_route=\/wp\/v2\/posts\/40118","targetHints":{"allow":["GET"]}}],"collection":[{"href":"https:\/\/radiorevelacionfm.cl\/index.php?rest_route=\/wp\/v2\/posts"}],"about":[{"href":"https:\/\/radiorevelacionfm.cl\/index.php?rest_route=\/wp\/v2\/types\/post"}],"author":[{"embeddable":true,"href":"https:\/\/radiorevelacionfm.cl\/index.php?rest_route=\/wp\/v2\/users\/1"}],"replies":[{"embeddable":true,"href":"https:\/\/radiorevelacionfm.cl\/index.php?rest_route=%2Fwp%2Fv2%2Fcomments&post=40118"}],"version-history":[{"count":3,"href":"https:\/\/radiorevelacionfm.cl\/index.php?rest_route=\/wp\/v2\/posts\/40118\/revisions"}],"predecessor-version":[{"id":40122,"href":"https:\/\/radiorevelacionfm.cl\/index.php?rest_route=\/wp\/v2\/posts\/40118\/revisions\/40122"}],"wp:featuredmedia":[{"embeddable":true,"href":"https:\/\/radiorevelacionfm.cl\/index.php?rest_route=\/wp\/v2\/media\/40119"}],"wp:attachment":[{"href":"https:\/\/radiorevelacionfm.cl\/index.php?rest_route=%2Fwp%2Fv2%2Fmedia&parent=40118"}],"wp:term":[{"taxonomy":"category","embeddable":true,"href":"https:\/\/radiorevelacionfm.cl\/index.php?rest_route=%2Fwp%2Fv2%2Fcategories&post=40118"},{"taxonomy":"post_tag","embeddable":true,"href":"https:\/\/radiorevelacionfm.cl\/index.php?rest_route=%2Fwp%2Fv2%2Ftags&post=40118"}],"curies":[{"name":"wp","href":"https:\/\/api.w.org\/{rel}","templated":true}]}}