{"id":40115,"date":"2024-03-07T11:57:47","date_gmt":"2024-03-07T14:57:47","guid":{"rendered":"https:\/\/radiorevelacionfm.cl\/?p=40115"},"modified":"2024-03-07T11:57:47","modified_gmt":"2024-03-07T14:57:47","slug":"alza-en-puntajes-simce-muestra-los-primeros-sintomas-de-recuperacion-de-aprendizajes-pospandemia","status":"publish","type":"post","link":"https:\/\/radiorevelacionfm.cl\/?p=40115","title":{"rendered":"Alza en puntajes Simce muestra los primeros s\u00edntomas de recuperaci\u00f3n de aprendizajes pospandemia"},"content":{"rendered":"<div class=\"flex_column av_one_full  flex_column_div av-zero-column-padding first  avia-builder-el-0  el_before_av_one_full  avia-builder-el-first  \" style='border-radius:0px; '><div  class='avia-image-container  av-styling-    avia-builder-el-1  avia-builder-el-no-sibling  avia-align-center '  itemprop=\"image\" itemscope=\"itemscope\" itemtype=\"https:\/\/schema.org\/ImageObject\"  ><div class='avia-image-container-inner'><div class='avia-image-overlay-wrap'><img decoding=\"async\" class='wp-image-40116 avia-img-lazy-loading-not-40116 avia_image' src=\"https:\/\/radiorevelacionfm.cl\/wp-content\/uploads\/2024\/03\/Resultados-Regionales-SIMCE-2023-1-1.jpg\" alt='' title='Resultados Regionales SIMCE 2023 (1) (1)' height=\"600\" width=\"1067\"  itemprop=\"thumbnailUrl\" srcset=\"https:\/\/radiorevelacionfm.cl\/wp-content\/uploads\/2024\/03\/Resultados-Regionales-SIMCE-2023-1-1.jpg 1067w, https:\/\/radiorevelacionfm.cl\/wp-content\/uploads\/2024\/03\/Resultados-Regionales-SIMCE-2023-1-1-300x169.jpg 300w, https:\/\/radiorevelacionfm.cl\/wp-content\/uploads\/2024\/03\/Resultados-Regionales-SIMCE-2023-1-1-1030x579.jpg 1030w, https:\/\/radiorevelacionfm.cl\/wp-content\/uploads\/2024\/03\/Resultados-Regionales-SIMCE-2023-1-1-768x432.jpg 768w, https:\/\/radiorevelacionfm.cl\/wp-content\/uploads\/2024\/03\/Resultados-Regionales-SIMCE-2023-1-1-705x396.jpg 705w, https:\/\/radiorevelacionfm.cl\/wp-content\/uploads\/2024\/03\/Resultados-Regionales-SIMCE-2023-1-1-450x253.jpg 450w, https:\/\/radiorevelacionfm.cl\/wp-content\/uploads\/2024\/03\/Resultados-Regionales-SIMCE-2023-1-1-600x337.jpg 600w\" sizes=\"(max-width: 1067px) 100vw, 1067px\" \/><\/div><\/div><\/div><\/div><div class=\"flex_column av_one_full  flex_column_div av-zero-column-padding first  avia-builder-el-2  el_after_av_one_full  el_before_av_one_full  column-top-margin\" style='border-radius:0px; '><section class=\"av_textblock_section \"  itemscope=\"itemscope\" itemtype=\"https:\/\/schema.org\/BlogPosting\" itemprop=\"blogPost\" ><div class='avia_textblock  '   itemprop=\"text\" ><p style=\"text-align: center;\"><span style=\"font-size: 18pt;\"><b>Alza en puntajes Simce muestra los primeros s\u00edntomas de recuperaci\u00f3n de aprendizajes pospandemia<\/b><\/span><\/p>\n<div id=\"gtx-trans\" style=\"position: absolute; left: -50px; top: 4.31534px;\">\n<div class=\"gtx-trans-icon\"><\/div>\n<\/div>\n<\/div><\/section><\/div><div class=\"flex_column av_one_full  flex_column_div av-zero-column-padding first  avia-builder-el-4  el_after_av_one_full  el_before_av_hr  column-top-margin\" style='border-radius:0px; '><section class=\"av_textblock_section \"  itemscope=\"itemscope\" itemtype=\"https:\/\/schema.org\/BlogPosting\" itemprop=\"blogPost\" ><div class='avia_textblock  '   itemprop=\"text\" ><p class=\"v1MsoNormal\" style=\"text-align: justify;\" align=\"center\"><i>A nivel nacional destaca el aumento de 9 puntos en Matem\u00e1tica 4\u00b0 b\u00e1sico, el m\u00e1s significativo de la \u00faltima d\u00e9cada. En la Regi\u00f3n de Ays\u00e9n los puntajes en general muestran una estabilidad antes y despu\u00e9s de la pandemia, con excepci\u00f3n de matem\u00e1tica 2\u00b0 medio, que aumenta en 8 puntos entre las mediciones de 2022 y 2023.<\/i><\/p>\n<p class=\"v1MsoNormal\" style=\"text-align: justify;\">Este a\u00f1o, la Agencia de Calidad de la Educaci\u00f3n entreg\u00f3 los resultados educativos de forma anticipada, al inicio del a\u00f1o escolar, lo que permitir\u00e1 a las comunidades educativas y al Estado contar con informaci\u00f3n oportuna para tomar decisiones.<\/p>\n<p class=\"v1MsoNormal\" style=\"text-align: justify;\">\u00abTenemos noticias esperanzadoras para el sistema. Despu\u00e9s de tres a\u00f1os de pandemia el sistema educativo est\u00e1 mostrando s\u00edntomas de recuperaci\u00f3n de aprendizajes, alcanzando puntajes similares a los que ten\u00edamos previos a la pandemia. Esto reafirma el trabajo de los docentes en el aula, que junto a directivos y sus comunidades escolares, est\u00e1n poniendo la mejora educacional al centro de los esfuerzos del pa\u00eds. Hay desaf\u00edos que se mantienen, particularmente en cuanto a las brechas de g\u00e9nero en Matem\u00e1tica, lo que implica poner a\u00fan m\u00e1s urgencia a iniciativas que reduzcan las brechas de g\u00e9nero en materia de aprendizajes\u00bb, se\u00f1al\u00f3 el ministro de Educaci\u00f3n, Nicol\u00e1s Cataldo.<\/p>\n<p class=\"v1MsoNormal\" style=\"text-align: justify;\">Adem\u00e1s, sostuvo que \u00ablos Servicios Locales de Educaci\u00f3n P\u00fablica muestran indicios de mejoras relevantes en sus establecimientos, sobre todo en aquellos con mayor tiempo de implementaci\u00f3n. Como Gobierno seguiremos fortaleciendo la Nueva Educaci\u00f3n P\u00fablica para mejorar su gobernanza y el apoyo t\u00e9cnico pedag\u00f3gico a los establecimientos\u00bb.<\/p>\n<p class=\"v1MsoNormal\" style=\"text-align: justify;\">El secretario ejecutivo de la Agencia de Calidad, en tanto, valor\u00f3 la entrega de resultados al inicio del a\u00f1o escolar. \u00abEsto sin duda es un hito para la Agencia, y ser\u00e1 a\u00fan m\u00e1s valioso para las escuelas, que podr\u00e1n disponer y utilizar estos datos de manera oportuna para mejorar la gesti\u00f3n pedag\u00f3gica y los aprendizajes, pero tambi\u00e9n para la pol\u00edtica p\u00fablica. Adem\u00e1s, junto a los otros instrumentos que proporciona la Agencia, generamos un ecosistema de orientaciones y evaluaciones que son muy valoradas por las comunidades educativas\u00bb.<\/p>\n<p class=\"v1MsoNormal\" style=\"text-align: justify;\"><b>Resultados Nacionales<\/b><\/p>\n<p class=\"v1MsoNormal\" style=\"text-align: justify;\">Los resultados en matem\u00e1tica fueron los que se vieron m\u00e1s afectados con la pandemia, pero hoy se observa que el sistema ha reaccionado con un\u00a0<b>alza de 9 puntos en 4\u00b0 b\u00e1sico a nivel nacional (de 250 puntos a 259 puntos), convirti\u00e9ndose en el mayor aumento de la d\u00e9cada.\u00a0<\/b>Los grupos socioecon\u00f3micos bajo y medio bajo son los que m\u00e1s subieron sus puntajes promedio en esta asignatura y nivel. Esta alza tambi\u00e9n se observ\u00f3 en II\u00b0 medio, con una mejora de 5 puntos en promedio.<\/p>\n<p class=\"v1MsoNormal\" style=\"text-align: justify;\">Por su parte, los resultados en Lectura en 4\u00b0 b\u00e1sico y en II\u00b0 medio tambi\u00e9n muestran un alza promedio de 5 puntos, no significativa estad\u00edsticamente.<\/p>\n<p class=\"v1MsoNormal\" style=\"text-align: justify;\">Si bien estos resultados son alentadores, se sigue observando una brecha de g\u00e9nero que desaf\u00eda al sistema educativo. Las estudiantes de 4\u00b0 b\u00e1sico tienen en promedio 12 puntos menos que sus pares masculinos en la prueba de matem\u00e1tica, y 11 puntos en II\u00b0 medio. Por su parte, en la prueba de lectura en ambos niveles se mantienen las brechas a favor de las mujeres.<\/p>\n<p class=\"v1MsoNormal\" style=\"text-align: justify;\"><b>Resultados regionales<\/b><\/p>\n<p class=\"v1MsoNormal\" style=\"text-align: justify;\">En la Regi\u00f3n de Ays\u00e9n, los resultados fueron informados por la Seremi de Educaci\u00f3n Isabel Garrido Casassa y la Evaluadora\u00a0 de la Agencia de Calidad, Sandra Berr\u00edos Escobar.<\/p>\n<p class=\"v1MsoNormal\" style=\"text-align: justify;\">Sandra Berr\u00edos inform\u00f3 que los puntajes promedio regionales en general muestran una estabilidad antes y despu\u00e9s de la pandemia, sin fluctuaciones significativas en las pruebas de matem\u00e1tica y lenguaje de 4\u00b0 b\u00e1sico, ni en lenguaje II\u00b0 medio. Distinta es la situaci\u00f3n en la prueba de matem\u00e1tica de II\u00b0 medio, que present\u00f3 un alza de 8 puntos, aumentando de 248 puntos en 2022 a 256 en 2023.<\/p>\n<p class=\"v1MsoNormal\" style=\"text-align: justify;\">En cuanto a los Indicadores de Desarrollo Personal y Social, estos permiten observar el aprendizaje desde una mirada integral, incluyendo dimensiones como la convivencia escolar, la autoestima acad\u00e9mica y la participaci\u00f3n. En t\u00e9rminos generales los resultados de la Regi\u00f3n son similares a los nacionales y no presentaron grandes fluctuaciones con la pandemia. S\u00ed destaca que tanto en 4\u00b0 b\u00e1sico como en II\u00b0 medio los \u00abH\u00e1bitos de vida saludable\u00bb son el indicador m\u00e1s deficitario, por debajo del 70 sobre 100. Este indicador eval\u00faa, por ejemplo, la promoci\u00f3n de h\u00e1bitos alimenticios, h\u00e1bitos de vida activa y de autocuidado.<\/p>\n<p class=\"v1MsoNormal\" style=\"text-align: justify;\">En v\u00edsperas de la conmemoraci\u00f3n del D\u00eda Internacional de la Mujer, Berr\u00edos resalt\u00f3 que \u00abtal como se observ\u00f3 a nivel nacional, en la Regi\u00f3n de Ays\u00e9n la brecha de g\u00e9nero creci\u00f3 despu\u00e9s de la pandemia, quebrando la tendencia a la baja que se ve\u00eda previamente. Mientras que en II\u00b0 medio la brecha de g\u00e9nero se redujo en matem\u00e1ticas, en 4\u00b0 b\u00e1sico aument\u00f3. Tambi\u00e9n se mantienen las brechas en lenguaje a favor de las mujeres, lo que da cuenta que a\u00fan existen estereotipos que debemos erradicar con el fin de asegurar no solo mejores aprendizajes, sino igualdad de oportunidades al momento de adquirirlos\u00bb, coment\u00f3 Berr\u00edos.<\/p>\n<p class=\"v1MsoNormal\" style=\"text-align: justify;\">Al analizar los resultados regionales la Seremi Isabel Garrido afirm\u00f3 que nos llaman a mantener la prioridad en la Reactivaci\u00f3n Educativa. \u00abEstas cifras dan cuenta que las comunidades educativas en la Regi\u00f3n de Ays\u00e9n tuvieron la resiliencia de mantener los procesos de ense\u00f1anza durante la pandemia, por lo cual debemos agradecer a profesores, profesoras y asistentes de la educaci\u00f3n que hicieron enormes esfuerzos. Pero tambi\u00e9n nos dan cuenta de que debemos seguir trabajando por generar una mejora significativa en la experiencia de aprendizaje de los ni\u00f1os, ni\u00f1as y j\u00f3venes de la Regi\u00f3n\u00bb.<\/p>\n<p class=\"v1MsoNormal\" style=\"text-align: justify;\">Garrido agreg\u00f3 que \u00abVemos una oportunidad en que hoy tengamos como sostenedor al Servicio Local de Educaci\u00f3n P\u00fablica, que es una entidad especializada cuya tarea es acompa\u00f1ar a las escuelas hacia la mejora educativa\u00bb.<\/p>\n<p class=\"v1MsoNormal\" style=\"text-align: justify;\">Desde hoy, los establecimientos educacionales podr\u00e1n acceder a la informaci\u00f3n de sus resultados educativos 2023, ingresando a\u00a0<a href=\"https:\/\/trackercl1.fidelizador.com\/L10F3782DG78E9D37AH10B4AE3BEA5AFDJF4FBA4240EK10F3782D9C936A1488FF82EA99657C9284&amp;t=8435\" target=\"_blank\" rel=\"noopener noreferrer\"><b>www.agenciaeducacion.cl<\/b><\/a><\/p>\n<\/div><\/section><\/div><div  style='height:50px' class='hr hr-invisible   avia-builder-el-6  el_after_av_one_full  el_before_av_social_share '><span class='hr-inner ' ><span class='hr-inner-style'><\/span><\/span><\/div><\/p>\n<div  class='av-social-sharing-box  avia-builder-el-7  el_after_av_hr  el_before_av_hr  '><div class='av-share-box'><h5 class='av-share-link-description av-no-toc '>Compartir esta noticia<\/h5><ul class='av-share-box-list noLightbox'><li class='av-share-link av-social-link-facebook' ><a target=\"_blank\" aria-label=\"Compartir en Facebook\" href='https:\/\/www.facebook.com\/sharer.php?u=https:\/\/radiorevelacionfm.cl\/?p=40115&#038;t=Alza%20en%20puntajes%20Simce%20muestra%20los%20primeros%20s%C3%ADntomas%20de%20recuperaci%C3%B3n%20de%20aprendizajes%20pospandemia' aria-hidden='false' data-av_icon='\ue8f3' data-av_iconfont='entypo-fontello' title='' data-avia-related-tooltip='Compartir en Facebook' rel=\"noopener\"><span class='avia_hidden_link_text'>Compartir en Facebook<\/span><\/a><\/li><li class='av-share-link av-social-link-twitter' ><a target=\"_blank\" aria-label=\"Compartir en Twitter\" href='https:\/\/twitter.com\/share?text=Alza%20en%20puntajes%20Simce%20muestra%20los%20primeros%20s%C3%ADntomas%20de%20recuperaci%C3%B3n%20de%20aprendizajes%20pospandemia&#038;url=https:\/\/radiorevelacionfm.cl\/?p=40115' aria-hidden='false' data-av_icon='\ue8f1' data-av_iconfont='entypo-fontello' title='' data-avia-related-tooltip='Compartir en Twitter' rel=\"noopener\"><span class='avia_hidden_link_text'>Compartir en Twitter<\/span><\/a><\/li><li class='av-share-link av-social-link-whatsapp' ><a target=\"_blank\" aria-label=\"Compartir en Whatsapp\" href='https:\/\/api.whatsapp.com\/send?text=https:\/\/radiorevelacionfm.cl\/?p=40115' aria-hidden='false' data-av_icon='\uf232' data-av_iconfont='entypo-fontello' title='' data-avia-related-tooltip='Compartir en Whatsapp' rel=\"noopener\"><span class='avia_hidden_link_text'>Compartir en Whatsapp<\/span><\/a><\/li><li class='av-share-link av-social-link-linkedin' ><a target=\"_blank\" aria-label=\"Compartir en LinkedIn\" href='https:\/\/linkedin.com\/shareArticle?mini=true&#038;title=Alza%20en%20puntajes%20Simce%20muestra%20los%20primeros%20s%C3%ADntomas%20de%20recuperaci%C3%B3n%20de%20aprendizajes%20pospandemia&#038;url=https:\/\/radiorevelacionfm.cl\/?p=40115' aria-hidden='false' data-av_icon='\ue8fc' data-av_iconfont='entypo-fontello' title='' data-avia-related-tooltip='Compartir en LinkedIn' rel=\"noopener\"><span class='avia_hidden_link_text'>Compartir en LinkedIn<\/span><\/a><\/li><li class='av-share-link av-social-link-mail' ><a  aria-label=\"Compartir por correo\" href='mailto:?subject=Alza%20en%20puntajes%20Simce%20muestra%20los%20primeros%20s%C3%ADntomas%20de%20recuperaci%C3%B3n%20de%20aprendizajes%20pospandemia&#038;body=https:\/\/radiorevelacionfm.cl\/?p=40115' aria-hidden='false' data-av_icon='\ue805' data-av_iconfont='entypo-fontello' title='' data-avia-related-tooltip='Compartir por correo'><span class='avia_hidden_link_text'>Compartir por correo<\/span><\/a><\/li><\/ul><\/div><\/div>\n<div  style='height:50px' class='hr hr-invisible   avia-builder-el-8  el_after_av_social_share  el_before_av_comments_list '><span class='hr-inner ' ><span class='hr-inner-style'><\/span><\/span><\/div>\n<div  class='av-buildercomment  av-blog-meta-html-info-disabled av-blog-meta-tag-disabled  '><\/div>\n","protected":false},"excerpt":{"rendered":"","protected":false},"author":1,"featured_media":40116,"comment_status":"open","ping_status":"open","sticky":false,"template":"","format":"standard","meta":{"footnotes":""},"categories":[49],"tags":[],"class_list":["post-40115","post","type-post","status-publish","format-standard","has-post-thumbnail","hentry","category-educacion"],"jetpack_featured_media_url":"https:\/\/radiorevelacionfm.cl\/wp-content\/uploads\/2024\/03\/Resultados-Regionales-SIMCE-2023-1-1.jpg","_links":{"self":[{"href":"https:\/\/radiorevelacionfm.cl\/index.php?rest_route=\/wp\/v2\/posts\/40115","targetHints":{"allow":["GET"]}}],"collection":[{"href":"https:\/\/radiorevelacionfm.cl\/index.php?rest_route=\/wp\/v2\/posts"}],"about":[{"href":"https:\/\/radiorevelacionfm.cl\/index.php?rest_route=\/wp\/v2\/types\/post"}],"author":[{"embeddable":true,"href":"https:\/\/radiorevelacionfm.cl\/index.php?rest_route=\/wp\/v2\/users\/1"}],"replies":[{"embeddable":true,"href":"https:\/\/radiorevelacionfm.cl\/index.php?rest_route=%2Fwp%2Fv2%2Fcomments&post=40115"}],"version-history":[{"count":1,"href":"https:\/\/radiorevelacionfm.cl\/index.php?rest_route=\/wp\/v2\/posts\/40115\/revisions"}],"predecessor-version":[{"id":40117,"href":"https:\/\/radiorevelacionfm.cl\/index.php?rest_route=\/wp\/v2\/posts\/40115\/revisions\/40117"}],"wp:featuredmedia":[{"embeddable":true,"href":"https:\/\/radiorevelacionfm.cl\/index.php?rest_route=\/wp\/v2\/media\/40116"}],"wp:attachment":[{"href":"https:\/\/radiorevelacionfm.cl\/index.php?rest_route=%2Fwp%2Fv2%2Fmedia&parent=40115"}],"wp:term":[{"taxonomy":"category","embeddable":true,"href":"https:\/\/radiorevelacionfm.cl\/index.php?rest_route=%2Fwp%2Fv2%2Fcategories&post=40115"},{"taxonomy":"post_tag","embeddable":true,"href":"https:\/\/radiorevelacionfm.cl\/index.php?rest_route=%2Fwp%2Fv2%2Ftags&post=40115"}],"curies":[{"name":"wp","href":"https:\/\/api.w.org\/{rel}","templated":true}]}}