{"id":40112,"date":"2024-03-07T10:31:40","date_gmt":"2024-03-07T13:31:40","guid":{"rendered":"https:\/\/radiorevelacionfm.cl\/?p=40112"},"modified":"2024-03-07T10:31:40","modified_gmt":"2024-03-07T13:31:40","slug":"fiscalia-logra-condena-para-banda-dedicada-a-la-internacion-y-trafico-de-drogas-hacia-la-region","status":"publish","type":"post","link":"https:\/\/radiorevelacionfm.cl\/?p=40112","title":{"rendered":"Fiscal\u00eda logra condena para banda dedicada a la internaci\u00f3n y tr\u00e1fico de drogas hacia la regi\u00f3n"},"content":{"rendered":"<div class=\"flex_column av_one_full  flex_column_div av-zero-column-padding first  avia-builder-el-0  el_before_av_one_full  avia-builder-el-first  \" style='border-radius:0px; '><div  class='avia-image-container  av-styling-    avia-builder-el-1  avia-builder-el-no-sibling  avia-align-center '  itemprop=\"image\" itemscope=\"itemscope\" itemtype=\"https:\/\/schema.org\/ImageObject\"  ><div class='avia-image-container-inner'><div class='avia-image-overlay-wrap'><img decoding=\"async\" class='wp-image-40113 avia-img-lazy-loading-not-40113 avia_image' src=\"https:\/\/radiorevelacionfm.cl\/wp-content\/uploads\/2024\/03\/Fiscal-1-1-1.jpg\" alt='' title='Fiscal (1) (1) (1)' height=\"600\" width=\"941\"  itemprop=\"thumbnailUrl\" srcset=\"https:\/\/radiorevelacionfm.cl\/wp-content\/uploads\/2024\/03\/Fiscal-1-1-1.jpg 941w, https:\/\/radiorevelacionfm.cl\/wp-content\/uploads\/2024\/03\/Fiscal-1-1-1-300x191.jpg 300w, https:\/\/radiorevelacionfm.cl\/wp-content\/uploads\/2024\/03\/Fiscal-1-1-1-768x490.jpg 768w, https:\/\/radiorevelacionfm.cl\/wp-content\/uploads\/2024\/03\/Fiscal-1-1-1-705x450.jpg 705w, https:\/\/radiorevelacionfm.cl\/wp-content\/uploads\/2024\/03\/Fiscal-1-1-1-450x287.jpg 450w, https:\/\/radiorevelacionfm.cl\/wp-content\/uploads\/2024\/03\/Fiscal-1-1-1-600x383.jpg 600w\" sizes=\"(max-width: 941px) 100vw, 941px\" \/><\/div><\/div><\/div><\/div><div class=\"flex_column av_one_full  flex_column_div av-zero-column-padding first  avia-builder-el-2  el_after_av_one_full  el_before_av_one_full  column-top-margin\" style='border-radius:0px; '><section class=\"av_textblock_section \"  itemscope=\"itemscope\" itemtype=\"https:\/\/schema.org\/BlogPosting\" itemprop=\"blogPost\" ><div class='avia_textblock  '   itemprop=\"text\" ><p style=\"text-align: center;\"><span style=\"font-size: 18pt;\"><b>Fiscal\u00eda logra condena para banda dedicada a la internaci\u00f3n y tr\u00e1fico de drogas hacia la regi\u00f3n<\/b><\/span><\/p>\n<div id=\"gtx-trans\" style=\"position: absolute; left: -50px; top: 4.31534px;\">\n<div class=\"gtx-trans-icon\"><\/div>\n<\/div>\n<\/div><\/section><\/div><div class=\"flex_column av_one_full  flex_column_div av-zero-column-padding first  avia-builder-el-4  el_after_av_one_full  el_before_av_hr  column-top-margin\" style='border-radius:0px; '><section class=\"av_textblock_section \"  itemscope=\"itemscope\" itemtype=\"https:\/\/schema.org\/BlogPosting\" itemprop=\"blogPost\" ><div class='avia_textblock  '   itemprop=\"text\" ><p style=\"font-weight: 400; text-align: justify;\">Como parte de una investigaci\u00f3n coordinada por la Unidad de Drogas de la Fiscal\u00eda, con diligencias solicitadas a la Brigada Antinarc\u00f3ticos y Contra el Crimen Organizado de la PDI, el Tribunal de Juicio Oral en lo Penal de Coyhaique conden\u00f3 a una agrupaci\u00f3n dedicada a la internaci\u00f3n y tr\u00e1fico de drogas hacia la Regi\u00f3n de Ays\u00e9n. Los imputados adquir\u00edan droga en el norte del pa\u00eds, para posteriormente coordinar su env\u00edo, almacenamiento y distribuci\u00f3n al interior de la Regi\u00f3n de Ays\u00e9n.<\/p>\n<p style=\"font-weight: 400; text-align: justify;\">Tres imputados fueron sentenciados a 15, 10 y 4 a\u00f1os de c\u00e1rcel como autores del delito de tr\u00e1fico de drogas el cual fue descubierto en agosto del a\u00f1o 2022 por la Brigada Antinarc\u00f3ticos y Contra el Crimen Organizado de la PDI en Coyhaique, con diligencias y detenciones efectuadas en Coyhaique y Chile Chico.<\/p>\n<p style=\"font-weight: 400; text-align: justify;\">Seg\u00fan explic\u00f3 la fiscal Mar\u00eda In\u00e9s N\u00fa\u00f1ez, un primer imputado fue condenado a 15 a\u00f1os de c\u00e1rcel y el pago de una multa. Otros dos imputados fueron sentenciados a penas de 10 y 4 a\u00f1os de presidio, respectivamente, m\u00e1s el pago de multas, tambi\u00e9n como autores del delito de tr\u00e1fico.<\/p>\n<p style=\"font-weight: 400; text-align: justify;\">En base a las pruebas presentadas por la Fiscal\u00eda en el juicio oral, el Tribunal dio por acreditado que al menos desde abril del a\u00f1o 2022, los tres imputados, de 27, 31 y 32 a\u00f1os de edad, conformaron una agrupaci\u00f3n dedicada al tr\u00e1fico de drogas, para su posterior distribuci\u00f3n y comercializaci\u00f3n en distintos puntos de la regi\u00f3n.<\/p>\n<p style=\"font-weight: 400; text-align: justify;\">En este marco, el 2 de agosto de 2022, en horas de la tarde, dos de los acusados coordinaron el retiro de la droga que fue enviada a la regi\u00f3n al interior de una caja, la cual conten\u00eda distintos paquetes, con un peso neto total de 9 kilos 837 gramos. El alucin\u00f3geno fue retirado por un tercero contratado por los imputados para este prop\u00f3sito.<\/p>\n<p style=\"font-weight: 400; text-align: justify;\">Los involucrados fueron aprehendidos por detectives de la Brigada Antinarc\u00f3ticos de la PDI en las cercan\u00edas del lugar de retiro de la droga. Al interior del autom\u00f3vil marca Audi en que se desplazaban, se incautaron otros 19 envoltorios de cannabis sativa, con un peso de 18,23 gramos.<\/p>\n<p style=\"font-weight: 400; text-align: justify;\">Posteriormente y como parte de las diligencias investigativas de la Fiscal\u00eda y la Brigada Antinarc\u00f3ticos de la PDI, el 4 de agosto de 2022, en horas de la ma\u00f1ana, el tercer imputado fue sorprendido en una caba\u00f1a de Chile Chico, en posesi\u00f3n de 6 gramos de coca\u00edna y 11,56 gramos de marihuana, adem\u00e1s de dinero en efectivo y un tel\u00e9fono celular, todo lo cual fue desbaratado en esta nueva investigaci\u00f3n contra el crimen organizado de la Unidad de Drogas de Fiscal\u00eda en la Regi\u00f3n de Ays\u00e9n y la Brigada Antinarc\u00f3ticos de la PDI.<\/p>\n<\/div><\/section><\/div><div  style='height:50px' class='hr hr-invisible   avia-builder-el-6  el_after_av_one_full  el_before_av_social_share '><span class='hr-inner ' ><span class='hr-inner-style'><\/span><\/span><\/div><\/p>\n<div  class='av-social-sharing-box  avia-builder-el-7  el_after_av_hr  el_before_av_hr  '><div class='av-share-box'><h5 class='av-share-link-description av-no-toc '>Compartir esta noticia<\/h5><ul class='av-share-box-list noLightbox'><li class='av-share-link av-social-link-facebook' ><a target=\"_blank\" aria-label=\"Compartir en Facebook\" href='https:\/\/www.facebook.com\/sharer.php?u=https:\/\/radiorevelacionfm.cl\/?p=40112&#038;t=Fiscal%C3%ADa%20logra%20condena%20para%20banda%20dedicada%20a%20la%20internaci%C3%B3n%20y%20tr%C3%A1fico%20de%20drogas%20hacia%20la%20regi%C3%B3n' aria-hidden='false' data-av_icon='\ue8f3' data-av_iconfont='entypo-fontello' title='' data-avia-related-tooltip='Compartir en Facebook' rel=\"noopener\"><span class='avia_hidden_link_text'>Compartir en Facebook<\/span><\/a><\/li><li class='av-share-link av-social-link-twitter' ><a target=\"_blank\" aria-label=\"Compartir en Twitter\" href='https:\/\/twitter.com\/share?text=Fiscal%C3%ADa%20logra%20condena%20para%20banda%20dedicada%20a%20la%20internaci%C3%B3n%20y%20tr%C3%A1fico%20de%20drogas%20hacia%20la%20regi%C3%B3n&#038;url=https:\/\/radiorevelacionfm.cl\/?p=40112' aria-hidden='false' data-av_icon='\ue8f1' data-av_iconfont='entypo-fontello' title='' data-avia-related-tooltip='Compartir en Twitter' rel=\"noopener\"><span class='avia_hidden_link_text'>Compartir en Twitter<\/span><\/a><\/li><li class='av-share-link av-social-link-whatsapp' ><a target=\"_blank\" aria-label=\"Compartir en Whatsapp\" href='https:\/\/api.whatsapp.com\/send?text=https:\/\/radiorevelacionfm.cl\/?p=40112' aria-hidden='false' data-av_icon='\uf232' data-av_iconfont='entypo-fontello' title='' data-avia-related-tooltip='Compartir en Whatsapp' rel=\"noopener\"><span class='avia_hidden_link_text'>Compartir en Whatsapp<\/span><\/a><\/li><li class='av-share-link av-social-link-linkedin' ><a target=\"_blank\" aria-label=\"Compartir en LinkedIn\" href='https:\/\/linkedin.com\/shareArticle?mini=true&#038;title=Fiscal%C3%ADa%20logra%20condena%20para%20banda%20dedicada%20a%20la%20internaci%C3%B3n%20y%20tr%C3%A1fico%20de%20drogas%20hacia%20la%20regi%C3%B3n&#038;url=https:\/\/radiorevelacionfm.cl\/?p=40112' aria-hidden='false' data-av_icon='\ue8fc' data-av_iconfont='entypo-fontello' title='' data-avia-related-tooltip='Compartir en LinkedIn' rel=\"noopener\"><span class='avia_hidden_link_text'>Compartir en LinkedIn<\/span><\/a><\/li><li class='av-share-link av-social-link-mail' ><a  aria-label=\"Compartir por correo\" href='mailto:?subject=Fiscal%C3%ADa%20logra%20condena%20para%20banda%20dedicada%20a%20la%20internaci%C3%B3n%20y%20tr%C3%A1fico%20de%20drogas%20hacia%20la%20regi%C3%B3n&#038;body=https:\/\/radiorevelacionfm.cl\/?p=40112' aria-hidden='false' data-av_icon='\ue805' data-av_iconfont='entypo-fontello' title='' data-avia-related-tooltip='Compartir por correo'><span class='avia_hidden_link_text'>Compartir por correo<\/span><\/a><\/li><\/ul><\/div><\/div>\n<div  style='height:50px' class='hr hr-invisible   avia-builder-el-8  el_after_av_social_share  el_before_av_comments_list '><span class='hr-inner ' ><span class='hr-inner-style'><\/span><\/span><\/div>\n<div  class='av-buildercomment  av-blog-meta-html-info-disabled av-blog-meta-tag-disabled  '><\/div>\n","protected":false},"excerpt":{"rendered":"","protected":false},"author":1,"featured_media":40113,"comment_status":"open","ping_status":"open","sticky":false,"template":"","format":"standard","meta":{"footnotes":""},"categories":[55],"tags":[],"class_list":["post-40112","post","type-post","status-publish","format-standard","has-post-thumbnail","hentry","category-justicia"],"jetpack_featured_media_url":"https:\/\/radiorevelacionfm.cl\/wp-content\/uploads\/2024\/03\/Fiscal-1-1-1.jpg","_links":{"self":[{"href":"https:\/\/radiorevelacionfm.cl\/index.php?rest_route=\/wp\/v2\/posts\/40112","targetHints":{"allow":["GET"]}}],"collection":[{"href":"https:\/\/radiorevelacionfm.cl\/index.php?rest_route=\/wp\/v2\/posts"}],"about":[{"href":"https:\/\/radiorevelacionfm.cl\/index.php?rest_route=\/wp\/v2\/types\/post"}],"author":[{"embeddable":true,"href":"https:\/\/radiorevelacionfm.cl\/index.php?rest_route=\/wp\/v2\/users\/1"}],"replies":[{"embeddable":true,"href":"https:\/\/radiorevelacionfm.cl\/index.php?rest_route=%2Fwp%2Fv2%2Fcomments&post=40112"}],"version-history":[{"count":1,"href":"https:\/\/radiorevelacionfm.cl\/index.php?rest_route=\/wp\/v2\/posts\/40112\/revisions"}],"predecessor-version":[{"id":40114,"href":"https:\/\/radiorevelacionfm.cl\/index.php?rest_route=\/wp\/v2\/posts\/40112\/revisions\/40114"}],"wp:featuredmedia":[{"embeddable":true,"href":"https:\/\/radiorevelacionfm.cl\/index.php?rest_route=\/wp\/v2\/media\/40113"}],"wp:attachment":[{"href":"https:\/\/radiorevelacionfm.cl\/index.php?rest_route=%2Fwp%2Fv2%2Fmedia&parent=40112"}],"wp:term":[{"taxonomy":"category","embeddable":true,"href":"https:\/\/radiorevelacionfm.cl\/index.php?rest_route=%2Fwp%2Fv2%2Fcategories&post=40112"},{"taxonomy":"post_tag","embeddable":true,"href":"https:\/\/radiorevelacionfm.cl\/index.php?rest_route=%2Fwp%2Fv2%2Ftags&post=40112"}],"curies":[{"name":"wp","href":"https:\/\/api.w.org\/{rel}","templated":true}]}}