{"id":40109,"date":"2024-03-07T10:12:33","date_gmt":"2024-03-07T13:12:33","guid":{"rendered":"https:\/\/radiorevelacionfm.cl\/?p=40109"},"modified":"2024-03-07T10:12:33","modified_gmt":"2024-03-07T13:12:33","slug":"informan-avances-en-sistema-electrico-en-sintonia-con-programas-ambientales","status":"publish","type":"post","link":"https:\/\/radiorevelacionfm.cl\/?p=40109","title":{"rendered":"Informan avances en sistema el\u00e9ctrico en sinton\u00eda con programas ambientales"},"content":{"rendered":"<div class=\"flex_column av_one_full  flex_column_div av-zero-column-padding first  avia-builder-el-0  el_before_av_one_full  avia-builder-el-first  \" style='border-radius:0px; '><div  class='avia-image-container  av-styling-    avia-builder-el-1  avia-builder-el-no-sibling  avia-align-center '  itemprop=\"image\" itemscope=\"itemscope\" itemtype=\"https:\/\/schema.org\/ImageObject\"  ><div class='avia-image-container-inner'><div class='avia-image-overlay-wrap'><img decoding=\"async\" class='wp-image-40110 avia-img-lazy-loading-not-40110 avia_image' src=\"https:\/\/radiorevelacionfm.cl\/wp-content\/uploads\/2024\/03\/2-10-2-2.jpg\" alt='' title='2 (10) (2) (2)' height=\"600\" width=\"1067\"  itemprop=\"thumbnailUrl\" srcset=\"https:\/\/radiorevelacionfm.cl\/wp-content\/uploads\/2024\/03\/2-10-2-2.jpg 1067w, https:\/\/radiorevelacionfm.cl\/wp-content\/uploads\/2024\/03\/2-10-2-2-300x169.jpg 300w, https:\/\/radiorevelacionfm.cl\/wp-content\/uploads\/2024\/03\/2-10-2-2-1030x579.jpg 1030w, https:\/\/radiorevelacionfm.cl\/wp-content\/uploads\/2024\/03\/2-10-2-2-768x432.jpg 768w, https:\/\/radiorevelacionfm.cl\/wp-content\/uploads\/2024\/03\/2-10-2-2-705x396.jpg 705w, https:\/\/radiorevelacionfm.cl\/wp-content\/uploads\/2024\/03\/2-10-2-2-450x253.jpg 450w, https:\/\/radiorevelacionfm.cl\/wp-content\/uploads\/2024\/03\/2-10-2-2-600x337.jpg 600w\" sizes=\"(max-width: 1067px) 100vw, 1067px\" \/><\/div><\/div><\/div><\/div><div class=\"flex_column av_one_full  flex_column_div av-zero-column-padding first  avia-builder-el-2  el_after_av_one_full  el_before_av_one_full  column-top-margin\" style='border-radius:0px; '><section class=\"av_textblock_section \"  itemscope=\"itemscope\" itemtype=\"https:\/\/schema.org\/BlogPosting\" itemprop=\"blogPost\" ><div class='avia_textblock  '   itemprop=\"text\" ><p style=\"text-align: center;\"><strong><span style=\"font-size: 18pt;\">Informan avances en sistema el\u00e9ctrico en sinton\u00eda con programas ambientales<\/span><\/strong><\/p>\n<div id=\"gtx-trans\" style=\"position: absolute; left: -50px; top: 4.31534px;\">\n<div class=\"gtx-trans-icon\"><\/div>\n<\/div>\n<\/div><\/section><\/div><div class=\"flex_column av_one_full  flex_column_div av-zero-column-padding first  avia-builder-el-4  el_after_av_one_full  el_before_av_hr  column-top-margin\" style='border-radius:0px; '><section class=\"av_textblock_section \"  itemscope=\"itemscope\" itemtype=\"https:\/\/schema.org\/BlogPosting\" itemprop=\"blogPost\" ><div class='avia_textblock  '   itemprop=\"text\" ><p style=\"text-align: justify;\">Con el fin de conocer los avances de la red el\u00e9ctrica en la regi\u00f3n de Ays\u00e9n, en preparaci\u00f3n a la temporada de invierno y en el marco de la reapertura del programa de recambio de calefactores, los Seremis de Medio Ambiente y Energ\u00eda, junto al Director de la Superintendencia de Electricidad y Combustibles SEC, se reunieron con el Gerente Zonal de la empresa el\u00e9ctrica Edelaysen, y en forma telem\u00e1tica con ejecutivos del Grupo Saesa. En la reuni\u00f3n se expuso el diagn\u00f3stico del estado de la red, medidas a corto y largo plazo, y se anunciaron avances en beneficio de las familias de la regi\u00f3n de Ays\u00e9n.<\/p>\n<p style=\"text-align: justify;\">\u201cTuvimos la oportunidad de estar con el Seremi de Energ\u00eda y tambi\u00e9n con Edelays\u00e9n para poder conocer el estado del sistema el\u00e9ctrico en nuestra regi\u00f3n y particularmente saber y ver cu\u00e1l es la proyecci\u00f3n que existe\u201d, explic\u00f3 el Seremi de Medio Ambiente, Yoal D\u00edaz, aludiendo al proceso de recambio de calefactores, hoy con tres llamados a postulaci\u00f3n vigentes, y que requiere del insumo el\u00e9ctrico para funcionar.<\/p>\n<p style=\"text-align: justify;\"><u>Respaldo el\u00e9ctrico para el recambio de calefactores<\/u><\/p>\n<p style=\"text-align: justify;\">Durante la reuni\u00f3n, desde la empresa, informaron que la tarifa EcoAyre, gestionada a trav\u00e9s de la mesa de descontaminaci\u00f3n y que ya cuenta con 883 usuarios en las ciudades de Coyhaique y Puerto Ays\u00e9n, estar\u00e1 tambi\u00e9n disponible en 2024 para quienes opten por la calefacci\u00f3n el\u00e9ctrica, considerando una tarifa diferenciada de alrededor de $152 kWh (con IVA). Adem\u00e1s, esta tarifa est\u00e1 indexada a variables diferentes al resto de las tarifas reguladas en el pa\u00eds, lo que la har\u00e1 m\u00e1s estable en caso que existan alzas en las tarifas en general.<\/p>\n<p style=\"text-align: justify;\">\u201cEcoAyre fue uno de los compromisos que trabajamos, no solo con reducir las horas de interrupciones, sino que adem\u00e1s disponer de una tarifa que fuera conveniente. Tarifa EcoAyre es una tarifa a la que cualquier persona, en las zonas urbanas de Coyhaique y Puerto Ays\u00e9n puede acceder, puede venir a nuestra oficina y solicitar la factibilidad y est\u00e1 disponible. No tiene l\u00edmite de invierno, no tiene cargo fijo, pero s\u00ed est\u00e1 sujeta a un medidor inteligente y una boleta digital\u201d, detall\u00f3 el Gerente Zonal de Edelaysen, Leonardo Mor\u00e1n, agregando que la construcci\u00f3n del empalme necesario para este tipo de climatizaci\u00f3n corre a costo de Edelays\u00e9n. As\u00ed tambi\u00e9n record\u00f3 que la tarifa no solo considera climatizaci\u00f3n, sino que permite conectar, adem\u00e1s, agua caliente sanitaria y electro movilidad.<\/p>\n<p style=\"text-align: justify;\"><u>Avances en la red de suministro<\/u><\/p>\n<p style=\"text-align: justify;\">\u201cEstamos muy contentos y confiados de que lo que se est\u00e1 llevando adelante como trabajo, tanto desde la empresa como tambi\u00e9n de la Seremi Energ\u00eda, va en directa relaci\u00f3n con el objetivo del Ministerio del Medio Ambiente para avanzar en calefacci\u00f3n sustentable, y que eso nos permite tambi\u00e9n dar se\u00f1ales claras a la ciudadan\u00eda, que tenga confianza en que estos procesos que estamos llevando adelante permiten avanzar en mayor confort en la ciudad, en las casas de cada uno y cada una\u201d, valor\u00f3 el Seremi del Medio Ambiente.<\/p>\n<p style=\"text-align: justify;\">Por su parte el Seremi de Energ\u00eda, Carlos D\u00edaz, se sum\u00f3 a las buenas noticias destacando \u201ccomo Gobierno tenemos la motivaci\u00f3n, estamos trabajando desde hace dos a\u00f1os en temas de descontaminaci\u00f3n, en temas de descarbonizaci\u00f3n, de seguridad, de suministro, y estamos haciendo un proyecto de ley que, de hecho, acabamos de presentar como ministerio de Energ\u00eda y que busca precisamente mejorar la calidad de suministro reconociendo inversiones en los sistemas medianos\u201d.<\/p>\n<p style=\"text-align: justify;\">Seg\u00fan indic\u00f3 la autoridad, el proyecto corresponder\u00eda espec\u00edficamente a los sistemas medianos, como los de Ays\u00e9n, Palena y General Carrera, ajustando las tarifas a la baja para adem\u00e1s descontaminar \u201cestamos s\u00faper contentos de que la empresa el\u00e9ctrica est\u00e1 en l\u00ednea con esto y hoy nos presentaron un plan de inversiones hasta el 2028 de m\u00e1s de 60 mil millones de pesos para este sistema (\u2026) lo que nos va a ayudar a ir reduciendo el consumo de di\u00e9sel y a tener una mejor calidad de suministro con temas bien innovadores como bancos de bater\u00edas para estabilizar, tambi\u00e9n la generaci\u00f3n renovable y no tener que botar esa energ\u00eda como pasa en otros sistemas. Ac\u00e1 la idea es ir previniendo eso y tener un sistema que opere \u00f3ptimamente\u201d.<\/p>\n<p style=\"text-align: justify;\">Finalmente el gerente de Edelaysen destac\u00f3 el trabajo y planificaci\u00f3n que se est\u00e1 llevando a cabo durante 2024 para a trav\u00e9s del mantenimiento e inversiones, reducir las horas sin suministro y reducir la frecuencia de cortes, pero especialmente el plan estructural, de mediano y largo plazo \u201ces un plan que va a permitir tener una red mucho m\u00e1s resiliente ante contingencias, como a veces tenemos contingencias en invierno por la nieve, por el viento, por la ca\u00edda de \u00e1rboles o de fuerza mayor, como por ejemplo un poste chocado; son diagn\u00f3sticos e inversiones que ya est\u00e1n determinadas, aprobadas y que van a permitir tener una red que va a poder responder de manera mucho m\u00e1s r\u00e1pida en el corto plazo ante un corte de suministro. Eso es refrendar nuestro compromiso con la descontaminaci\u00f3n y con la calidad de vida de nuestra zona de operaci\u00f3n\u201d, concluy\u00f3 Mor\u00e1n.<\/p>\n<\/div><\/section><\/div><div  style='height:50px' class='hr hr-invisible   avia-builder-el-6  el_after_av_one_full  el_before_av_social_share '><span class='hr-inner ' ><span class='hr-inner-style'><\/span><\/span><\/div><\/p>\n<div  class='av-social-sharing-box  avia-builder-el-7  el_after_av_hr  el_before_av_hr  '><div class='av-share-box'><h5 class='av-share-link-description av-no-toc '>Compartir esta noticia<\/h5><ul class='av-share-box-list noLightbox'><li class='av-share-link av-social-link-facebook' ><a target=\"_blank\" aria-label=\"Compartir en Facebook\" href='https:\/\/www.facebook.com\/sharer.php?u=https:\/\/radiorevelacionfm.cl\/?p=40109&#038;t=Informan%20avances%20en%20sistema%20el%C3%A9ctrico%20en%20sinton%C3%ADa%20con%20programas%20ambientales' aria-hidden='false' data-av_icon='\ue8f3' data-av_iconfont='entypo-fontello' title='' data-avia-related-tooltip='Compartir en Facebook' rel=\"noopener\"><span class='avia_hidden_link_text'>Compartir en Facebook<\/span><\/a><\/li><li class='av-share-link av-social-link-twitter' ><a target=\"_blank\" aria-label=\"Compartir en Twitter\" href='https:\/\/twitter.com\/share?text=Informan%20avances%20en%20sistema%20el%C3%A9ctrico%20en%20sinton%C3%ADa%20con%20programas%20ambientales&#038;url=https:\/\/radiorevelacionfm.cl\/?p=40109' aria-hidden='false' data-av_icon='\ue8f1' data-av_iconfont='entypo-fontello' title='' data-avia-related-tooltip='Compartir en Twitter' rel=\"noopener\"><span class='avia_hidden_link_text'>Compartir en Twitter<\/span><\/a><\/li><li class='av-share-link av-social-link-whatsapp' ><a target=\"_blank\" aria-label=\"Compartir en Whatsapp\" href='https:\/\/api.whatsapp.com\/send?text=https:\/\/radiorevelacionfm.cl\/?p=40109' aria-hidden='false' data-av_icon='\uf232' data-av_iconfont='entypo-fontello' title='' data-avia-related-tooltip='Compartir en Whatsapp' rel=\"noopener\"><span class='avia_hidden_link_text'>Compartir en Whatsapp<\/span><\/a><\/li><li class='av-share-link av-social-link-linkedin' ><a target=\"_blank\" aria-label=\"Compartir en LinkedIn\" href='https:\/\/linkedin.com\/shareArticle?mini=true&#038;title=Informan%20avances%20en%20sistema%20el%C3%A9ctrico%20en%20sinton%C3%ADa%20con%20programas%20ambientales&#038;url=https:\/\/radiorevelacionfm.cl\/?p=40109' aria-hidden='false' data-av_icon='\ue8fc' data-av_iconfont='entypo-fontello' title='' data-avia-related-tooltip='Compartir en LinkedIn' rel=\"noopener\"><span class='avia_hidden_link_text'>Compartir en LinkedIn<\/span><\/a><\/li><li class='av-share-link av-social-link-mail' ><a  aria-label=\"Compartir por correo\" href='mailto:?subject=Informan%20avances%20en%20sistema%20el%C3%A9ctrico%20en%20sinton%C3%ADa%20con%20programas%20ambientales&#038;body=https:\/\/radiorevelacionfm.cl\/?p=40109' aria-hidden='false' data-av_icon='\ue805' data-av_iconfont='entypo-fontello' title='' data-avia-related-tooltip='Compartir por correo'><span class='avia_hidden_link_text'>Compartir por correo<\/span><\/a><\/li><\/ul><\/div><\/div>\n<div  style='height:50px' class='hr hr-invisible   avia-builder-el-8  el_after_av_social_share  el_before_av_comments_list '><span class='hr-inner ' ><span class='hr-inner-style'><\/span><\/span><\/div>\n<div  class='av-buildercomment  av-blog-meta-html-info-disabled av-blog-meta-tag-disabled  '><\/div>\n","protected":false},"excerpt":{"rendered":"","protected":false},"author":1,"featured_media":40110,"comment_status":"open","ping_status":"open","sticky":false,"template":"","format":"standard","meta":{"footnotes":""},"categories":[39],"tags":[],"class_list":["post-40109","post","type-post","status-publish","format-standard","has-post-thumbnail","hentry","category-medio-ambiente"],"jetpack_featured_media_url":"https:\/\/radiorevelacionfm.cl\/wp-content\/uploads\/2024\/03\/2-10-2-2.jpg","_links":{"self":[{"href":"https:\/\/radiorevelacionfm.cl\/index.php?rest_route=\/wp\/v2\/posts\/40109","targetHints":{"allow":["GET"]}}],"collection":[{"href":"https:\/\/radiorevelacionfm.cl\/index.php?rest_route=\/wp\/v2\/posts"}],"about":[{"href":"https:\/\/radiorevelacionfm.cl\/index.php?rest_route=\/wp\/v2\/types\/post"}],"author":[{"embeddable":true,"href":"https:\/\/radiorevelacionfm.cl\/index.php?rest_route=\/wp\/v2\/users\/1"}],"replies":[{"embeddable":true,"href":"https:\/\/radiorevelacionfm.cl\/index.php?rest_route=%2Fwp%2Fv2%2Fcomments&post=40109"}],"version-history":[{"count":1,"href":"https:\/\/radiorevelacionfm.cl\/index.php?rest_route=\/wp\/v2\/posts\/40109\/revisions"}],"predecessor-version":[{"id":40111,"href":"https:\/\/radiorevelacionfm.cl\/index.php?rest_route=\/wp\/v2\/posts\/40109\/revisions\/40111"}],"wp:featuredmedia":[{"embeddable":true,"href":"https:\/\/radiorevelacionfm.cl\/index.php?rest_route=\/wp\/v2\/media\/40110"}],"wp:attachment":[{"href":"https:\/\/radiorevelacionfm.cl\/index.php?rest_route=%2Fwp%2Fv2%2Fmedia&parent=40109"}],"wp:term":[{"taxonomy":"category","embeddable":true,"href":"https:\/\/radiorevelacionfm.cl\/index.php?rest_route=%2Fwp%2Fv2%2Fcategories&post=40109"},{"taxonomy":"post_tag","embeddable":true,"href":"https:\/\/radiorevelacionfm.cl\/index.php?rest_route=%2Fwp%2Fv2%2Ftags&post=40109"}],"curies":[{"name":"wp","href":"https:\/\/api.w.org\/{rel}","templated":true}]}}