{"id":40100,"date":"2024-03-06T20:31:38","date_gmt":"2024-03-06T23:31:38","guid":{"rendered":"https:\/\/radiorevelacionfm.cl\/?p=40100"},"modified":"2024-03-06T20:31:38","modified_gmt":"2024-03-06T23:31:38","slug":"comunidad-de-puerto-guadal-visito-anhelada-obra-de-nueva-posta-de-salud","status":"publish","type":"post","link":"https:\/\/radiorevelacionfm.cl\/?p=40100","title":{"rendered":"Comunidad de Puerto Guadal visit\u00f3 anhelada obra de nueva Posta de Salud"},"content":{"rendered":"<div class=\"flex_column av_one_full  flex_column_div av-zero-column-padding first  avia-builder-el-0  el_before_av_one_full  avia-builder-el-first  \" style='border-radius:0px; '><div  class='avia-image-container  av-styling-    avia-builder-el-1  avia-builder-el-no-sibling  avia-align-center '  itemprop=\"image\" itemscope=\"itemscope\" itemtype=\"https:\/\/schema.org\/ImageObject\"  ><div class='avia-image-container-inner'><div class='avia-image-overlay-wrap'><img decoding=\"async\" class='wp-image-40101 avia-img-lazy-loading-not-40101 avia_image' src=\"https:\/\/radiorevelacionfm.cl\/wp-content\/uploads\/2024\/03\/puerto-guadal-3-1_optimized.jpeg\" alt='' title='puerto-guadal-3-(1)_optimized' height=\"600\" width=\"800\"  itemprop=\"thumbnailUrl\" srcset=\"https:\/\/radiorevelacionfm.cl\/wp-content\/uploads\/2024\/03\/puerto-guadal-3-1_optimized.jpeg 800w, https:\/\/radiorevelacionfm.cl\/wp-content\/uploads\/2024\/03\/puerto-guadal-3-1_optimized-300x225.jpeg 300w, https:\/\/radiorevelacionfm.cl\/wp-content\/uploads\/2024\/03\/puerto-guadal-3-1_optimized-768x576.jpeg 768w, https:\/\/radiorevelacionfm.cl\/wp-content\/uploads\/2024\/03\/puerto-guadal-3-1_optimized-705x529.jpeg 705w, https:\/\/radiorevelacionfm.cl\/wp-content\/uploads\/2024\/03\/puerto-guadal-3-1_optimized-450x338.jpeg 450w, https:\/\/radiorevelacionfm.cl\/wp-content\/uploads\/2024\/03\/puerto-guadal-3-1_optimized-600x450.jpeg 600w\" sizes=\"(max-width: 800px) 100vw, 800px\" \/><\/div><\/div><\/div><\/div><div class=\"flex_column av_one_full  flex_column_div av-zero-column-padding first  avia-builder-el-2  el_after_av_one_full  el_before_av_one_full  column-top-margin\" style='border-radius:0px; '><section class=\"av_textblock_section \"  itemscope=\"itemscope\" itemtype=\"https:\/\/schema.org\/BlogPosting\" itemprop=\"blogPost\" ><div class='avia_textblock  '   itemprop=\"text\" ><p style=\"text-align: center;\"><strong><span style=\"font-size: 18pt;\">Comunidad de Puerto Guadal visit\u00f3 anhelada obra de nueva Posta de Salud<\/span><\/strong><\/p>\n<div id=\"gtx-trans\" style=\"position: absolute; left: -50px; top: 4.31534px;\">\n<div class=\"gtx-trans-icon\"><\/div>\n<\/div>\n<\/div><\/section><\/div><div class=\"flex_column av_one_full  flex_column_div av-zero-column-padding first  avia-builder-el-4  el_after_av_one_full  el_before_av_hr  column-top-margin\" style='border-radius:0px; '><section class=\"av_textblock_section \"  itemscope=\"itemscope\" itemtype=\"https:\/\/schema.org\/BlogPosting\" itemprop=\"blogPost\" ><div class='avia_textblock  '   itemprop=\"text\" ><p class=\"v1MsoNormal\" style=\"text-align: justify;\"><span lang=\"ES-MX\">Emocionados y felices, vecinas y vecinos de la localidad de Puerto Guadal visitaron la obra de Reposici\u00f3n de la Posta de Salud Rural, recinto en donde muy prontamente se brindar\u00e1 atenciones m\u00e1s dignas y accesibles a m\u00e1s de 500 personas usuarias de la \u00abPerla del Lago\u00bb.<\/span><\/p>\n<p class=\"v1MsoNormal\" style=\"text-align: justify;\"><span lang=\"ES-MX\">El recorrido estuvo encabezado por la\u00a0<\/span>Inspectora T\u00e9cnica de Obra\u00a0(ITO) del Servicio de Salud, Soledad Almonacid Almonacid, quien se encarg\u00f3 de presentar y explicar el avance de los trabajos realizados hasta el momento.<\/p>\n<p class=\"v1MsoNormal\" style=\"text-align: justify;\"><span lang=\"ES-MX\">\u00abSe est\u00e1 viendo el \u00e1pice de un sue\u00f1o cumplido. Muy bonita, los espacios, la iluminaci\u00f3n y todo lo que se puede apreciar; aunque faltan peque\u00f1os detalles naturalmente, es una posta digna para Puerto Guadal\u00bb, expres\u00f3 Laura Veroiza Henr\u00edquez, presidenta del CODELO de la Posta de Puerto Guadal.<\/span><\/p>\n<p class=\"v1MsoNormal\" style=\"text-align: justify;\"><span lang=\"ES-MX\">El nuevo establecimiento de salud tiene una superficie de 429,8 m\u00b2, distribuidos en box dental, dos multiprop\u00f3sitos, procedimientos, esterilizaci\u00f3n, gineco \u2013 obstetricia, sala de espera y educaci\u00f3n grupal, una vivienda, entre otros espacios.<\/span><\/p>\n<p class=\"v1MsoNormal\" style=\"text-align: justify;\"><span lang=\"ES-MX\">\u00abBonita, bien elegante y presentable como nos merecemos nosotros en Puerto Guadal. Es bien importante tener la nueva posta porque as\u00ed no tenemos que viajar tanto a Chile Chico para hacernos ex\u00e1menes, creo que puede ser m\u00e1s f\u00e1cil ac\u00e1\u00bb, manifest\u00f3 Mar\u00eda Hilda Almonacid Villarroel, vecina de Puerto Guadal.<\/span><\/p>\n<p class=\"v1MsoNormal\" style=\"text-align: justify;\"><span lang=\"ES-MX\">La obra alcanza un 85% de ejecuci\u00f3n y llevar\u00e1 como nombre \u00ab<\/span>Bernardita Z\u00fa\u00f1iga Vargas\u00bb, gracias a un proceso de participaci\u00f3n de la comunidad de Puerto Guadal, representada por el Consejo Consultivo.<\/p>\n<p class=\"v1MsoNormal\" style=\"text-align: justify;\"><span lang=\"ES-MX\">\u00abEstamos muy contentos porque realmente necesit\u00e1bamos una posta m\u00e1s bonita, porque la actual est\u00e1 media antigua. Si bien ha tenido dos meses de retraso, no importa porque va a quedar muy bien\u00bb, coment\u00f3 Marisol Gonz\u00e1lez, integrante de la Junta de Vecinos N\u00b0 8 de Puerto Guadal\u00bb.<\/span><\/p>\n<p class=\"v1MsoNormal\" style=\"text-align: justify;\"><span lang=\"ES-MX\">Actualmente, los trabajos realizados en la obra se est\u00e1n realizando con normalidad, el proyecto se encuentra en etapa de terminaciones, instalaci\u00f3n de artefactos sanitarios, muebler\u00eda, exteriores, y alcantarillado.<\/span><\/p>\n<p class=\"v1MsoNormal\" style=\"text-align: justify;\"><span lang=\"ES-MX\">\u00abContentos porque hicimos la visita guiada al nuevo recinto de la posta, solicitada por la misma comunidad. Las vecinas y vecinos est\u00e1n emocionados por conocer las nuevas instalaciones aqu\u00ed en Puerto Guadal\u00bb, acot\u00f3 Hern\u00e1n Barrientos, en representaci\u00f3n del director del SSA.\u00a0<\/span><\/p>\n<\/div><\/section><\/div><div  style='height:50px' class='hr hr-invisible   avia-builder-el-6  el_after_av_one_full  el_before_av_social_share '><span class='hr-inner ' ><span class='hr-inner-style'><\/span><\/span><\/div><\/p>\n<div  class='av-social-sharing-box  avia-builder-el-7  el_after_av_hr  el_before_av_hr  '><div class='av-share-box'><h5 class='av-share-link-description av-no-toc '>Compartir esta noticia<\/h5><ul class='av-share-box-list noLightbox'><li class='av-share-link av-social-link-facebook' ><a target=\"_blank\" aria-label=\"Compartir en Facebook\" href='https:\/\/www.facebook.com\/sharer.php?u=https:\/\/radiorevelacionfm.cl\/?p=40100&#038;t=Comunidad%20de%20Puerto%20Guadal%20visit%C3%B3%20anhelada%20obra%20de%20nueva%20Posta%20de%20Salud' aria-hidden='false' data-av_icon='\ue8f3' data-av_iconfont='entypo-fontello' title='' data-avia-related-tooltip='Compartir en Facebook' rel=\"noopener\"><span class='avia_hidden_link_text'>Compartir en Facebook<\/span><\/a><\/li><li class='av-share-link av-social-link-twitter' ><a target=\"_blank\" aria-label=\"Compartir en Twitter\" href='https:\/\/twitter.com\/share?text=Comunidad%20de%20Puerto%20Guadal%20visit%C3%B3%20anhelada%20obra%20de%20nueva%20Posta%20de%20Salud&#038;url=https:\/\/radiorevelacionfm.cl\/?p=40100' aria-hidden='false' data-av_icon='\ue8f1' data-av_iconfont='entypo-fontello' title='' data-avia-related-tooltip='Compartir en Twitter' rel=\"noopener\"><span class='avia_hidden_link_text'>Compartir en Twitter<\/span><\/a><\/li><li class='av-share-link av-social-link-whatsapp' ><a target=\"_blank\" aria-label=\"Compartir en Whatsapp\" href='https:\/\/api.whatsapp.com\/send?text=https:\/\/radiorevelacionfm.cl\/?p=40100' aria-hidden='false' data-av_icon='\uf232' data-av_iconfont='entypo-fontello' title='' data-avia-related-tooltip='Compartir en Whatsapp' rel=\"noopener\"><span class='avia_hidden_link_text'>Compartir en Whatsapp<\/span><\/a><\/li><li class='av-share-link av-social-link-linkedin' ><a target=\"_blank\" aria-label=\"Compartir en LinkedIn\" href='https:\/\/linkedin.com\/shareArticle?mini=true&#038;title=Comunidad%20de%20Puerto%20Guadal%20visit%C3%B3%20anhelada%20obra%20de%20nueva%20Posta%20de%20Salud&#038;url=https:\/\/radiorevelacionfm.cl\/?p=40100' aria-hidden='false' data-av_icon='\ue8fc' data-av_iconfont='entypo-fontello' title='' data-avia-related-tooltip='Compartir en LinkedIn' rel=\"noopener\"><span class='avia_hidden_link_text'>Compartir en LinkedIn<\/span><\/a><\/li><li class='av-share-link av-social-link-mail' ><a  aria-label=\"Compartir por correo\" href='mailto:?subject=Comunidad%20de%20Puerto%20Guadal%20visit%C3%B3%20anhelada%20obra%20de%20nueva%20Posta%20de%20Salud&#038;body=https:\/\/radiorevelacionfm.cl\/?p=40100' aria-hidden='false' data-av_icon='\ue805' data-av_iconfont='entypo-fontello' title='' data-avia-related-tooltip='Compartir por correo'><span class='avia_hidden_link_text'>Compartir por correo<\/span><\/a><\/li><\/ul><\/div><\/div>\n<div  style='height:50px' class='hr hr-invisible   avia-builder-el-8  el_after_av_social_share  el_before_av_comments_list '><span class='hr-inner ' ><span class='hr-inner-style'><\/span><\/span><\/div>\n<div  class='av-buildercomment  av-blog-meta-html-info-disabled av-blog-meta-tag-disabled  '><\/div>\n","protected":false},"excerpt":{"rendered":"","protected":false},"author":1,"featured_media":40101,"comment_status":"open","ping_status":"open","sticky":false,"template":"","format":"standard","meta":{"footnotes":""},"categories":[46],"tags":[],"class_list":["post-40100","post","type-post","status-publish","format-standard","has-post-thumbnail","hentry","category-salud"],"jetpack_featured_media_url":"https:\/\/radiorevelacionfm.cl\/wp-content\/uploads\/2024\/03\/puerto-guadal-3-1_optimized.jpeg","_links":{"self":[{"href":"https:\/\/radiorevelacionfm.cl\/index.php?rest_route=\/wp\/v2\/posts\/40100","targetHints":{"allow":["GET"]}}],"collection":[{"href":"https:\/\/radiorevelacionfm.cl\/index.php?rest_route=\/wp\/v2\/posts"}],"about":[{"href":"https:\/\/radiorevelacionfm.cl\/index.php?rest_route=\/wp\/v2\/types\/post"}],"author":[{"embeddable":true,"href":"https:\/\/radiorevelacionfm.cl\/index.php?rest_route=\/wp\/v2\/users\/1"}],"replies":[{"embeddable":true,"href":"https:\/\/radiorevelacionfm.cl\/index.php?rest_route=%2Fwp%2Fv2%2Fcomments&post=40100"}],"version-history":[{"count":1,"href":"https:\/\/radiorevelacionfm.cl\/index.php?rest_route=\/wp\/v2\/posts\/40100\/revisions"}],"predecessor-version":[{"id":40102,"href":"https:\/\/radiorevelacionfm.cl\/index.php?rest_route=\/wp\/v2\/posts\/40100\/revisions\/40102"}],"wp:featuredmedia":[{"embeddable":true,"href":"https:\/\/radiorevelacionfm.cl\/index.php?rest_route=\/wp\/v2\/media\/40101"}],"wp:attachment":[{"href":"https:\/\/radiorevelacionfm.cl\/index.php?rest_route=%2Fwp%2Fv2%2Fmedia&parent=40100"}],"wp:term":[{"taxonomy":"category","embeddable":true,"href":"https:\/\/radiorevelacionfm.cl\/index.php?rest_route=%2Fwp%2Fv2%2Fcategories&post=40100"},{"taxonomy":"post_tag","embeddable":true,"href":"https:\/\/radiorevelacionfm.cl\/index.php?rest_route=%2Fwp%2Fv2%2Ftags&post=40100"}],"curies":[{"name":"wp","href":"https:\/\/api.w.org\/{rel}","templated":true}]}}