{"id":40097,"date":"2024-03-07T10:07:18","date_gmt":"2024-03-07T13:07:18","guid":{"rendered":"https:\/\/radiorevelacionfm.cl\/?p=40097"},"modified":"2024-03-07T10:07:18","modified_gmt":"2024-03-07T13:07:18","slug":"fiscalia-regional-de-aysen-organiza-una-nueva-version-de-las-tradicionales-jornadas-patagonicas-de-derecho-penal","status":"publish","type":"post","link":"https:\/\/radiorevelacionfm.cl\/?p=40097","title":{"rendered":"Fiscal\u00eda Regional de Ays\u00e9n organiza una nueva versi\u00f3n de las tradicionales Jornadas Patag\u00f3nicas de Derecho Penal"},"content":{"rendered":"<div class=\"flex_column av_one_full  flex_column_div av-zero-column-padding first  avia-builder-el-0  el_before_av_one_full  avia-builder-el-first  \" style='border-radius:0px; '><div  class='avia-image-container  av-styling-    avia-builder-el-1  avia-builder-el-no-sibling  avia-align-center '  itemprop=\"image\" itemscope=\"itemscope\" itemtype=\"https:\/\/schema.org\/ImageObject\"  ><div class='avia-image-container-inner'><div class='avia-image-overlay-wrap'><img decoding=\"async\" class='wp-image-40098 avia-img-lazy-loading-not-40098 avia_image' src=\"https:\/\/radiorevelacionfm.cl\/wp-content\/uploads\/2024\/03\/Afiche_XVII_Jornadas-1-1.jpg\" alt='' title='Afiche_XVII_Jornadas (1) (1)' height=\"998\" width=\"771\"  itemprop=\"thumbnailUrl\" srcset=\"https:\/\/radiorevelacionfm.cl\/wp-content\/uploads\/2024\/03\/Afiche_XVII_Jornadas-1-1.jpg 771w, https:\/\/radiorevelacionfm.cl\/wp-content\/uploads\/2024\/03\/Afiche_XVII_Jornadas-1-1-232x300.jpg 232w, https:\/\/radiorevelacionfm.cl\/wp-content\/uploads\/2024\/03\/Afiche_XVII_Jornadas-1-1-768x994.jpg 768w, https:\/\/radiorevelacionfm.cl\/wp-content\/uploads\/2024\/03\/Afiche_XVII_Jornadas-1-1-545x705.jpg 545w, https:\/\/radiorevelacionfm.cl\/wp-content\/uploads\/2024\/03\/Afiche_XVII_Jornadas-1-1-450x582.jpg 450w, https:\/\/radiorevelacionfm.cl\/wp-content\/uploads\/2024\/03\/Afiche_XVII_Jornadas-1-1-600x777.jpg 600w\" sizes=\"(max-width: 771px) 100vw, 771px\" \/><\/div><\/div><\/div><\/div><div class=\"flex_column av_one_full  flex_column_div av-zero-column-padding first  avia-builder-el-2  el_after_av_one_full  el_before_av_one_full  column-top-margin\" style='border-radius:0px; '><section class=\"av_textblock_section \"  itemscope=\"itemscope\" itemtype=\"https:\/\/schema.org\/BlogPosting\" itemprop=\"blogPost\" ><div class='avia_textblock  '   itemprop=\"text\" ><p style=\"text-align: center;\"><span style=\"font-size: 18pt;\"><b>Fiscal\u00eda Regional de Ays\u00e9n organiza una nueva versi\u00f3n de las tradicionales Jornadas Patag\u00f3nicas de Derecho Penal<\/b><\/span><\/p>\n<div id=\"gtx-trans\" style=\"position: absolute; left: -50px; top: 4.31534px;\">\n<div class=\"gtx-trans-icon\"><\/div>\n<\/div>\n<\/div><\/section><\/div><div class=\"flex_column av_one_full  flex_column_div av-zero-column-padding first  avia-builder-el-4  el_after_av_one_full  el_before_av_hr  column-top-margin\" style='border-radius:0px; '><section class=\"av_textblock_section \"  itemscope=\"itemscope\" itemtype=\"https:\/\/schema.org\/BlogPosting\" itemprop=\"blogPost\" ><div class='avia_textblock  '   itemprop=\"text\" ><p style=\"font-weight: 400; text-align: justify;\">Abogados y profesionales de diversas regiones del pa\u00eds y el extranjero, asistir\u00e1n a este evento de renombre internacional, el cual estar\u00e1 enfocado -en esta ocasi\u00f3n- en el crimen organizado.<\/p>\n<p style=\"font-weight: 400; text-align: justify;\">Como parte de su permanente inter\u00e9s por expandir el conocimiento, la Fiscal\u00eda Regional de Ays\u00e9n se encuentra organizando la d\u00e9cimo s\u00e9ptima versi\u00f3n de las Jornadas Patag\u00f3nicas de Derecho Penal Contempor\u00e1neo, evento de renombre nacional e internacional el cual est\u00e1 programado para el martes 26 en la tarde y el mi\u00e9rcoles 27 de marzo de 2024, en el auditorio del Ej\u00e9rcito en Coyhaique.<\/p>\n<p style=\"font-weight: 400; text-align: justify;\">Seg\u00fan explic\u00f3 el Fiscal Regional de Ays\u00e9n, Carlos Palma Guerra, en esta versi\u00f3n de las Jornadas Patag\u00f3nicas, expondr\u00e1 el Dr. Francesco Vigan\u00f2, Juez de la Corte Constitucional de Italia; Dr. Juan Pablo Ma\u00f1alich Raffo, Profesor Universidad de Chile; Dra. Tatiana Vargas Pinto, Profesora Universidad de Los Andes; Dra. Laura Mayer Lux, Profesora Pontificia Universidad Cat\u00f3lica de Valpara\u00edso; Dr. Manlio Calder\u00f3n Palencia, Profesor de la Universidad de La Costa, Colombia y el Dr. Ignacio Castillo Val, de la Universidad de Mil\u00e1n, quienes abordar\u00e1n los aspectos dogm\u00e1ticos del crimen organizado.<\/p>\n<p style=\"font-weight: 400; text-align: justify;\">A esta actividad de extensi\u00f3n acad\u00e9mica, organizada por el Ministerio P\u00fablico en la Regi\u00f3n de Ays\u00e9n, asistir\u00e1n abogadas, abogados y profesionales ligados al sistema de justicia penal de diversas regiones de Chile e incluso de otros pa\u00edses.<\/p>\n<p style=\"font-weight: 400; text-align: justify;\">Las personas interesadas en participar en las XVII Jornadas Patag\u00f3nicas de Derecho Penal Contempor\u00e1neo, pueden escribir al correo\u00a0<a href=\"mailto:fnunez@minpublico.cl\">fnunez@minpublico.cl<\/a>\u00a0para obtener el link de registro.<\/p>\n<\/div><\/section><\/div><div  style='height:50px' class='hr hr-invisible   avia-builder-el-6  el_after_av_one_full  el_before_av_social_share '><span class='hr-inner ' ><span class='hr-inner-style'><\/span><\/span><\/div><\/p>\n<div  class='av-social-sharing-box  avia-builder-el-7  el_after_av_hr  el_before_av_hr  '><div class='av-share-box'><h5 class='av-share-link-description av-no-toc '>Compartir esta noticia<\/h5><ul class='av-share-box-list noLightbox'><li class='av-share-link av-social-link-facebook' ><a target=\"_blank\" aria-label=\"Compartir en Facebook\" href='https:\/\/www.facebook.com\/sharer.php?u=https:\/\/radiorevelacionfm.cl\/?p=40097&#038;t=Fiscal%C3%ADa%20Regional%20de%20Ays%C3%A9n%20organiza%20una%20nueva%20versi%C3%B3n%20de%20las%20tradicionales%20Jornadas%20Patag%C3%B3nicas%20de%20Derecho%20Penal' aria-hidden='false' data-av_icon='\ue8f3' data-av_iconfont='entypo-fontello' title='' data-avia-related-tooltip='Compartir en Facebook' rel=\"noopener\"><span class='avia_hidden_link_text'>Compartir en Facebook<\/span><\/a><\/li><li class='av-share-link av-social-link-twitter' ><a target=\"_blank\" aria-label=\"Compartir en Twitter\" href='https:\/\/twitter.com\/share?text=Fiscal%C3%ADa%20Regional%20de%20Ays%C3%A9n%20organiza%20una%20nueva%20versi%C3%B3n%20de%20las%20tradicionales%20Jornadas%20Patag%C3%B3nicas%20de%20Derecho%20Penal&#038;url=https:\/\/radiorevelacionfm.cl\/?p=40097' aria-hidden='false' data-av_icon='\ue8f1' data-av_iconfont='entypo-fontello' title='' data-avia-related-tooltip='Compartir en Twitter' rel=\"noopener\"><span class='avia_hidden_link_text'>Compartir en Twitter<\/span><\/a><\/li><li class='av-share-link av-social-link-whatsapp' ><a target=\"_blank\" aria-label=\"Compartir en Whatsapp\" href='https:\/\/api.whatsapp.com\/send?text=https:\/\/radiorevelacionfm.cl\/?p=40097' aria-hidden='false' data-av_icon='\uf232' data-av_iconfont='entypo-fontello' title='' data-avia-related-tooltip='Compartir en Whatsapp' rel=\"noopener\"><span class='avia_hidden_link_text'>Compartir en Whatsapp<\/span><\/a><\/li><li class='av-share-link av-social-link-linkedin' ><a target=\"_blank\" aria-label=\"Compartir en LinkedIn\" href='https:\/\/linkedin.com\/shareArticle?mini=true&#038;title=Fiscal%C3%ADa%20Regional%20de%20Ays%C3%A9n%20organiza%20una%20nueva%20versi%C3%B3n%20de%20las%20tradicionales%20Jornadas%20Patag%C3%B3nicas%20de%20Derecho%20Penal&#038;url=https:\/\/radiorevelacionfm.cl\/?p=40097' aria-hidden='false' data-av_icon='\ue8fc' data-av_iconfont='entypo-fontello' title='' data-avia-related-tooltip='Compartir en LinkedIn' rel=\"noopener\"><span class='avia_hidden_link_text'>Compartir en LinkedIn<\/span><\/a><\/li><li class='av-share-link av-social-link-mail' ><a  aria-label=\"Compartir por correo\" href='mailto:?subject=Fiscal%C3%ADa%20Regional%20de%20Ays%C3%A9n%20organiza%20una%20nueva%20versi%C3%B3n%20de%20las%20tradicionales%20Jornadas%20Patag%C3%B3nicas%20de%20Derecho%20Penal&#038;body=https:\/\/radiorevelacionfm.cl\/?p=40097' aria-hidden='false' data-av_icon='\ue805' data-av_iconfont='entypo-fontello' title='' data-avia-related-tooltip='Compartir por correo'><span class='avia_hidden_link_text'>Compartir por correo<\/span><\/a><\/li><\/ul><\/div><\/div>\n<div  style='height:50px' class='hr hr-invisible   avia-builder-el-8  el_after_av_social_share  el_before_av_comments_list '><span class='hr-inner ' ><span class='hr-inner-style'><\/span><\/span><\/div>\n<div  class='av-buildercomment  av-blog-meta-html-info-disabled av-blog-meta-tag-disabled  '><\/div>\n","protected":false},"excerpt":{"rendered":"","protected":false},"author":1,"featured_media":40098,"comment_status":"open","ping_status":"open","sticky":false,"template":"","format":"standard","meta":{"footnotes":""},"categories":[55],"tags":[],"class_list":["post-40097","post","type-post","status-publish","format-standard","has-post-thumbnail","hentry","category-justicia"],"jetpack_featured_media_url":"https:\/\/radiorevelacionfm.cl\/wp-content\/uploads\/2024\/03\/Afiche_XVII_Jornadas-1-1.jpg","_links":{"self":[{"href":"https:\/\/radiorevelacionfm.cl\/index.php?rest_route=\/wp\/v2\/posts\/40097","targetHints":{"allow":["GET"]}}],"collection":[{"href":"https:\/\/radiorevelacionfm.cl\/index.php?rest_route=\/wp\/v2\/posts"}],"about":[{"href":"https:\/\/radiorevelacionfm.cl\/index.php?rest_route=\/wp\/v2\/types\/post"}],"author":[{"embeddable":true,"href":"https:\/\/radiorevelacionfm.cl\/index.php?rest_route=\/wp\/v2\/users\/1"}],"replies":[{"embeddable":true,"href":"https:\/\/radiorevelacionfm.cl\/index.php?rest_route=%2Fwp%2Fv2%2Fcomments&post=40097"}],"version-history":[{"count":1,"href":"https:\/\/radiorevelacionfm.cl\/index.php?rest_route=\/wp\/v2\/posts\/40097\/revisions"}],"predecessor-version":[{"id":40099,"href":"https:\/\/radiorevelacionfm.cl\/index.php?rest_route=\/wp\/v2\/posts\/40097\/revisions\/40099"}],"wp:featuredmedia":[{"embeddable":true,"href":"https:\/\/radiorevelacionfm.cl\/index.php?rest_route=\/wp\/v2\/media\/40098"}],"wp:attachment":[{"href":"https:\/\/radiorevelacionfm.cl\/index.php?rest_route=%2Fwp%2Fv2%2Fmedia&parent=40097"}],"wp:term":[{"taxonomy":"category","embeddable":true,"href":"https:\/\/radiorevelacionfm.cl\/index.php?rest_route=%2Fwp%2Fv2%2Fcategories&post=40097"},{"taxonomy":"post_tag","embeddable":true,"href":"https:\/\/radiorevelacionfm.cl\/index.php?rest_route=%2Fwp%2Fv2%2Ftags&post=40097"}],"curies":[{"name":"wp","href":"https:\/\/api.w.org\/{rel}","templated":true}]}}