{"id":40091,"date":"2024-03-06T16:01:57","date_gmt":"2024-03-06T19:01:57","guid":{"rendered":"https:\/\/radiorevelacionfm.cl\/?p=40091"},"modified":"2024-03-06T16:01:57","modified_gmt":"2024-03-06T19:01:57","slug":"por-un-envejecimiento-activo-60-personas-mayores-del-centro-diurno-de-senama-participan-en-jornada-recreativa","status":"publish","type":"post","link":"https:\/\/radiorevelacionfm.cl\/?p=40091","title":{"rendered":"Por un envejecimiento activo: 60 personas mayores del centro diurno de Senama participan en jornada recreativa"},"content":{"rendered":"<div class=\"flex_column av_one_full  flex_column_div av-zero-column-padding first  avia-builder-el-0  el_before_av_one_full  avia-builder-el-first  \" style='border-radius:0px; '><div  class='avia-image-container  av-styling-    avia-builder-el-1  avia-builder-el-no-sibling  avia-align-center '  itemprop=\"image\" itemscope=\"itemscope\" itemtype=\"https:\/\/schema.org\/ImageObject\"  ><div class='avia-image-container-inner'><div class='avia-image-overlay-wrap'><img decoding=\"async\" class='wp-image-40092 avia-img-lazy-loading-not-40092 avia_image' src=\"https:\/\/radiorevelacionfm.cl\/wp-content\/uploads\/2024\/03\/paseo-3-1-1_optimized.jpeg\" alt='' title='paseo-3-(1)-(1)_optimized' height=\"600\" width=\"1067\"  itemprop=\"thumbnailUrl\" srcset=\"https:\/\/radiorevelacionfm.cl\/wp-content\/uploads\/2024\/03\/paseo-3-1-1_optimized.jpeg 1067w, https:\/\/radiorevelacionfm.cl\/wp-content\/uploads\/2024\/03\/paseo-3-1-1_optimized-300x169.jpeg 300w, https:\/\/radiorevelacionfm.cl\/wp-content\/uploads\/2024\/03\/paseo-3-1-1_optimized-1030x579.jpeg 1030w, https:\/\/radiorevelacionfm.cl\/wp-content\/uploads\/2024\/03\/paseo-3-1-1_optimized-768x432.jpeg 768w, https:\/\/radiorevelacionfm.cl\/wp-content\/uploads\/2024\/03\/paseo-3-1-1_optimized-705x396.jpeg 705w, https:\/\/radiorevelacionfm.cl\/wp-content\/uploads\/2024\/03\/paseo-3-1-1_optimized-450x253.jpeg 450w, https:\/\/radiorevelacionfm.cl\/wp-content\/uploads\/2024\/03\/paseo-3-1-1_optimized-600x337.jpeg 600w\" sizes=\"(max-width: 1067px) 100vw, 1067px\" \/><\/div><\/div><\/div><\/div><div class=\"flex_column av_one_full  flex_column_div av-zero-column-padding first  avia-builder-el-2  el_after_av_one_full  el_before_av_one_full  column-top-margin\" style='border-radius:0px; '><section class=\"av_textblock_section \"  itemscope=\"itemscope\" itemtype=\"https:\/\/schema.org\/BlogPosting\" itemprop=\"blogPost\" ><div class='avia_textblock  '   itemprop=\"text\" ><p style=\"text-align: center;\"><strong><span style=\"font-size: 18pt;\">Por un envejecimiento activo: 60 personas mayores del centro diurno de Senama participan en jornada recreativa<\/span><\/strong><\/p>\n<div id=\"gtx-trans\" style=\"position: absolute; left: -50px; top: 4.31534px;\">\n<div class=\"gtx-trans-icon\"><\/div>\n<\/div>\n<\/div><\/section><\/div><div class=\"flex_column av_one_full  flex_column_div av-zero-column-padding first  avia-builder-el-4  el_after_av_one_full  el_before_av_hr  column-top-margin\" style='border-radius:0px; '><section class=\"av_textblock_section \"  itemscope=\"itemscope\" itemtype=\"https:\/\/schema.org\/BlogPosting\" itemprop=\"blogPost\" ><div class='avia_textblock  '   itemprop=\"text\" ><p style=\"text-align: justify;\">Una salida de car\u00e1cter recreativa y terap\u00e9utica hacia Bah\u00eda Acantilada en Puerto Ays\u00e9n, es la que realizaron 60 usuarias y usuarios del Centro Diurno Comunitario de Personas Mayores- provenientes de Balmaceda, Coyhaique y Villa Ortega. Este dispositivo del Servicio Nacional del Adulto Mayor, (Senama), ejecutado por la Municipalidad de Coyhaique, busca promover la autonom\u00eda de las personas mayores y retrasar los niveles de dependencia, manteni\u00e9ndolos en su entorno familiar y social.<\/p>\n<p style=\"text-align: justify;\">Con el objetivo de generar una jornada de estimulaci\u00f3n, se organiz\u00f3 una caminata, actividades acu\u00e1ticas y un almuerzo de camarader\u00eda a cargo del equipo t\u00e9cnico del Centro Diurno\u00a0de\u00a0Coyhaique,\u00a0compuesto por un coordinador, una psic\u00f3loga, un kinesi\u00f3logo y una\u00a0terapeuta\u00a0ocupacional. Los asistentes destacaron el espacio de convivencia que otorga el Centro Diurno, entre ellos \u00c9lida Araya \u00abS\u00ed, nos ha servido un mont\u00f3n, por eso nosotras nos arrancamos y atravesamos todo para ir al Centro. Antes est\u00e1bamos como quedadas, pero ahora se nos vino el alma al cuerpo, revivimos 50 a\u00f1os m\u00e1s,\u00a0as\u00ed que no pienso morirme hasta que cumpla 100 a\u00f1os (risas)\u00bb.<\/p>\n<p style=\"text-align: justify;\">La coordinadora regional de Senama Claudia Andaur destac\u00f3 el convenio que destina $54.516.240 para la operaci\u00f3n del Centro en Coyhaique \u00abBueno, la idea es seguir creciendo, seguir mostrando estos resultados positivos que se observan en cada uno de ustedes, porque lo que estamos haciendo es promoviendo un envejecimiento digno, activo y saludable y todas estas actividades contribuyen a eso. Esto no es fortuito, tambi\u00e9n habla de una intenci\u00f3n de trabajar con las personas mayores y es un prop\u00f3sito de este Gobierno en que ha puesto el foco en los cuidados, en la atenci\u00f3n que reciben quienes pertenecen a este grupo de la poblaci\u00f3n\u00bb.<\/p>\n<p style=\"text-align: justify;\">Actualmente en la regi\u00f3n de Ays\u00e9n existen 3 Centros Diurnos para\u00a0Personas\u00a0Mayores ubicados en Puerto R\u00edo Tranquilo, Puerto Ays\u00e9n y Coyhaique que tienen por objeto fortalecer\u00a0la autonom\u00eda e independencia en personas mayores que tienen dependencia leve o moderada, proporcion\u00e1ndoles una asistencia peri\u00f3dica con servicios de salud y apoyo social. En este sentido la seremi de Desarrollo Social y Familia Karina Acevedo Auad reforz\u00f3 en la conversaci\u00f3n con los adultos mayores \u00abEl desaf\u00edo que tenemos en estos dos a\u00f1os de Gobierno del presidente Boric, es seguir trabajando duro para poder tener instalada la Pol\u00edtica Nacional de Apoyos y Cuidados que se va a modificar y que tiene que ver desde las personas que est\u00e1n postradas, las que cuidan y a c\u00f3mo abrimos espacios comunitarios para que est\u00e9n las personas mayores activas\u00bb.<\/p>\n<\/div><\/section><\/div><div  style='height:50px' class='hr hr-invisible   avia-builder-el-6  el_after_av_one_full  el_before_av_social_share '><span class='hr-inner ' ><span class='hr-inner-style'><\/span><\/span><\/div><\/p>\n<div  class='av-social-sharing-box  avia-builder-el-7  el_after_av_hr  el_before_av_hr  '><div class='av-share-box'><h5 class='av-share-link-description av-no-toc '>Compartir esta noticia<\/h5><ul class='av-share-box-list noLightbox'><li class='av-share-link av-social-link-facebook' ><a target=\"_blank\" aria-label=\"Compartir en Facebook\" href='https:\/\/www.facebook.com\/sharer.php?u=https:\/\/radiorevelacionfm.cl\/?p=40091&#038;t=Por%20un%20envejecimiento%20activo%3A%2060%20personas%20mayores%20del%20centro%20diurno%20de%20Senama%20participan%20en%20jornada%20recreativa' aria-hidden='false' data-av_icon='\ue8f3' data-av_iconfont='entypo-fontello' title='' data-avia-related-tooltip='Compartir en Facebook' rel=\"noopener\"><span class='avia_hidden_link_text'>Compartir en Facebook<\/span><\/a><\/li><li class='av-share-link av-social-link-twitter' ><a target=\"_blank\" aria-label=\"Compartir en Twitter\" href='https:\/\/twitter.com\/share?text=Por%20un%20envejecimiento%20activo%3A%2060%20personas%20mayores%20del%20centro%20diurno%20de%20Senama%20participan%20en%20jornada%20recreativa&#038;url=https:\/\/radiorevelacionfm.cl\/?p=40091' aria-hidden='false' data-av_icon='\ue8f1' data-av_iconfont='entypo-fontello' title='' data-avia-related-tooltip='Compartir en Twitter' rel=\"noopener\"><span class='avia_hidden_link_text'>Compartir en Twitter<\/span><\/a><\/li><li class='av-share-link av-social-link-whatsapp' ><a target=\"_blank\" aria-label=\"Compartir en Whatsapp\" href='https:\/\/api.whatsapp.com\/send?text=https:\/\/radiorevelacionfm.cl\/?p=40091' aria-hidden='false' data-av_icon='\uf232' data-av_iconfont='entypo-fontello' title='' data-avia-related-tooltip='Compartir en Whatsapp' rel=\"noopener\"><span class='avia_hidden_link_text'>Compartir en Whatsapp<\/span><\/a><\/li><li class='av-share-link av-social-link-linkedin' ><a target=\"_blank\" aria-label=\"Compartir en LinkedIn\" href='https:\/\/linkedin.com\/shareArticle?mini=true&#038;title=Por%20un%20envejecimiento%20activo%3A%2060%20personas%20mayores%20del%20centro%20diurno%20de%20Senama%20participan%20en%20jornada%20recreativa&#038;url=https:\/\/radiorevelacionfm.cl\/?p=40091' aria-hidden='false' data-av_icon='\ue8fc' data-av_iconfont='entypo-fontello' title='' data-avia-related-tooltip='Compartir en LinkedIn' rel=\"noopener\"><span class='avia_hidden_link_text'>Compartir en LinkedIn<\/span><\/a><\/li><li class='av-share-link av-social-link-mail' ><a  aria-label=\"Compartir por correo\" href='mailto:?subject=Por%20un%20envejecimiento%20activo%3A%2060%20personas%20mayores%20del%20centro%20diurno%20de%20Senama%20participan%20en%20jornada%20recreativa&#038;body=https:\/\/radiorevelacionfm.cl\/?p=40091' aria-hidden='false' data-av_icon='\ue805' data-av_iconfont='entypo-fontello' title='' data-avia-related-tooltip='Compartir por correo'><span class='avia_hidden_link_text'>Compartir por correo<\/span><\/a><\/li><\/ul><\/div><\/div>\n<div  style='height:50px' class='hr hr-invisible   avia-builder-el-8  el_after_av_social_share  el_before_av_comments_list '><span class='hr-inner ' ><span class='hr-inner-style'><\/span><\/span><\/div>\n<div  class='av-buildercomment  av-blog-meta-html-info-disabled av-blog-meta-tag-disabled  '><\/div>\n","protected":false},"excerpt":{"rendered":"","protected":false},"author":1,"featured_media":40092,"comment_status":"open","ping_status":"open","sticky":false,"template":"","format":"standard","meta":{"footnotes":""},"categories":[38],"tags":[],"class_list":["post-40091","post","type-post","status-publish","format-standard","has-post-thumbnail","hentry","category-regional"],"jetpack_featured_media_url":"https:\/\/radiorevelacionfm.cl\/wp-content\/uploads\/2024\/03\/paseo-3-1-1_optimized.jpeg","_links":{"self":[{"href":"https:\/\/radiorevelacionfm.cl\/index.php?rest_route=\/wp\/v2\/posts\/40091","targetHints":{"allow":["GET"]}}],"collection":[{"href":"https:\/\/radiorevelacionfm.cl\/index.php?rest_route=\/wp\/v2\/posts"}],"about":[{"href":"https:\/\/radiorevelacionfm.cl\/index.php?rest_route=\/wp\/v2\/types\/post"}],"author":[{"embeddable":true,"href":"https:\/\/radiorevelacionfm.cl\/index.php?rest_route=\/wp\/v2\/users\/1"}],"replies":[{"embeddable":true,"href":"https:\/\/radiorevelacionfm.cl\/index.php?rest_route=%2Fwp%2Fv2%2Fcomments&post=40091"}],"version-history":[{"count":1,"href":"https:\/\/radiorevelacionfm.cl\/index.php?rest_route=\/wp\/v2\/posts\/40091\/revisions"}],"predecessor-version":[{"id":40093,"href":"https:\/\/radiorevelacionfm.cl\/index.php?rest_route=\/wp\/v2\/posts\/40091\/revisions\/40093"}],"wp:featuredmedia":[{"embeddable":true,"href":"https:\/\/radiorevelacionfm.cl\/index.php?rest_route=\/wp\/v2\/media\/40092"}],"wp:attachment":[{"href":"https:\/\/radiorevelacionfm.cl\/index.php?rest_route=%2Fwp%2Fv2%2Fmedia&parent=40091"}],"wp:term":[{"taxonomy":"category","embeddable":true,"href":"https:\/\/radiorevelacionfm.cl\/index.php?rest_route=%2Fwp%2Fv2%2Fcategories&post=40091"},{"taxonomy":"post_tag","embeddable":true,"href":"https:\/\/radiorevelacionfm.cl\/index.php?rest_route=%2Fwp%2Fv2%2Ftags&post=40091"}],"curies":[{"name":"wp","href":"https:\/\/api.w.org\/{rel}","templated":true}]}}