{"id":4009,"date":"2021-05-11T13:15:16","date_gmt":"2021-05-11T16:15:16","guid":{"rendered":"https:\/\/radiorevelacionfm.cl\/?p=4009"},"modified":"2021-05-11T13:15:16","modified_gmt":"2021-05-11T16:15:16","slug":"mas-de-170-estudiantes-de-liceos-tp-de-aysen-participaron-en-ciclo-de-charlas-empresariales","status":"publish","type":"post","link":"https:\/\/radiorevelacionfm.cl\/?p=4009","title":{"rendered":"M\u00e1s de 170 estudiantes de liceos TP de Ays\u00e9n participaron en ciclo de charlas empresariales"},"content":{"rendered":"<div class=\"flex_column av_one_full  flex_column_div av-zero-column-padding first  avia-builder-el-0  el_before_av_one_full  avia-builder-el-first  \" style='border-radius:0px; '><div  class='avia-image-container  av-styling-    avia-builder-el-1  avia-builder-el-no-sibling  avia-align-center '  itemprop=\"image\" itemscope=\"itemscope\" itemtype=\"https:\/\/schema.org\/ImageObject\"  ><div class='avia-image-container-inner'><div class='avia-image-overlay-wrap'><img decoding=\"async\" class='wp-image-0 avia-img-lazy-loading-not-0 avia_image' src=\"https:\/\/radiorevelacionfm.cl\/wp-content\/uploads\/2021\/05\/FOTOS-SEMANAS-3.jpeg\" alt='' title=''   itemprop=\"thumbnailUrl\"  \/><\/div><\/div><\/div><\/div><div class=\"flex_column av_one_full  flex_column_div av-zero-column-padding first  avia-builder-el-2  el_after_av_one_full  el_before_av_one_full  column-top-margin\" style='border-radius:0px; '><section class=\"av_textblock_section \"  itemscope=\"itemscope\" itemtype=\"https:\/\/schema.org\/BlogPosting\" itemprop=\"blogPost\" ><div class='avia_textblock  '   itemprop=\"text\" ><p style=\"text-align: center;\"><strong><span style=\"font-size: 18pt;\">M\u00e1s de 170 estudiantes de liceos TP de Ays\u00e9n participaron en ciclo de charlas empresariales<\/span><\/strong><\/p>\n<div id=\"gtx-trans\" style=\"position: absolute; left: -50px; top: 4.31534px;\">\n<div class=\"gtx-trans-icon\"><\/div>\n<\/div>\n<\/div><\/section><\/div><div class=\"flex_column av_one_full  flex_column_div av-zero-column-padding first  avia-builder-el-4  el_after_av_one_full  el_before_av_hr  column-top-margin\" style='border-radius:0px; '><section class=\"av_textblock_section \"  itemscope=\"itemscope\" itemtype=\"https:\/\/schema.org\/BlogPosting\" itemprop=\"blogPost\" ><div class='avia_textblock  '   itemprop=\"text\" ><p class=\"v1MsoNormal\" style=\"text-align: justify;\"><span lang=\"ES-TRAD\">Durante abril y mayo, la Red Futuro T\u00e9cnico impulsada por la Secretar\u00eda Regional Ministerial de Educaci\u00f3n, la C\u00e1mara Chile de la Construcci\u00f3n y ONG Canales, desarroll\u00f3 las denominadas \u201cSemanas Formativas\u201d que reunieron 174 estudiantes de Establecimientos de Ense\u00f1anza Media T\u00e9cnico Profesionales (EMTP) de la regi\u00f3n junto a representantes de diferentes sectores productivos de todo el sur de Chile. La finalidad aportar t\u00e9cnica y motivacionalmente, adem\u00e1s de con visitas pedag\u00f3gicas vinculadas a las distintas especialidades e industrias de Ays\u00e9n.<\/span><\/p>\n<p class=\"v1MsoNormal\" style=\"text-align: justify;\"><span lang=\"ES-TRAD\">Fueron 90 actividades que relacionaron a trabajadores, gerentes y emprendedores de las industrias del Turismo, Agropecuaria, Acuicultura, Tecnolog\u00edas y Construcci\u00f3n con 174 estudiantes y docentes de establecimientos TP de Ays\u00e9n y casi 3500 de todo el sur austral de Chile, quienes se han visto particularmente afectados por la pandemia al no poder acceder a sus estudios y pr\u00e1cticas en terreno.<\/span><\/p>\n<p class=\"v1MsoNormal\" style=\"text-align: justify;\"><span lang=\"ES-TRAD\">El objetivo de estas jornadas es vincular estos sectores productivos importantes para la econom\u00eda regional con la ense\u00f1anza t\u00e9cnica profesional. De esta manera se busca motivar a los estudiantes para impactar en sus trayectorias formativas y laborales, al tiempo en que se puede incidir en la pertinencia de los contenidos acad\u00e9micos.<\/span><\/p>\n<p class=\"v1MsoNormal\" style=\"text-align: justify;\"><span lang=\"ES-TRAD\">Dentro de las actividades realizadas destacan las exposiciones de representantes de importantes empresas de la regi\u00f3n como las acu\u00edcolas AquaChile, Multiexport y Mowi; as\u00ed como de Edelaysen, de instituciones de educaci\u00f3n superior como Inacap y de servicios p\u00fablicos como Sernatur Ays\u00e9n, adem\u00e1s de muchos otros exponentes.<\/span><\/p>\n<p class=\"v1MsoNormal\" style=\"text-align: justify;\"><span lang=\"ES-TRAD\">Para Sergio Becerra, Seremi de Educaci\u00f3n de la Regi\u00f3n de Ays\u00e9n, la iniciativa desarrollada se encuentra en plena consonancia con los objetivos de esta pol\u00edtica p\u00fablica.<\/span><\/p>\n<p class=\"v1MsoNormal\" style=\"text-align: justify;\"><span lang=\"ES-TRAD\">\u201c En tiempo de pandemia seguimos aprendiendo y la Educaci\u00f3n T\u00e9cnico Profesional es una de las prioridades. Por ello, consideramos muy positiva la iniciativa de las semanas formativas insertas dentro del trabajo de la Red Futuro T\u00e9cnico Ays\u00e9n, particularmente en \u00e1reas como Turismo, Agropecuaria, Acuicultura, Tecnolog\u00edas y Construcci\u00f3n, todas actividades productivas priorizadas dentro de la estrategia de desarrollo regional\u201d expres\u00f3.<\/span><\/p>\n<p class=\"v1MsoNormal\" style=\"text-align: justify;\"><span lang=\"ES-TRAD\">La \u201cSemana Formativa de la Construcci\u00f3n\u201d fue la \u00faltima que se desarroll\u00f3 del 3 al 7 de mayo v\u00eda online y logr\u00f3 convocar a alrededor de 500 estudiantes de la macrozona austral en distintas visitas pedag\u00f3gicas, charlas t\u00e9cnicas y motivacionales para estudiantes y docentes de las especialidades Construcci\u00f3n, Electricidad, Instalaciones Sanitarias y Construcciones Met\u00e1licas.<\/span><\/p>\n<p class=\"v1MsoNormal\" style=\"text-align: justify;\"><span lang=\"ES-TRAD\">Yasna P\u00e9rez, Presidenta Comit\u00e9 Mujeres de la CChC, Coyhaique<\/span><span lang=\"ES-TRAD\">\u00a0destac\u00f3 el \u00e9xito de la actividad en tiempos de pandemia \u201ceste tipo de instancias que convocan a un gran n\u00famero de estudiantes, a ra\u00edz de la situaci\u00f3n global por la cual estamos atravesando, donde la mayor\u00eda de las actividades se realizan v\u00eda telem\u00e1tica, resultan muy significativas para ellos. En consecuencia, valoramos el desarrollo de la Semana Formativa de la Construcci\u00f3n, enmarcada en el proyecto Red de Formaci\u00f3n T\u00e9cnica de Especialistas de la Construcci\u00f3n, hito que cont\u00f3 con charlas t\u00e9cnicas y motivacionales dirigidas a alumnos y profesores que imparten distintas disciplinas relacionas al sector construcci\u00f3n. Por lo tanto, deseamos que sigan realiz\u00e1ndose este tipo de encuentros que permiten a los j\u00f3venes tener acercamientos con estudiantes de otras zonas que presentan realidades distintas\u201d.<\/span><\/p>\n<p class=\"v1MsoNormal\" style=\"text-align: justify;\"><span lang=\"ES-TRAD\">En tanto,<b><i>\u00a0<\/i><\/b>Bernardita Lazo, jefa de proyecto de la Red Futuro T\u00e9cnico Ays\u00e9n, destac\u00f3 el compromiso de los gremios y empresas locales. \u201cBuscamos, a trav\u00e9s de estos intercambios de experiencias, aportar a la temprana vinculaci\u00f3n entre las empresas y los procesos de aprendizaje de las y los futuros t\u00e9cnicos, consolidando una red que beneficie a los j\u00f3venes, sus familias y al sector productivo. De esta manera rescatamos talento local y fortalecemos las industrias\u201d, explic\u00f3 la directora regional de ONG Canales.<\/span><\/p>\n<p class=\"v1MsoNormal\" style=\"text-align: justify;\"><span lang=\"ES-TRAD\">Una de las estudiantes que particip\u00f3 de los encuentros fue Angela Luna, estudiante de la especialidad de Construcci\u00f3n con menci\u00f3n en Obras viales del Liceo T\u00e9cnico Profesional Juan Pablo II de Ays\u00e9n. La joven coment\u00f3 que la semana formativa de la Construcci\u00f3n le ayud\u00f3 aumentar sus conocimientos \u201cestas charlas permitieron complementar lo que aprendemos en clase, fue una gran experiencia, porque aprend\u00ed cosas que no sab\u00eda\u201d.<\/span><\/p>\n<p class=\"v1MsoNormal\" style=\"text-align: justify;\"><span lang=\"ES-TRAD\">En tanto, Miguel Milhue, estudiante de la especialidad Instalaciones Sanitarias del Liceo Juan Pablo ll de Ays\u00e9n explic\u00f3 que logr\u00f3 aprender de varios temas que lo motivan a continuar con sus sue\u00f1os. \u201cAprend\u00ed un mont\u00f3n de cosas que no sab\u00eda o me daban curiosidad para seguir desarroll\u00e1ndome\u201d adem\u00e1s, destac\u00f3 que todos los profesores-expositores se daban su tiempo y explicaban muy detalladamente cada uno de los temas.<\/span><\/p>\n<p class=\"v1MsoNormal\" style=\"text-align: justify;\"><span lang=\"ES-TRAD\">\u00a0<\/span><\/p>\n<\/div><\/section><\/div><div  style='height:50px' class='hr hr-invisible   avia-builder-el-6  el_after_av_one_full  el_before_av_social_share '><span class='hr-inner ' ><span class='hr-inner-style'><\/span><\/span><\/div><\/p>\n<div  class='av-social-sharing-box  avia-builder-el-7  el_after_av_hr  el_before_av_hr  '><div class='av-share-box'><h5 class='av-share-link-description av-no-toc '>Compartir esta noticia<\/h5><ul class='av-share-box-list noLightbox'><li class='av-share-link av-social-link-facebook' ><a target=\"_blank\" aria-label=\"Compartir en Facebook\" href='https:\/\/www.facebook.com\/sharer.php?u=https:\/\/radiorevelacionfm.cl\/?p=4009&#038;t=M%C3%A1s%20de%20170%20estudiantes%20de%20liceos%20TP%20de%20Ays%C3%A9n%20participaron%20en%20ciclo%20de%20charlas%20empresariales' aria-hidden='false' data-av_icon='\ue8f3' data-av_iconfont='entypo-fontello' title='' data-avia-related-tooltip='Compartir en Facebook' rel=\"noopener\"><span class='avia_hidden_link_text'>Compartir en Facebook<\/span><\/a><\/li><li class='av-share-link av-social-link-twitter' ><a target=\"_blank\" aria-label=\"Compartir en Twitter\" href='https:\/\/twitter.com\/share?text=M%C3%A1s%20de%20170%20estudiantes%20de%20liceos%20TP%20de%20Ays%C3%A9n%20participaron%20en%20ciclo%20de%20charlas%20empresariales&#038;url=https:\/\/radiorevelacionfm.cl\/?p=4009' aria-hidden='false' data-av_icon='\ue8f1' data-av_iconfont='entypo-fontello' title='' data-avia-related-tooltip='Compartir en Twitter' rel=\"noopener\"><span class='avia_hidden_link_text'>Compartir en Twitter<\/span><\/a><\/li><li class='av-share-link av-social-link-whatsapp' ><a target=\"_blank\" aria-label=\"Compartir en Whatsapp\" href='https:\/\/api.whatsapp.com\/send?text=https:\/\/radiorevelacionfm.cl\/?p=4009' aria-hidden='false' data-av_icon='\uf232' data-av_iconfont='entypo-fontello' title='' data-avia-related-tooltip='Compartir en Whatsapp' rel=\"noopener\"><span class='avia_hidden_link_text'>Compartir en Whatsapp<\/span><\/a><\/li><li class='av-share-link av-social-link-linkedin' ><a target=\"_blank\" aria-label=\"Compartir en LinkedIn\" href='https:\/\/linkedin.com\/shareArticle?mini=true&#038;title=M%C3%A1s%20de%20170%20estudiantes%20de%20liceos%20TP%20de%20Ays%C3%A9n%20participaron%20en%20ciclo%20de%20charlas%20empresariales&#038;url=https:\/\/radiorevelacionfm.cl\/?p=4009' aria-hidden='false' data-av_icon='\ue8fc' data-av_iconfont='entypo-fontello' title='' data-avia-related-tooltip='Compartir en LinkedIn' rel=\"noopener\"><span class='avia_hidden_link_text'>Compartir en LinkedIn<\/span><\/a><\/li><li class='av-share-link av-social-link-mail' ><a  aria-label=\"Compartir por correo\" href='mailto:?subject=M%C3%A1s%20de%20170%20estudiantes%20de%20liceos%20TP%20de%20Ays%C3%A9n%20participaron%20en%20ciclo%20de%20charlas%20empresariales&#038;body=https:\/\/radiorevelacionfm.cl\/?p=4009' aria-hidden='false' data-av_icon='\ue805' data-av_iconfont='entypo-fontello' title='' data-avia-related-tooltip='Compartir por correo'><span class='avia_hidden_link_text'>Compartir por correo<\/span><\/a><\/li><\/ul><\/div><\/div>\n<div  style='height:50px' class='hr hr-invisible   avia-builder-el-8  el_after_av_social_share  el_before_av_comments_list '><span class='hr-inner ' ><span class='hr-inner-style'><\/span><\/span><\/div>\n<div  class='av-buildercomment  av-blog-meta-html-info-disabled av-blog-meta-tag-disabled  '><\/div>\n","protected":false},"excerpt":{"rendered":"","protected":false},"author":1,"featured_media":0,"comment_status":"open","ping_status":"open","sticky":false,"template":"","format":"standard","meta":{"footnotes":""},"categories":[49],"tags":[],"class_list":["post-4009","post","type-post","status-publish","format-standard","hentry","category-educacion"],"jetpack_featured_media_url":"","_links":{"self":[{"href":"https:\/\/radiorevelacionfm.cl\/index.php?rest_route=\/wp\/v2\/posts\/4009","targetHints":{"allow":["GET"]}}],"collection":[{"href":"https:\/\/radiorevelacionfm.cl\/index.php?rest_route=\/wp\/v2\/posts"}],"about":[{"href":"https:\/\/radiorevelacionfm.cl\/index.php?rest_route=\/wp\/v2\/types\/post"}],"author":[{"embeddable":true,"href":"https:\/\/radiorevelacionfm.cl\/index.php?rest_route=\/wp\/v2\/users\/1"}],"replies":[{"embeddable":true,"href":"https:\/\/radiorevelacionfm.cl\/index.php?rest_route=%2Fwp%2Fv2%2Fcomments&post=4009"}],"version-history":[{"count":1,"href":"https:\/\/radiorevelacionfm.cl\/index.php?rest_route=\/wp\/v2\/posts\/4009\/revisions"}],"predecessor-version":[{"id":4011,"href":"https:\/\/radiorevelacionfm.cl\/index.php?rest_route=\/wp\/v2\/posts\/4009\/revisions\/4011"}],"wp:attachment":[{"href":"https:\/\/radiorevelacionfm.cl\/index.php?rest_route=%2Fwp%2Fv2%2Fmedia&parent=4009"}],"wp:term":[{"taxonomy":"category","embeddable":true,"href":"https:\/\/radiorevelacionfm.cl\/index.php?rest_route=%2Fwp%2Fv2%2Fcategories&post=4009"},{"taxonomy":"post_tag","embeddable":true,"href":"https:\/\/radiorevelacionfm.cl\/index.php?rest_route=%2Fwp%2Fv2%2Ftags&post=4009"}],"curies":[{"name":"wp","href":"https:\/\/api.w.org\/{rel}","templated":true}]}}