{"id":40088,"date":"2024-03-06T15:32:15","date_gmt":"2024-03-06T18:32:15","guid":{"rendered":"https:\/\/radiorevelacionfm.cl\/?p=40088"},"modified":"2024-03-06T15:32:15","modified_gmt":"2024-03-06T18:32:15","slug":"con-un-positivo-saldo-para-la-comunidad-concluyeron-las-actividades-de-verano-organizadas-por-el-municipio-de-rio-ibanez","status":"publish","type":"post","link":"https:\/\/radiorevelacionfm.cl\/?p=40088","title":{"rendered":"Con un positivo saldo para la comunidad concluyeron las actividades de verano organizadas por el municipio de R\u00edo Ib\u00e1\u00f1ez"},"content":{"rendered":"<div class=\"flex_column av_one_full  flex_column_div av-zero-column-padding first  avia-builder-el-0  el_before_av_one_full  avia-builder-el-first  \" style='border-radius:0px; '><div  class='avia-image-container  av-styling-    avia-builder-el-1  avia-builder-el-no-sibling  avia-align-center '  itemprop=\"image\" itemscope=\"itemscope\" itemtype=\"https:\/\/schema.org\/ImageObject\"  ><div class='avia-image-container-inner'><div class='avia-image-overlay-wrap'><img decoding=\"async\" class='wp-image-40089 avia-img-lazy-loading-not-40089 avia_image' src=\"https:\/\/radiorevelacionfm.cl\/wp-content\/uploads\/2024\/03\/10-25-1_optimized.jpg\" alt='' title='10-(25)-(1)_optimized' height=\"600\" width=\"1153\"  itemprop=\"thumbnailUrl\" srcset=\"https:\/\/radiorevelacionfm.cl\/wp-content\/uploads\/2024\/03\/10-25-1_optimized.jpg 1153w, https:\/\/radiorevelacionfm.cl\/wp-content\/uploads\/2024\/03\/10-25-1_optimized-300x156.jpg 300w, https:\/\/radiorevelacionfm.cl\/wp-content\/uploads\/2024\/03\/10-25-1_optimized-1030x536.jpg 1030w, https:\/\/radiorevelacionfm.cl\/wp-content\/uploads\/2024\/03\/10-25-1_optimized-768x400.jpg 768w, https:\/\/radiorevelacionfm.cl\/wp-content\/uploads\/2024\/03\/10-25-1_optimized-705x367.jpg 705w, https:\/\/radiorevelacionfm.cl\/wp-content\/uploads\/2024\/03\/10-25-1_optimized-450x234.jpg 450w, https:\/\/radiorevelacionfm.cl\/wp-content\/uploads\/2024\/03\/10-25-1_optimized-600x312.jpg 600w\" sizes=\"(max-width: 1153px) 100vw, 1153px\" \/><\/div><\/div><\/div><\/div><div class=\"flex_column av_one_full  flex_column_div av-zero-column-padding first  avia-builder-el-2  el_after_av_one_full  el_before_av_one_full  column-top-margin\" style='border-radius:0px; '><section class=\"av_textblock_section \"  itemscope=\"itemscope\" itemtype=\"https:\/\/schema.org\/BlogPosting\" itemprop=\"blogPost\" ><div class='avia_textblock  '   itemprop=\"text\" ><p style=\"text-align: center;\"><strong><span style=\"font-size: 18pt;\">Con un positivo saldo para la comunidad concluyeron las actividades de verano organizadas por el municipio de R\u00edo Ib\u00e1\u00f1ez<\/span><\/strong><\/p>\n<div id=\"gtx-trans\" style=\"position: absolute; left: -50px; top: 4.31534px;\">\n<div class=\"gtx-trans-icon\"><\/div>\n<\/div>\n<\/div><\/section><\/div><div class=\"flex_column av_one_full  flex_column_div av-zero-column-padding first  avia-builder-el-4  el_after_av_one_full  el_before_av_hr  column-top-margin\" style='border-radius:0px; '><section class=\"av_textblock_section \"  itemscope=\"itemscope\" itemtype=\"https:\/\/schema.org\/BlogPosting\" itemprop=\"blogPost\" ><div class='avia_textblock  '   itemprop=\"text\" ><p style=\"text-align: justify;\">En el marco del Programa de Fortalecimiento Productivo, financiado por el Gobierno Regional de Ays\u00e9n, la Ilustre Municipalidad de R\u00edo Ib\u00e1\u00f1ez desarroll\u00f3 una variada agenda de actividades costumbristas y festivales para la temporada de verano 2023-24. Esta iniciativa tuvo como misi\u00f3n generar oportunidades para promover y dinamizar de manera conjunta el turismo y la econom\u00eda local.<\/p>\n<p style=\"text-align: justify;\">Los recursos fueron destinados a la organizaci\u00f3n general de los eventos realizados durante este periodo, as\u00ed como a la creaci\u00f3n de ferias en las que participaron activamente artesanas y productores locales. Estas \u00faltimas contaron con apoyo log\u00edstico, incluyendo traslado y alojamiento, para exhibir sus obras ante la gran afluencia de visitantes.<\/p>\n<p style=\"text-align: justify;\">En este sentido, el alcalde de la I. Municipalidad de R\u00edo Ib\u00e1\u00f1ez, Juan Saldivia Cea, asegur\u00f3 que \u201chay una evaluaci\u00f3n positiva de estas instancias. Tambi\u00e9n tuvimos mucho p\u00fablico, lo que gener\u00f3 movimiento econ\u00f3mico dentro de las localidades. Este a\u00f1o adem\u00e1s tuvo la particularidad de este Programa de Fortalecimiento Productivo, permiti\u00e9ndonos dar este enfoque para que nuestras artesanas pudieran estar presentes y eso signific\u00f3 un gran empuje para obtener ese recurso que tanto esperan\u201d.<\/p>\n<p style=\"text-align: justify;\">Bajo esta misma l\u00ednea, la encargada de la Oficina de Fomento Productivo y Turismo, Karen Calder\u00f3n, manifest\u00f3 que \u201cesto nos permiti\u00f3 poner en valor el rescate de la identidad del territorio, centrado en un motor de generaci\u00f3n de recursos econ\u00f3micos, dado que el objetivo era busca fortalecer la actividad productiva comunal, lo que se tradujo en m\u00e1s ferias productivas y actividades, incentivando el turismo y, por ende, la econ\u00f3mica local\u201d.<\/p>\n<p style=\"text-align: justify;\">Eva Carrillo Sep\u00falveda, artesana en alfarer\u00eda de Puerto Ib\u00e1\u00f1ez valor\u00f3 enormemente la iniciativa, se\u00f1alando que \u201ctenemos que agradecer a la municipalidad y al alcalde por esta oportunidad en conjunto con nuestro comit\u00e9 de artesanos, que igual nos ganamos un proyecto, pues entre los dos hicimos una muy buena temporada para participar en diferentes eventos. En algunos casos nos llevaron hasta las ferias. En otros a\u00f1os esto no hab\u00eda sucedido\u201d.<\/p>\n<p style=\"text-align: justify;\">Una de las jornadas m\u00e1s exitosas se vivi\u00f3 con el inicio del Festival Voces del Viento, contemplada dentro de la semana del Aniversario N\u00b0 90 de Puerto Ib\u00e1\u00f1ez, que reuni\u00f3 alrededor de 2 mil residente y turistas, quienes disfrutaron de las presentaciones de los participantes del evento, pero por sobre todo, de las exhibiciones brindadas por los grupos musicales invitados: \u201cEntre Sotera y Rebenque\u201d y \u201cAgrupaci\u00f3n Marilyn\u201d.<\/p>\n<p style=\"text-align: justify;\">Dentro de esta extensa programaci\u00f3n, destacaron los siguientes acontecimientos:<\/p>\n<ul style=\"text-align: justify;\">\n<li>Copa Apolinario<\/li>\n<li>II Versi\u00f3n del Festival del Chivo<\/li>\n<li>VII Versi\u00f3n de la Fiesta del Chivo<\/li>\n<li>IX Campeonato Nacional de Cueca y Danza Representativa \u201cVendimia de Oro\u201d<\/li>\n<li>XXII Versi\u00f3n del Festival de Jineteadas<\/li>\n<li>Aniversario Bah\u00eda Murta<\/li>\n<li>VIII Versi\u00f3n de Jineteadas Chewel che<\/li>\n<li>Celebraci\u00f3n D\u00eda Internacional de los Humedales<\/li>\n<li>Rodeo Puerto Ib\u00e1\u00f1ez<\/li>\n<li>Aniversario Puerto Ib\u00e1\u00f1ez<\/li>\n<li>Aniversario Puerto S\u00e1nchez<\/li>\n<li>Festival Voces del Viento<\/li>\n<li>Copa Aurora Bah\u00eda Murta<\/li>\n<li>XVIII Versi\u00f3n Encuentro Adultos Mayores<\/li>\n<li>Fiesta del Arreo<\/li>\n<li>Aniversario Puerto Tranquilo<\/li>\n<li>Copa del M\u00e1rmol, categor\u00eda b\u00e1squetbol<\/li>\n<li>Encuentro Costumbrista Rescatando Tradiciones Cerro Castillo<\/li>\n<\/ul>\n<p style=\"text-align: justify;\">Respecto a las pr\u00f3ximas iniciativas contempladas en el Programa de Fortalecimiento Productivo, la funcionaria municipal dijo que \u201cse viene un trabajo que ofrece instancias de capacitaci\u00f3n e intercambio tecnol\u00f3gico con productores y prestadores de servicios locales, lo que permitir\u00e1 entregar herramientas y mejorar las capacidades de los beneficiarios para que sean m\u00e1s eficientes y competitivos\u201d.<\/p>\n<p style=\"text-align: justify;\">Dando por finalizada las actividades en \u00e9poca estival, el edil de R\u00edo Ib\u00e1\u00f1ez, ya comienza a enfocar la gesti\u00f3n municipal pensando los desaf\u00edos que se aproximan durante el resto del 2024, asegurando que \u201ctenemos un territorio bastante extenso, son cinco localidades las que componen nuestra comuna. Eso significa una atenci\u00f3n que debemos desarrollar. Cada una de ellas tiene su identidad propia. Es as\u00ed como, por ejemplo, tenemos que seguir fortaleciendo las organizaciones sociales, deportivas y productivas. Hay algunos proyectos encaminados tambi\u00e9n y seguir trabajando en el \u00e1mbito de vivienda que nos preocupa mucho\u201d.<\/p>\n<\/div><\/section><\/div><div  style='height:50px' class='hr hr-invisible   avia-builder-el-6  el_after_av_one_full  el_before_av_social_share '><span class='hr-inner ' ><span class='hr-inner-style'><\/span><\/span><\/div><\/p>\n<div  class='av-social-sharing-box  avia-builder-el-7  el_after_av_hr  el_before_av_hr  '><div class='av-share-box'><h5 class='av-share-link-description av-no-toc '>Compartir esta noticia<\/h5><ul class='av-share-box-list noLightbox'><li class='av-share-link av-social-link-facebook' ><a target=\"_blank\" aria-label=\"Compartir en Facebook\" href='https:\/\/www.facebook.com\/sharer.php?u=https:\/\/radiorevelacionfm.cl\/?p=40088&#038;t=Con%20un%20positivo%20saldo%20para%20la%20comunidad%20concluyeron%20las%20actividades%20de%20verano%20organizadas%20por%20el%20municipio%20de%20R%C3%ADo%20Ib%C3%A1%C3%B1ez' aria-hidden='false' data-av_icon='\ue8f3' data-av_iconfont='entypo-fontello' title='' data-avia-related-tooltip='Compartir en Facebook' rel=\"noopener\"><span class='avia_hidden_link_text'>Compartir en Facebook<\/span><\/a><\/li><li class='av-share-link av-social-link-twitter' ><a target=\"_blank\" aria-label=\"Compartir en Twitter\" href='https:\/\/twitter.com\/share?text=Con%20un%20positivo%20saldo%20para%20la%20comunidad%20concluyeron%20las%20actividades%20de%20verano%20organizadas%20por%20el%20municipio%20de%20R%C3%ADo%20Ib%C3%A1%C3%B1ez&#038;url=https:\/\/radiorevelacionfm.cl\/?p=40088' aria-hidden='false' data-av_icon='\ue8f1' data-av_iconfont='entypo-fontello' title='' data-avia-related-tooltip='Compartir en Twitter' rel=\"noopener\"><span class='avia_hidden_link_text'>Compartir en Twitter<\/span><\/a><\/li><li class='av-share-link av-social-link-whatsapp' ><a target=\"_blank\" aria-label=\"Compartir en Whatsapp\" href='https:\/\/api.whatsapp.com\/send?text=https:\/\/radiorevelacionfm.cl\/?p=40088' aria-hidden='false' data-av_icon='\uf232' data-av_iconfont='entypo-fontello' title='' data-avia-related-tooltip='Compartir en Whatsapp' rel=\"noopener\"><span class='avia_hidden_link_text'>Compartir en Whatsapp<\/span><\/a><\/li><li class='av-share-link av-social-link-linkedin' ><a target=\"_blank\" aria-label=\"Compartir en LinkedIn\" href='https:\/\/linkedin.com\/shareArticle?mini=true&#038;title=Con%20un%20positivo%20saldo%20para%20la%20comunidad%20concluyeron%20las%20actividades%20de%20verano%20organizadas%20por%20el%20municipio%20de%20R%C3%ADo%20Ib%C3%A1%C3%B1ez&#038;url=https:\/\/radiorevelacionfm.cl\/?p=40088' aria-hidden='false' data-av_icon='\ue8fc' data-av_iconfont='entypo-fontello' title='' data-avia-related-tooltip='Compartir en LinkedIn' rel=\"noopener\"><span class='avia_hidden_link_text'>Compartir en LinkedIn<\/span><\/a><\/li><li class='av-share-link av-social-link-mail' ><a  aria-label=\"Compartir por correo\" href='mailto:?subject=Con%20un%20positivo%20saldo%20para%20la%20comunidad%20concluyeron%20las%20actividades%20de%20verano%20organizadas%20por%20el%20municipio%20de%20R%C3%ADo%20Ib%C3%A1%C3%B1ez&#038;body=https:\/\/radiorevelacionfm.cl\/?p=40088' aria-hidden='false' data-av_icon='\ue805' data-av_iconfont='entypo-fontello' title='' data-avia-related-tooltip='Compartir por correo'><span class='avia_hidden_link_text'>Compartir por correo<\/span><\/a><\/li><\/ul><\/div><\/div>\n<div  style='height:50px' class='hr hr-invisible   avia-builder-el-8  el_after_av_social_share  el_before_av_comments_list '><span class='hr-inner ' ><span class='hr-inner-style'><\/span><\/span><\/div>\n<div  class='av-buildercomment  av-blog-meta-html-info-disabled av-blog-meta-tag-disabled  '><\/div>\n","protected":false},"excerpt":{"rendered":"","protected":false},"author":1,"featured_media":40089,"comment_status":"open","ping_status":"open","sticky":false,"template":"","format":"standard","meta":{"footnotes":""},"categories":[38],"tags":[],"class_list":["post-40088","post","type-post","status-publish","format-standard","has-post-thumbnail","hentry","category-regional"],"jetpack_featured_media_url":"https:\/\/radiorevelacionfm.cl\/wp-content\/uploads\/2024\/03\/10-25-1_optimized.jpg","_links":{"self":[{"href":"https:\/\/radiorevelacionfm.cl\/index.php?rest_route=\/wp\/v2\/posts\/40088","targetHints":{"allow":["GET"]}}],"collection":[{"href":"https:\/\/radiorevelacionfm.cl\/index.php?rest_route=\/wp\/v2\/posts"}],"about":[{"href":"https:\/\/radiorevelacionfm.cl\/index.php?rest_route=\/wp\/v2\/types\/post"}],"author":[{"embeddable":true,"href":"https:\/\/radiorevelacionfm.cl\/index.php?rest_route=\/wp\/v2\/users\/1"}],"replies":[{"embeddable":true,"href":"https:\/\/radiorevelacionfm.cl\/index.php?rest_route=%2Fwp%2Fv2%2Fcomments&post=40088"}],"version-history":[{"count":1,"href":"https:\/\/radiorevelacionfm.cl\/index.php?rest_route=\/wp\/v2\/posts\/40088\/revisions"}],"predecessor-version":[{"id":40090,"href":"https:\/\/radiorevelacionfm.cl\/index.php?rest_route=\/wp\/v2\/posts\/40088\/revisions\/40090"}],"wp:featuredmedia":[{"embeddable":true,"href":"https:\/\/radiorevelacionfm.cl\/index.php?rest_route=\/wp\/v2\/media\/40089"}],"wp:attachment":[{"href":"https:\/\/radiorevelacionfm.cl\/index.php?rest_route=%2Fwp%2Fv2%2Fmedia&parent=40088"}],"wp:term":[{"taxonomy":"category","embeddable":true,"href":"https:\/\/radiorevelacionfm.cl\/index.php?rest_route=%2Fwp%2Fv2%2Fcategories&post=40088"},{"taxonomy":"post_tag","embeddable":true,"href":"https:\/\/radiorevelacionfm.cl\/index.php?rest_route=%2Fwp%2Fv2%2Ftags&post=40088"}],"curies":[{"name":"wp","href":"https:\/\/api.w.org\/{rel}","templated":true}]}}