{"id":40085,"date":"2024-03-06T16:45:50","date_gmt":"2024-03-06T19:45:50","guid":{"rendered":"https:\/\/radiorevelacionfm.cl\/?p=40085"},"modified":"2024-03-06T16:45:50","modified_gmt":"2024-03-06T19:45:50","slug":"marcelo-santana-por-necesidad-de-reactivacion-economica-la-excesiva-tramitacion-de-proyectos-esta-perjudicando-la-economia-regional","status":"publish","type":"post","link":"https:\/\/radiorevelacionfm.cl\/?p=40085","title":{"rendered":"Marcelo Santana, por necesidad de reactivaci\u00f3n econ\u00f3mica: \u201cLa excesiva tramitaci\u00f3n de proyectos est\u00e1 perjudicando la econom\u00eda regional\u201d"},"content":{"rendered":"<div class=\"flex_column av_one_full  flex_column_div av-zero-column-padding first  avia-builder-el-0  el_before_av_one_full  avia-builder-el-first  \" style='border-radius:0px; '><div  class='avia-image-container  av-styling-    avia-builder-el-1  avia-builder-el-no-sibling  avia-align-center '  itemprop=\"image\" itemscope=\"itemscope\" itemtype=\"https:\/\/schema.org\/ImageObject\"  ><div class='avia-image-container-inner'><div class='avia-image-overlay-wrap'><img decoding=\"async\" class='wp-image-40086 avia-img-lazy-loading-not-40086 avia_image' src=\"https:\/\/radiorevelacionfm.cl\/wp-content\/uploads\/2024\/03\/b7ebed5a-1b0e-4b7e-b9a0-5a267c126f5b-2-1_optimized-1.jpeg\" alt='' title='b7ebed5a-1b0e-4b7e-b9a0-5a267c126f5b-(2)-(1)_optimized (1)' height=\"600\" width=\"800\"  itemprop=\"thumbnailUrl\" srcset=\"https:\/\/radiorevelacionfm.cl\/wp-content\/uploads\/2024\/03\/b7ebed5a-1b0e-4b7e-b9a0-5a267c126f5b-2-1_optimized-1.jpeg 800w, https:\/\/radiorevelacionfm.cl\/wp-content\/uploads\/2024\/03\/b7ebed5a-1b0e-4b7e-b9a0-5a267c126f5b-2-1_optimized-1-300x225.jpeg 300w, https:\/\/radiorevelacionfm.cl\/wp-content\/uploads\/2024\/03\/b7ebed5a-1b0e-4b7e-b9a0-5a267c126f5b-2-1_optimized-1-768x576.jpeg 768w, https:\/\/radiorevelacionfm.cl\/wp-content\/uploads\/2024\/03\/b7ebed5a-1b0e-4b7e-b9a0-5a267c126f5b-2-1_optimized-1-705x529.jpeg 705w, https:\/\/radiorevelacionfm.cl\/wp-content\/uploads\/2024\/03\/b7ebed5a-1b0e-4b7e-b9a0-5a267c126f5b-2-1_optimized-1-450x338.jpeg 450w, https:\/\/radiorevelacionfm.cl\/wp-content\/uploads\/2024\/03\/b7ebed5a-1b0e-4b7e-b9a0-5a267c126f5b-2-1_optimized-1-600x450.jpeg 600w\" sizes=\"(max-width: 800px) 100vw, 800px\" \/><\/div><\/div><\/div><\/div><div class=\"flex_column av_one_full  flex_column_div av-zero-column-padding first  avia-builder-el-2  el_after_av_one_full  el_before_av_one_full  column-top-margin\" style='border-radius:0px; '><section class=\"av_textblock_section \"  itemscope=\"itemscope\" itemtype=\"https:\/\/schema.org\/BlogPosting\" itemprop=\"blogPost\" ><div class='avia_textblock  '   itemprop=\"text\" ><p style=\"text-align: center;\"><strong><span style=\"font-size: 18pt;\">Marcelo Santana, por necesidad de reactivaci\u00f3n econ\u00f3mica: \u201cLa excesiva tramitaci\u00f3n de proyectos est\u00e1 perjudicando la econom\u00eda regional\u201d<\/span><\/strong><\/p>\n<div id=\"gtx-trans\" style=\"position: absolute; left: -50px; top: 4.31534px;\">\n<div class=\"gtx-trans-icon\"><\/div>\n<\/div>\n<\/div><\/section><\/div><div class=\"flex_column av_one_full  flex_column_div av-zero-column-padding first  avia-builder-el-4  el_after_av_one_full  el_before_av_hr  column-top-margin\" style='border-radius:0px; '><section class=\"av_textblock_section \"  itemscope=\"itemscope\" itemtype=\"https:\/\/schema.org\/BlogPosting\" itemprop=\"blogPost\" ><div class='avia_textblock  '   itemprop=\"text\" ><p style=\"text-align: justify;\">Hace pocos d\u00edas atr\u00e1s el ex alcalde de R\u00edo Ib\u00e1\u00f1ez y ahora precandidato a Gobernador Regional, Marcelo Santana, hizo menci\u00f3n respecto de la merma de recursos regionales que se est\u00e1n destinando a obras p\u00fablicas de importancia. En ese momento Santana indic\u00f3 que tan solo en los fondos del Gobierno Regional \u00a0el presupuesto en inversiones, ll\u00e1mese Obras P\u00fablicas significativas, los recursos han disminuido porcentualmente en un 27% en los \u00faltimos 3 a\u00f1os, generando un fuerte impacto en el empleo, a lo anterior se suma las cuestionadas cifras de ejecuci\u00f3n presupuestaria informadas a comienzo de a\u00f1o por parte de la gobernadora regional, que evidenciaron que la regi\u00f3n no fue capaz de ejecutar todo su presupuesto.<\/p>\n<p style=\"text-align: justify;\">Sin embargo, Santana va m\u00e1s all\u00e1 en su an\u00e1lisis y menciona tambi\u00e9n que se debe hacer un esfuerzo en la gesti\u00f3n por parte de los organismos p\u00fablicos para disminuir la tramitaci\u00f3n y burocracia de proyectos, que permita en el corto plazo avanzar en licitaciones y contrataciones de nuevas obras en la regi\u00f3n, de modo se agilice la generaci\u00f3n de empleo y la contrataci\u00f3n de servicios. \u201cHay un completo an\u00e1lisis por parte de los gremios, entre ellos la C\u00e1mara Chilena de la Construcci\u00f3n, que indican que por una parte es necesario avanzar en licitaciones y relicitaciones de obras, que el MOP ha sido excesivamente lento en dichos procesos, disminuir exigencias a contratistas de obras menores, disminuir plazos de permisos en las direcciones de obras municipales, impulsar la construcci\u00f3n de viviendas y flexibilizar el acceso a nuevas viviendas a postulantes de subsidios y por sobre todas las cosas el Estado debe modernizarse, hoy se requiere urgente reformas al sistema de permisos sectoriales porque dichas tramitaciones est\u00e1n asfixiando las econom\u00edas fr\u00e1giles como lo es la de nuestra regi\u00f3n, puntualiz\u00f3.<\/p>\n<\/div><\/section><\/div><div  style='height:50px' class='hr hr-invisible   avia-builder-el-6  el_after_av_one_full  el_before_av_social_share '><span class='hr-inner ' ><span class='hr-inner-style'><\/span><\/span><\/div><\/p>\n<div  class='av-social-sharing-box  avia-builder-el-7  el_after_av_hr  el_before_av_hr  '><div class='av-share-box'><h5 class='av-share-link-description av-no-toc '>Compartir esta noticia<\/h5><ul class='av-share-box-list noLightbox'><li class='av-share-link av-social-link-facebook' ><a target=\"_blank\" aria-label=\"Compartir en Facebook\" href='https:\/\/www.facebook.com\/sharer.php?u=https:\/\/radiorevelacionfm.cl\/?p=40085&#038;t=Marcelo%20Santana%2C%20por%20necesidad%20de%20reactivaci%C3%B3n%20econ%C3%B3mica%3A%20%E2%80%9CLa%20excesiva%20tramitaci%C3%B3n%20de%20proyectos%20est%C3%A1%20perjudicando%20la%20econom%C3%ADa%20regional%E2%80%9D' aria-hidden='false' data-av_icon='\ue8f3' data-av_iconfont='entypo-fontello' title='' data-avia-related-tooltip='Compartir en Facebook' rel=\"noopener\"><span class='avia_hidden_link_text'>Compartir en Facebook<\/span><\/a><\/li><li class='av-share-link av-social-link-twitter' ><a target=\"_blank\" aria-label=\"Compartir en Twitter\" href='https:\/\/twitter.com\/share?text=Marcelo%20Santana%2C%20por%20necesidad%20de%20reactivaci%C3%B3n%20econ%C3%B3mica%3A%20%E2%80%9CLa%20excesiva%20tramitaci%C3%B3n%20de%20proyectos%20est%C3%A1%20perjudicando%20la%20econom%C3%ADa%20regional%E2%80%9D&#038;url=https:\/\/radiorevelacionfm.cl\/?p=40085' aria-hidden='false' data-av_icon='\ue8f1' data-av_iconfont='entypo-fontello' title='' data-avia-related-tooltip='Compartir en Twitter' rel=\"noopener\"><span class='avia_hidden_link_text'>Compartir en Twitter<\/span><\/a><\/li><li class='av-share-link av-social-link-whatsapp' ><a target=\"_blank\" aria-label=\"Compartir en Whatsapp\" href='https:\/\/api.whatsapp.com\/send?text=https:\/\/radiorevelacionfm.cl\/?p=40085' aria-hidden='false' data-av_icon='\uf232' data-av_iconfont='entypo-fontello' title='' data-avia-related-tooltip='Compartir en Whatsapp' rel=\"noopener\"><span class='avia_hidden_link_text'>Compartir en Whatsapp<\/span><\/a><\/li><li class='av-share-link av-social-link-linkedin' ><a target=\"_blank\" aria-label=\"Compartir en LinkedIn\" href='https:\/\/linkedin.com\/shareArticle?mini=true&#038;title=Marcelo%20Santana%2C%20por%20necesidad%20de%20reactivaci%C3%B3n%20econ%C3%B3mica%3A%20%E2%80%9CLa%20excesiva%20tramitaci%C3%B3n%20de%20proyectos%20est%C3%A1%20perjudicando%20la%20econom%C3%ADa%20regional%E2%80%9D&#038;url=https:\/\/radiorevelacionfm.cl\/?p=40085' aria-hidden='false' data-av_icon='\ue8fc' data-av_iconfont='entypo-fontello' title='' data-avia-related-tooltip='Compartir en LinkedIn' rel=\"noopener\"><span class='avia_hidden_link_text'>Compartir en LinkedIn<\/span><\/a><\/li><li class='av-share-link av-social-link-mail' ><a  aria-label=\"Compartir por correo\" href='mailto:?subject=Marcelo%20Santana%2C%20por%20necesidad%20de%20reactivaci%C3%B3n%20econ%C3%B3mica%3A%20%E2%80%9CLa%20excesiva%20tramitaci%C3%B3n%20de%20proyectos%20est%C3%A1%20perjudicando%20la%20econom%C3%ADa%20regional%E2%80%9D&#038;body=https:\/\/radiorevelacionfm.cl\/?p=40085' aria-hidden='false' data-av_icon='\ue805' data-av_iconfont='entypo-fontello' title='' data-avia-related-tooltip='Compartir por correo'><span class='avia_hidden_link_text'>Compartir por correo<\/span><\/a><\/li><\/ul><\/div><\/div>\n<div  style='height:50px' class='hr hr-invisible   avia-builder-el-8  el_after_av_social_share  el_before_av_comments_list '><span class='hr-inner ' ><span class='hr-inner-style'><\/span><\/span><\/div>\n<div  class='av-buildercomment  av-blog-meta-html-info-disabled av-blog-meta-tag-disabled  '><\/div>\n","protected":false},"excerpt":{"rendered":"","protected":false},"author":1,"featured_media":40086,"comment_status":"open","ping_status":"open","sticky":false,"template":"","format":"standard","meta":{"footnotes":""},"categories":[38],"tags":[],"class_list":["post-40085","post","type-post","status-publish","format-standard","has-post-thumbnail","hentry","category-regional"],"jetpack_featured_media_url":"https:\/\/radiorevelacionfm.cl\/wp-content\/uploads\/2024\/03\/b7ebed5a-1b0e-4b7e-b9a0-5a267c126f5b-2-1_optimized-1.jpeg","_links":{"self":[{"href":"https:\/\/radiorevelacionfm.cl\/index.php?rest_route=\/wp\/v2\/posts\/40085","targetHints":{"allow":["GET"]}}],"collection":[{"href":"https:\/\/radiorevelacionfm.cl\/index.php?rest_route=\/wp\/v2\/posts"}],"about":[{"href":"https:\/\/radiorevelacionfm.cl\/index.php?rest_route=\/wp\/v2\/types\/post"}],"author":[{"embeddable":true,"href":"https:\/\/radiorevelacionfm.cl\/index.php?rest_route=\/wp\/v2\/users\/1"}],"replies":[{"embeddable":true,"href":"https:\/\/radiorevelacionfm.cl\/index.php?rest_route=%2Fwp%2Fv2%2Fcomments&post=40085"}],"version-history":[{"count":1,"href":"https:\/\/radiorevelacionfm.cl\/index.php?rest_route=\/wp\/v2\/posts\/40085\/revisions"}],"predecessor-version":[{"id":40087,"href":"https:\/\/radiorevelacionfm.cl\/index.php?rest_route=\/wp\/v2\/posts\/40085\/revisions\/40087"}],"wp:featuredmedia":[{"embeddable":true,"href":"https:\/\/radiorevelacionfm.cl\/index.php?rest_route=\/wp\/v2\/media\/40086"}],"wp:attachment":[{"href":"https:\/\/radiorevelacionfm.cl\/index.php?rest_route=%2Fwp%2Fv2%2Fmedia&parent=40085"}],"wp:term":[{"taxonomy":"category","embeddable":true,"href":"https:\/\/radiorevelacionfm.cl\/index.php?rest_route=%2Fwp%2Fv2%2Fcategories&post=40085"},{"taxonomy":"post_tag","embeddable":true,"href":"https:\/\/radiorevelacionfm.cl\/index.php?rest_route=%2Fwp%2Fv2%2Ftags&post=40085"}],"curies":[{"name":"wp","href":"https:\/\/api.w.org\/{rel}","templated":true}]}}