{"id":40082,"date":"2024-03-06T12:47:37","date_gmt":"2024-03-06T15:47:37","guid":{"rendered":"https:\/\/radiorevelacionfm.cl\/?p=40082"},"modified":"2024-03-06T12:47:37","modified_gmt":"2024-03-06T15:47:37","slug":"vecinos-de-coyhaique-refuerzan-convivencia-de-sus-comunidades-gracias-a-dialogos-de-salud-mental","status":"publish","type":"post","link":"https:\/\/radiorevelacionfm.cl\/?p=40082","title":{"rendered":"Vecinos de Coyhaique refuerzan convivencia de sus comunidades gracias a Di\u00e1logos de Salud Mental"},"content":{"rendered":"<div class=\"flex_column av_one_full  flex_column_div av-zero-column-padding first  avia-builder-el-0  el_before_av_one_full  avia-builder-el-first  \" style='border-radius:0px; '><div  class='avia-image-container  av-styling-    avia-builder-el-1  avia-builder-el-no-sibling  avia-align-center '  itemprop=\"image\" itemscope=\"itemscope\" itemtype=\"https:\/\/schema.org\/ImageObject\"  ><div class='avia-image-container-inner'><div class='avia-image-overlay-wrap'><img decoding=\"async\" class='wp-image-40083 avia-img-lazy-loading-not-40083 avia_image' src=\"https:\/\/radiorevelacionfm.cl\/wp-content\/uploads\/2024\/03\/dialogo-salud-mental-1_optimized-1.jpg\" alt='' title='di\u00e1logo-salud-mental-(1)_optimized (1)' height=\"600\" width=\"1067\"  itemprop=\"thumbnailUrl\" srcset=\"https:\/\/radiorevelacionfm.cl\/wp-content\/uploads\/2024\/03\/dialogo-salud-mental-1_optimized-1.jpg 1067w, https:\/\/radiorevelacionfm.cl\/wp-content\/uploads\/2024\/03\/dialogo-salud-mental-1_optimized-1-300x169.jpg 300w, https:\/\/radiorevelacionfm.cl\/wp-content\/uploads\/2024\/03\/dialogo-salud-mental-1_optimized-1-1030x579.jpg 1030w, https:\/\/radiorevelacionfm.cl\/wp-content\/uploads\/2024\/03\/dialogo-salud-mental-1_optimized-1-768x432.jpg 768w, https:\/\/radiorevelacionfm.cl\/wp-content\/uploads\/2024\/03\/dialogo-salud-mental-1_optimized-1-705x396.jpg 705w, https:\/\/radiorevelacionfm.cl\/wp-content\/uploads\/2024\/03\/dialogo-salud-mental-1_optimized-1-450x253.jpg 450w, https:\/\/radiorevelacionfm.cl\/wp-content\/uploads\/2024\/03\/dialogo-salud-mental-1_optimized-1-600x337.jpg 600w\" sizes=\"(max-width: 1067px) 100vw, 1067px\" \/><\/div><\/div><\/div><\/div><div class=\"flex_column av_one_full  flex_column_div av-zero-column-padding first  avia-builder-el-2  el_after_av_one_full  el_before_av_one_full  column-top-margin\" style='border-radius:0px; '><section class=\"av_textblock_section \"  itemscope=\"itemscope\" itemtype=\"https:\/\/schema.org\/BlogPosting\" itemprop=\"blogPost\" ><div class='avia_textblock  '   itemprop=\"text\" ><p style=\"text-align: center;\"><span style=\"font-size: 18pt;\"><strong>Vecinos de Coyhaique refuerzan convivencia de sus comunidades gracias a Di\u00e1logos de Salud Mental<\/strong><\/span><\/p>\n<div id=\"gtx-trans\" style=\"position: absolute; left: -50px; top: 4.31534px;\">\n<div class=\"gtx-trans-icon\"><\/div>\n<\/div>\n<\/div><\/section><\/div><div class=\"flex_column av_one_full  flex_column_div av-zero-column-padding first  avia-builder-el-4  el_after_av_one_full  el_before_av_hr  column-top-margin\" style='border-radius:0px; '><section class=\"av_textblock_section \"  itemscope=\"itemscope\" itemtype=\"https:\/\/schema.org\/BlogPosting\" itemprop=\"blogPost\" ><div class='avia_textblock  '   itemprop=\"text\" ><p style=\"text-align: justify;\"><em>La iniciativa busca brindar espacios de conversaci\u00f3n que permitan fortalecer la colaboraci\u00f3n, empat\u00eda y convivencia entre los integrantes de las juntas de vecinos y sus familias, lo que finalmente se traduce en un bienestar colectivo que permite mejorar su calidad de vida.<\/em><\/p>\n<p style=\"text-align: justify;\">Inserto dentro del plan de trabajo de la Seremi de Salud, en materia de promoci\u00f3n de la salud mental, desde comienzos de este 2024 se dio inicio a una serie de Di\u00e1logos Ciudadanos sobre esta materia en distintos sectores de la comunidad, donde profesionales de salud se han trasladado hasta las juntas de vecinos de las poblaciones Clotario Blest, Los \u00c1lamos y General Marchant, abordando distintas materias de inter\u00e9s local,\u00a0 y que han ido desde el consumo de alcohol, el estr\u00e9s cotidiano debido a las distintas responsabilidades como padres, trabajadores, estudiantes etc., adem\u00e1s de la convivencia entre vecinos, el bienestar, la felicidad, la vida espiritual, la solidaridad y la actividad f\u00edsica, entre otros temas.<\/p>\n<p style=\"text-align: justify;\">Esta Iniciativa, que surge como una necesidad en el contexto de una reuni\u00f3n entre dirigentes sociales, la Seremi de Salud y el Gobierno Regional, ha sido destacada por los propios dirigentes sociales, tal como lo manifest\u00f3 la Pdta. JJVV Gral. Marchant, Luz Bastidas.\u00a0 \u201cEsto fue muy positivo, porque es un espacio que se les brinda a los vecinos de poder conversar y mirarse interiormente para ver la salud mental de cada uno de nosotros, porque todos experimentamos bajones, hay momentos donde podemos tener la necesidad de hablar con otros y empezar a dialogar con los vecinos.\u00a0 Esta tem\u00e1tica es muy sanadora, porque el tratar estos temas no debe ser algo que nos averg\u00fcence, sino que es necesario dar espacios para hablar entre nosotros\u201d.<\/p>\n<p style=\"text-align: justify;\">Similar opini\u00f3n es la que entreg\u00f3 la vecina de este sector, Ligia Araya.\u00a0 \u201cFue una actividad muy enriquecedora, porque es muy bonito vivir en comunidad en esta poblaci\u00f3n. Aqu\u00ed tenemos los famosos whatsapp\u2026 y con eso me comunico con los vecinos, si se corta la luz o pasa algo, porque yo vivo sola\u201d.<\/p>\n<p style=\"text-align: justify;\">Estas jornadas de reflexi\u00f3n buscan as\u00ed rescatar la importancia de fomentar la convivencia y el trabajo comunitario, la amistad, la colaboraci\u00f3n, la solidaridad, la valoraci\u00f3n de la familia y del barrio, entre otros aspectos.<\/p>\n<p style=\"text-align: justify;\">En este contexto, la Seremi de Salud, Carmen Monsalve G\u00f3mez, expres\u00f3 su satisfacci\u00f3n por la respuesta de la comunidad a estos di\u00e1logos.\u00a0 \u201cDesde la Seremi de Salud, y desde el equipo de Salud P\u00fablica, estamos muy contentos con el resultado de esta iniciativa de llevar conversatorios hacia las juntas de vecinos, hacia las comunidades, respecto de c\u00f3mo nos cuidamos. Todo esto se enmarca en el cuidado de la salud mental, que ha sido prioridad de nuestro Presidente Gabriel Boric y de nuestro Gobierno, es por eso que nos desplegamos hacia los territorios y esperamos darle continuidad en el tiempo a esta iniciativa, donde hemos recibido una muy buena aceptaci\u00f3n por parte de la comunidad, hemos logrado identificar herramientas para construir el bienestar en comunidad\u201d.<\/p>\n<p style=\"text-align: justify;\">Cabe se\u00f1alar que en jornadas anteriores las que fueron lideradas por la dirigente vecinal do\u00f1a Sandra Vargas, presidenta de la JJ VV Clotario Blest I y II, la que cont\u00f3 con gran convocatoria y que hubo opini\u00f3n cerrada de c\u00f3mo la comunicaci\u00f3n entre vecinas y la vida espiritual pueden ser de gran ayuda en momentos de conflictos.<\/p>\n<p style=\"text-align: justify;\">Asimismo, en la jornada de trabajo realizada con la JJVV de la poblaci\u00f3n Pablo Neruda, cuya presidenta do\u00f1a Miriam Navarro indic\u00f3 que la preocupaci\u00f3n por las y los vecinos m\u00e1s vulnerables, y la vida espiritual estaban dentro de sus herramientas m\u00e1s valiosas para el cuidado de la salud mental de la poblaci\u00f3n.<\/p>\n<p style=\"text-align: justify;\">Finalmente es importante se\u00f1alar que, durante estas jornadas de trabajo, se ha compartido con la poblaci\u00f3n el *4141, l\u00ednea especializada en situaciones de crisis en salud mental, con componente de riesgo suicidal, la que opera de manera gratuita, 24\/7, confidencial (excepto si hay riesgo vital), con una referente regional quien gestiona hora priorizada en salud mental si es necesario, incluso a la hospitalizaci\u00f3n si el caso lo amerita.<\/p>\n<\/div><\/section><\/div><div  style='height:50px' class='hr hr-invisible   avia-builder-el-6  el_after_av_one_full  el_before_av_social_share '><span class='hr-inner ' ><span class='hr-inner-style'><\/span><\/span><\/div><\/p>\n<div  class='av-social-sharing-box  avia-builder-el-7  el_after_av_hr  el_before_av_hr  '><div class='av-share-box'><h5 class='av-share-link-description av-no-toc '>Compartir esta noticia<\/h5><ul class='av-share-box-list noLightbox'><li class='av-share-link av-social-link-facebook' ><a target=\"_blank\" aria-label=\"Compartir en Facebook\" href='https:\/\/www.facebook.com\/sharer.php?u=https:\/\/radiorevelacionfm.cl\/?p=40082&#038;t=Vecinos%20de%20Coyhaique%20refuerzan%20convivencia%20de%20sus%20comunidades%20gracias%20a%20Di%C3%A1logos%20de%20Salud%20Mental' aria-hidden='false' data-av_icon='\ue8f3' data-av_iconfont='entypo-fontello' title='' data-avia-related-tooltip='Compartir en Facebook' rel=\"noopener\"><span class='avia_hidden_link_text'>Compartir en Facebook<\/span><\/a><\/li><li class='av-share-link av-social-link-twitter' ><a target=\"_blank\" aria-label=\"Compartir en Twitter\" href='https:\/\/twitter.com\/share?text=Vecinos%20de%20Coyhaique%20refuerzan%20convivencia%20de%20sus%20comunidades%20gracias%20a%20Di%C3%A1logos%20de%20Salud%20Mental&#038;url=https:\/\/radiorevelacionfm.cl\/?p=40082' aria-hidden='false' data-av_icon='\ue8f1' data-av_iconfont='entypo-fontello' title='' data-avia-related-tooltip='Compartir en Twitter' rel=\"noopener\"><span class='avia_hidden_link_text'>Compartir en Twitter<\/span><\/a><\/li><li class='av-share-link av-social-link-whatsapp' ><a target=\"_blank\" aria-label=\"Compartir en Whatsapp\" href='https:\/\/api.whatsapp.com\/send?text=https:\/\/radiorevelacionfm.cl\/?p=40082' aria-hidden='false' data-av_icon='\uf232' data-av_iconfont='entypo-fontello' title='' data-avia-related-tooltip='Compartir en Whatsapp' rel=\"noopener\"><span class='avia_hidden_link_text'>Compartir en Whatsapp<\/span><\/a><\/li><li class='av-share-link av-social-link-linkedin' ><a target=\"_blank\" aria-label=\"Compartir en LinkedIn\" href='https:\/\/linkedin.com\/shareArticle?mini=true&#038;title=Vecinos%20de%20Coyhaique%20refuerzan%20convivencia%20de%20sus%20comunidades%20gracias%20a%20Di%C3%A1logos%20de%20Salud%20Mental&#038;url=https:\/\/radiorevelacionfm.cl\/?p=40082' aria-hidden='false' data-av_icon='\ue8fc' data-av_iconfont='entypo-fontello' title='' data-avia-related-tooltip='Compartir en LinkedIn' rel=\"noopener\"><span class='avia_hidden_link_text'>Compartir en LinkedIn<\/span><\/a><\/li><li class='av-share-link av-social-link-mail' ><a  aria-label=\"Compartir por correo\" href='mailto:?subject=Vecinos%20de%20Coyhaique%20refuerzan%20convivencia%20de%20sus%20comunidades%20gracias%20a%20Di%C3%A1logos%20de%20Salud%20Mental&#038;body=https:\/\/radiorevelacionfm.cl\/?p=40082' aria-hidden='false' data-av_icon='\ue805' data-av_iconfont='entypo-fontello' title='' data-avia-related-tooltip='Compartir por correo'><span class='avia_hidden_link_text'>Compartir por correo<\/span><\/a><\/li><\/ul><\/div><\/div>\n<div  style='height:50px' class='hr hr-invisible   avia-builder-el-8  el_after_av_social_share  el_before_av_comments_list '><span class='hr-inner ' ><span class='hr-inner-style'><\/span><\/span><\/div>\n<div  class='av-buildercomment  av-blog-meta-html-info-disabled av-blog-meta-tag-disabled  '><\/div>\n","protected":false},"excerpt":{"rendered":"","protected":false},"author":1,"featured_media":40083,"comment_status":"open","ping_status":"open","sticky":false,"template":"","format":"standard","meta":{"footnotes":""},"categories":[46],"tags":[],"class_list":["post-40082","post","type-post","status-publish","format-standard","has-post-thumbnail","hentry","category-salud"],"jetpack_featured_media_url":"https:\/\/radiorevelacionfm.cl\/wp-content\/uploads\/2024\/03\/dialogo-salud-mental-1_optimized-1.jpg","_links":{"self":[{"href":"https:\/\/radiorevelacionfm.cl\/index.php?rest_route=\/wp\/v2\/posts\/40082","targetHints":{"allow":["GET"]}}],"collection":[{"href":"https:\/\/radiorevelacionfm.cl\/index.php?rest_route=\/wp\/v2\/posts"}],"about":[{"href":"https:\/\/radiorevelacionfm.cl\/index.php?rest_route=\/wp\/v2\/types\/post"}],"author":[{"embeddable":true,"href":"https:\/\/radiorevelacionfm.cl\/index.php?rest_route=\/wp\/v2\/users\/1"}],"replies":[{"embeddable":true,"href":"https:\/\/radiorevelacionfm.cl\/index.php?rest_route=%2Fwp%2Fv2%2Fcomments&post=40082"}],"version-history":[{"count":1,"href":"https:\/\/radiorevelacionfm.cl\/index.php?rest_route=\/wp\/v2\/posts\/40082\/revisions"}],"predecessor-version":[{"id":40084,"href":"https:\/\/radiorevelacionfm.cl\/index.php?rest_route=\/wp\/v2\/posts\/40082\/revisions\/40084"}],"wp:featuredmedia":[{"embeddable":true,"href":"https:\/\/radiorevelacionfm.cl\/index.php?rest_route=\/wp\/v2\/media\/40083"}],"wp:attachment":[{"href":"https:\/\/radiorevelacionfm.cl\/index.php?rest_route=%2Fwp%2Fv2%2Fmedia&parent=40082"}],"wp:term":[{"taxonomy":"category","embeddable":true,"href":"https:\/\/radiorevelacionfm.cl\/index.php?rest_route=%2Fwp%2Fv2%2Fcategories&post=40082"},{"taxonomy":"post_tag","embeddable":true,"href":"https:\/\/radiorevelacionfm.cl\/index.php?rest_route=%2Fwp%2Fv2%2Ftags&post=40082"}],"curies":[{"name":"wp","href":"https:\/\/api.w.org\/{rel}","templated":true}]}}