{"id":40079,"date":"2024-03-06T10:36:04","date_gmt":"2024-03-06T13:36:04","guid":{"rendered":"https:\/\/radiorevelacionfm.cl\/?p=40079"},"modified":"2024-03-06T10:36:04","modified_gmt":"2024-03-06T13:36:04","slug":"invitan-a-concierto-de-fabian-vidal-este-viernes-en-puerto-aysen","status":"publish","type":"post","link":"https:\/\/radiorevelacionfm.cl\/?p=40079","title":{"rendered":"Invitan a concierto de Fabi\u00e1n Vidal este viernes en Puerto Ays\u00e9n"},"content":{"rendered":"<div class=\"flex_column av_one_full  flex_column_div av-zero-column-padding first  avia-builder-el-0  el_before_av_one_full  avia-builder-el-first  \" style='border-radius:0px; '><div  class='avia-image-container  av-styling-    avia-builder-el-1  avia-builder-el-no-sibling  avia-align-center '  itemprop=\"image\" itemscope=\"itemscope\" itemtype=\"https:\/\/schema.org\/ImageObject\"  ><div class='avia-image-container-inner'><div class='avia-image-overlay-wrap'><img decoding=\"async\" class='wp-image-40080 avia-img-lazy-loading-not-40080 avia_image' src=\"https:\/\/radiorevelacionfm.cl\/wp-content\/uploads\/2024\/03\/fabian-vidal-1-1_optimized.jpg\" alt='' title='fabian-vidal-1-(1)_optimized' height=\"1050\" width=\"795\"  itemprop=\"thumbnailUrl\" srcset=\"https:\/\/radiorevelacionfm.cl\/wp-content\/uploads\/2024\/03\/fabian-vidal-1-1_optimized.jpg 795w, https:\/\/radiorevelacionfm.cl\/wp-content\/uploads\/2024\/03\/fabian-vidal-1-1_optimized-227x300.jpg 227w, https:\/\/radiorevelacionfm.cl\/wp-content\/uploads\/2024\/03\/fabian-vidal-1-1_optimized-780x1030.jpg 780w, https:\/\/radiorevelacionfm.cl\/wp-content\/uploads\/2024\/03\/fabian-vidal-1-1_optimized-768x1014.jpg 768w, https:\/\/radiorevelacionfm.cl\/wp-content\/uploads\/2024\/03\/fabian-vidal-1-1_optimized-534x705.jpg 534w, https:\/\/radiorevelacionfm.cl\/wp-content\/uploads\/2024\/03\/fabian-vidal-1-1_optimized-450x594.jpg 450w, https:\/\/radiorevelacionfm.cl\/wp-content\/uploads\/2024\/03\/fabian-vidal-1-1_optimized-600x792.jpg 600w\" sizes=\"(max-width: 795px) 100vw, 795px\" \/><\/div><\/div><\/div><\/div><div class=\"flex_column av_one_full  flex_column_div av-zero-column-padding first  avia-builder-el-2  el_after_av_one_full  el_before_av_one_full  column-top-margin\" style='border-radius:0px; '><section class=\"av_textblock_section \"  itemscope=\"itemscope\" itemtype=\"https:\/\/schema.org\/BlogPosting\" itemprop=\"blogPost\" ><div class='avia_textblock  '   itemprop=\"text\" ><p style=\"text-align: center;\"><strong><span style=\"font-size: 18pt;\">Invitan a concierto de Fabi\u00e1n Vidal este viernes en Puerto Ays\u00e9n<\/span><\/strong><\/p>\n<div id=\"gtx-trans\" style=\"position: absolute; left: -50px; top: 4.31534px;\">\n<div class=\"gtx-trans-icon\"><\/div>\n<\/div>\n<\/div><\/section><\/div><div class=\"flex_column av_one_full  flex_column_div av-zero-column-padding first  avia-builder-el-4  el_after_av_one_full  el_before_av_hr  column-top-margin\" style='border-radius:0px; '><section class=\"av_textblock_section \"  itemscope=\"itemscope\" itemtype=\"https:\/\/schema.org\/BlogPosting\" itemprop=\"blogPost\" ><div class='avia_textblock  '   itemprop=\"text\" ><p style=\"text-align: justify;\">Este viernes 8 de marzo, a partir de las 20:00 horas en el sector Plaza de Armas de Puerto Ays\u00e9n, el cantautor regional Fabi\u00e1n Vidal, ofrecer\u00e1 un concierto abierto a la comunidad y en el contexto de la conmemoraci\u00f3n del d\u00eda Internacional de la Mujer.<\/p>\n<p style=\"text-align: justify;\">Desde muy peque\u00f1o este aysenino ha estado ligado al canto, en la actualidad ha participado en festivales locales y regionales e incluso hace algunos meses fue invitado a Estados Unidos por una emisora que destaca artistas en espa\u00f1ol y a trav\u00e9s de \u201cContacto Michigan\u201d pudo mostrar su m\u00fasica.<\/p>\n<p style=\"text-align: justify;\">Agradeciendo la oportunidad y el apoyo de la Municipalidad de Ays\u00e9n, este viernes Fabi\u00e1n Vidal, espera interactuar con la comunidad, interpretar m\u00fasica en variados estilos y dar a conocer su m\u00e1s reciente producci\u00f3n.<\/p>\n<p style=\"text-align: justify;\">\u201cQuisiera invitarles muy cordialmente para este viernes 8, a las 20 horas, una actividad muy hermosa, un show con m\u00fasicos en vivo, preparado con mucho amor y cari\u00f1o para todas las mujeres y todas las personas que quieran ir a la Plaza de Armas este viernes. Reiteramos la invitaci\u00f3n a todos, dejaremos todo para poder alegrarles la noche con canciones hermosas incluidas y algunas canciones del disco\u201d, se\u00f1al\u00f3 Fabi\u00e1n Vidal.<\/p>\n<p style=\"text-align: justify;\">Las canciones de su m\u00e1s reciente \u00e1lbum \u201chas llegado\u201d, se pueden escuchar en las plataformas virtuales como YouTube y Spotify.<\/p>\n<\/div><\/section><\/div><div  style='height:50px' class='hr hr-invisible   avia-builder-el-6  el_after_av_one_full  el_before_av_social_share '><span class='hr-inner ' ><span class='hr-inner-style'><\/span><\/span><\/div><\/p>\n<div  class='av-social-sharing-box  avia-builder-el-7  el_after_av_hr  el_before_av_hr  '><div class='av-share-box'><h5 class='av-share-link-description av-no-toc '>Compartir esta noticia<\/h5><ul class='av-share-box-list noLightbox'><li class='av-share-link av-social-link-facebook' ><a target=\"_blank\" aria-label=\"Compartir en Facebook\" href='https:\/\/www.facebook.com\/sharer.php?u=https:\/\/radiorevelacionfm.cl\/?p=40079&#038;t=Invitan%20a%20concierto%20de%20Fabi%C3%A1n%20Vidal%20este%20viernes%20en%20Puerto%20Ays%C3%A9n' aria-hidden='false' data-av_icon='\ue8f3' data-av_iconfont='entypo-fontello' title='' data-avia-related-tooltip='Compartir en Facebook' rel=\"noopener\"><span class='avia_hidden_link_text'>Compartir en Facebook<\/span><\/a><\/li><li class='av-share-link av-social-link-twitter' ><a target=\"_blank\" aria-label=\"Compartir en Twitter\" href='https:\/\/twitter.com\/share?text=Invitan%20a%20concierto%20de%20Fabi%C3%A1n%20Vidal%20este%20viernes%20en%20Puerto%20Ays%C3%A9n&#038;url=https:\/\/radiorevelacionfm.cl\/?p=40079' aria-hidden='false' data-av_icon='\ue8f1' data-av_iconfont='entypo-fontello' title='' data-avia-related-tooltip='Compartir en Twitter' rel=\"noopener\"><span class='avia_hidden_link_text'>Compartir en Twitter<\/span><\/a><\/li><li class='av-share-link av-social-link-whatsapp' ><a target=\"_blank\" aria-label=\"Compartir en Whatsapp\" href='https:\/\/api.whatsapp.com\/send?text=https:\/\/radiorevelacionfm.cl\/?p=40079' aria-hidden='false' data-av_icon='\uf232' data-av_iconfont='entypo-fontello' title='' data-avia-related-tooltip='Compartir en Whatsapp' rel=\"noopener\"><span class='avia_hidden_link_text'>Compartir en Whatsapp<\/span><\/a><\/li><li class='av-share-link av-social-link-linkedin' ><a target=\"_blank\" aria-label=\"Compartir en LinkedIn\" href='https:\/\/linkedin.com\/shareArticle?mini=true&#038;title=Invitan%20a%20concierto%20de%20Fabi%C3%A1n%20Vidal%20este%20viernes%20en%20Puerto%20Ays%C3%A9n&#038;url=https:\/\/radiorevelacionfm.cl\/?p=40079' aria-hidden='false' data-av_icon='\ue8fc' data-av_iconfont='entypo-fontello' title='' data-avia-related-tooltip='Compartir en LinkedIn' rel=\"noopener\"><span class='avia_hidden_link_text'>Compartir en LinkedIn<\/span><\/a><\/li><li class='av-share-link av-social-link-mail' ><a  aria-label=\"Compartir por correo\" href='mailto:?subject=Invitan%20a%20concierto%20de%20Fabi%C3%A1n%20Vidal%20este%20viernes%20en%20Puerto%20Ays%C3%A9n&#038;body=https:\/\/radiorevelacionfm.cl\/?p=40079' aria-hidden='false' data-av_icon='\ue805' data-av_iconfont='entypo-fontello' title='' data-avia-related-tooltip='Compartir por correo'><span class='avia_hidden_link_text'>Compartir por correo<\/span><\/a><\/li><\/ul><\/div><\/div>\n<div  style='height:50px' class='hr hr-invisible   avia-builder-el-8  el_after_av_social_share  el_before_av_comments_list '><span class='hr-inner ' ><span class='hr-inner-style'><\/span><\/span><\/div>\n<div  class='av-buildercomment  av-blog-meta-html-info-disabled av-blog-meta-tag-disabled  '><\/div>\n","protected":false},"excerpt":{"rendered":"","protected":false},"author":1,"featured_media":40080,"comment_status":"open","ping_status":"open","sticky":false,"template":"","format":"standard","meta":{"footnotes":""},"categories":[43],"tags":[],"class_list":["post-40079","post","type-post","status-publish","format-standard","has-post-thumbnail","hentry","category-musica"],"jetpack_featured_media_url":"https:\/\/radiorevelacionfm.cl\/wp-content\/uploads\/2024\/03\/fabian-vidal-1-1_optimized.jpg","_links":{"self":[{"href":"https:\/\/radiorevelacionfm.cl\/index.php?rest_route=\/wp\/v2\/posts\/40079","targetHints":{"allow":["GET"]}}],"collection":[{"href":"https:\/\/radiorevelacionfm.cl\/index.php?rest_route=\/wp\/v2\/posts"}],"about":[{"href":"https:\/\/radiorevelacionfm.cl\/index.php?rest_route=\/wp\/v2\/types\/post"}],"author":[{"embeddable":true,"href":"https:\/\/radiorevelacionfm.cl\/index.php?rest_route=\/wp\/v2\/users\/1"}],"replies":[{"embeddable":true,"href":"https:\/\/radiorevelacionfm.cl\/index.php?rest_route=%2Fwp%2Fv2%2Fcomments&post=40079"}],"version-history":[{"count":1,"href":"https:\/\/radiorevelacionfm.cl\/index.php?rest_route=\/wp\/v2\/posts\/40079\/revisions"}],"predecessor-version":[{"id":40081,"href":"https:\/\/radiorevelacionfm.cl\/index.php?rest_route=\/wp\/v2\/posts\/40079\/revisions\/40081"}],"wp:featuredmedia":[{"embeddable":true,"href":"https:\/\/radiorevelacionfm.cl\/index.php?rest_route=\/wp\/v2\/media\/40080"}],"wp:attachment":[{"href":"https:\/\/radiorevelacionfm.cl\/index.php?rest_route=%2Fwp%2Fv2%2Fmedia&parent=40079"}],"wp:term":[{"taxonomy":"category","embeddable":true,"href":"https:\/\/radiorevelacionfm.cl\/index.php?rest_route=%2Fwp%2Fv2%2Fcategories&post=40079"},{"taxonomy":"post_tag","embeddable":true,"href":"https:\/\/radiorevelacionfm.cl\/index.php?rest_route=%2Fwp%2Fv2%2Ftags&post=40079"}],"curies":[{"name":"wp","href":"https:\/\/api.w.org\/{rel}","templated":true}]}}