{"id":40076,"date":"2024-03-05T21:23:07","date_gmt":"2024-03-06T00:23:07","guid":{"rendered":"https:\/\/radiorevelacionfm.cl\/?p=40076"},"modified":"2024-03-05T21:23:07","modified_gmt":"2024-03-06T00:23:07","slug":"emocionante-campeonato-de-voleibol-playa-mixto-se-desarrollo-en-puerto-cisnes","status":"publish","type":"post","link":"https:\/\/radiorevelacionfm.cl\/?p=40076","title":{"rendered":"Emocionante Campeonato de Voleibol Playa Mixto se desarroll\u00f3 en Puerto Cisnes"},"content":{"rendered":"<div class=\"flex_column av_one_full  flex_column_div av-zero-column-padding first  avia-builder-el-0  el_before_av_one_full  avia-builder-el-first  \" style='border-radius:0px; '><div  class='avia-image-container  av-styling-    avia-builder-el-1  avia-builder-el-no-sibling  avia-align-center '  itemprop=\"image\" itemscope=\"itemscope\" itemtype=\"https:\/\/schema.org\/ImageObject\"  ><div class='avia-image-container-inner'><div class='avia-image-overlay-wrap'><img decoding=\"async\" class='wp-image-40077 avia-img-lazy-loading-not-40077 avia_image' src=\"https:\/\/radiorevelacionfm.cl\/wp-content\/uploads\/2024\/03\/voleibol-playa-1_optimized-1.jpg\" alt='' title='voleibol-playa-(1)_optimized (1)' height=\"600\" width=\"1171\"  itemprop=\"thumbnailUrl\" srcset=\"https:\/\/radiorevelacionfm.cl\/wp-content\/uploads\/2024\/03\/voleibol-playa-1_optimized-1.jpg 1171w, https:\/\/radiorevelacionfm.cl\/wp-content\/uploads\/2024\/03\/voleibol-playa-1_optimized-1-300x154.jpg 300w, https:\/\/radiorevelacionfm.cl\/wp-content\/uploads\/2024\/03\/voleibol-playa-1_optimized-1-1030x528.jpg 1030w, https:\/\/radiorevelacionfm.cl\/wp-content\/uploads\/2024\/03\/voleibol-playa-1_optimized-1-768x394.jpg 768w, https:\/\/radiorevelacionfm.cl\/wp-content\/uploads\/2024\/03\/voleibol-playa-1_optimized-1-705x361.jpg 705w, https:\/\/radiorevelacionfm.cl\/wp-content\/uploads\/2024\/03\/voleibol-playa-1_optimized-1-450x231.jpg 450w, https:\/\/radiorevelacionfm.cl\/wp-content\/uploads\/2024\/03\/voleibol-playa-1_optimized-1-600x307.jpg 600w\" sizes=\"(max-width: 1171px) 100vw, 1171px\" \/><\/div><\/div><\/div><\/div><div class=\"flex_column av_one_full  flex_column_div av-zero-column-padding first  avia-builder-el-2  el_after_av_one_full  el_before_av_one_full  column-top-margin\" style='border-radius:0px; '><section class=\"av_textblock_section \"  itemscope=\"itemscope\" itemtype=\"https:\/\/schema.org\/BlogPosting\" itemprop=\"blogPost\" ><div class='avia_textblock  '   itemprop=\"text\" ><p style=\"text-align: center;\"><strong><span style=\"font-size: 18pt;\">Emocionante Campeonato de Voleibol Playa Mixto se desarroll\u00f3 en Puerto Cisnes <\/span><\/strong><\/p>\n<div id=\"gtx-trans\" style=\"position: absolute; left: -50px; top: 4.31534px;\">\n<div class=\"gtx-trans-icon\"><\/div>\n<\/div>\n<\/div><\/section><\/div><div class=\"flex_column av_one_full  flex_column_div av-zero-column-padding first  avia-builder-el-4  el_after_av_one_full  el_before_av_hr  column-top-margin\" style='border-radius:0px; '><section class=\"av_textblock_section \"  itemscope=\"itemscope\" itemtype=\"https:\/\/schema.org\/BlogPosting\" itemprop=\"blogPost\" ><div class='avia_textblock  '   itemprop=\"text\" ><p style=\"text-align: justify;\">Un emocionante Campeonato de Voleibol Playa Mixto se vivi\u00f3 el fin de semana en Puerto Cisnes, la actividad se enmarc\u00f3 en el Programa de actividades de \u201cVIVE EL VERANO EN CISNES\u201d.<\/p>\n<p style=\"text-align: justify;\">Un total de 8 equipos se dieron cita en el sector medialuna de la capital comunal, el encuentro deportivo se desarroll\u00f3 el s\u00e1bado 02 de marzo, la competencia fue intensa y se extendi\u00f3 durante toda la tarde.<\/p>\n<p style=\"text-align: justify;\">Los equipos participantes lo dieron todo, con gran entusiasmo, luego de una sana competencia el equipo \u00abPan con Chela\u00bb logr\u00f3 alzarse con el primer lugar, seguidos de cerca por el incre\u00edble desempe\u00f1o de Prat 1, quienes obtuvieron el segundo lugar, en tanto, el equipo Mackay de la ciudad de Coyhaique se qued\u00f3 con el tercer lugar. La cuarta posici\u00f3n la ocup\u00f3 el equipo \u00abPantera\u00bb.<\/p>\n<p style=\"text-align: justify;\">Desde la Municipalidad agradecieron a quienes hicieron posible este evento: Patio 504, Supermercado Donde Krosty y Aquachile. Su apoyo fue fundamental para el \u00e9xito de este campeonato.<\/p>\n<p style=\"text-align: justify;\">Como Municipalidad seguiremos trabajando por promover el deporte en sus distintas disciplinas, y pensando siempre en la participaci\u00f3n de toda la familia.<\/p>\n<p style=\"text-align: justify;\">Ya en la recta final del verano a\u00fan quedan actividades, por lo que invitan a vecinos y visitantes a seguir disfrutando de actividades en cada uno de los rincones de la comuna, hasta fines de marzo.<\/p>\n<p style=\"text-align: justify;\">Les compartimos las pr\u00f3ximas actividades en la comuna de\u00a0Cisnes:<\/p>\n<p style=\"text-align: justify;\">29 y 30 de marzo: Fiesta entre Curanto y Kuchen Puyuhuapi<\/p>\n<p style=\"text-align: justify;\">31 de marzo: Fiesta del Mar Puyuhuapi<\/p>\n<\/div><\/section><\/div><div  style='height:50px' class='hr hr-invisible   avia-builder-el-6  el_after_av_one_full  el_before_av_social_share '><span class='hr-inner ' ><span class='hr-inner-style'><\/span><\/span><\/div><\/p>\n<div  class='av-social-sharing-box  avia-builder-el-7  el_after_av_hr  el_before_av_hr  '><div class='av-share-box'><h5 class='av-share-link-description av-no-toc '>Compartir esta noticia<\/h5><ul class='av-share-box-list noLightbox'><li class='av-share-link av-social-link-facebook' ><a target=\"_blank\" aria-label=\"Compartir en Facebook\" href='https:\/\/www.facebook.com\/sharer.php?u=https:\/\/radiorevelacionfm.cl\/?p=40076&#038;t=Emocionante%20Campeonato%20de%20Voleibol%20Playa%20Mixto%20se%20desarroll%C3%B3%20en%20Puerto%20Cisnes' aria-hidden='false' data-av_icon='\ue8f3' data-av_iconfont='entypo-fontello' title='' data-avia-related-tooltip='Compartir en Facebook' rel=\"noopener\"><span class='avia_hidden_link_text'>Compartir en Facebook<\/span><\/a><\/li><li class='av-share-link av-social-link-twitter' ><a target=\"_blank\" aria-label=\"Compartir en Twitter\" href='https:\/\/twitter.com\/share?text=Emocionante%20Campeonato%20de%20Voleibol%20Playa%20Mixto%20se%20desarroll%C3%B3%20en%20Puerto%20Cisnes&#038;url=https:\/\/radiorevelacionfm.cl\/?p=40076' aria-hidden='false' data-av_icon='\ue8f1' data-av_iconfont='entypo-fontello' title='' data-avia-related-tooltip='Compartir en Twitter' rel=\"noopener\"><span class='avia_hidden_link_text'>Compartir en Twitter<\/span><\/a><\/li><li class='av-share-link av-social-link-whatsapp' ><a target=\"_blank\" aria-label=\"Compartir en Whatsapp\" href='https:\/\/api.whatsapp.com\/send?text=https:\/\/radiorevelacionfm.cl\/?p=40076' aria-hidden='false' data-av_icon='\uf232' data-av_iconfont='entypo-fontello' title='' data-avia-related-tooltip='Compartir en Whatsapp' rel=\"noopener\"><span class='avia_hidden_link_text'>Compartir en Whatsapp<\/span><\/a><\/li><li class='av-share-link av-social-link-linkedin' ><a target=\"_blank\" aria-label=\"Compartir en LinkedIn\" href='https:\/\/linkedin.com\/shareArticle?mini=true&#038;title=Emocionante%20Campeonato%20de%20Voleibol%20Playa%20Mixto%20se%20desarroll%C3%B3%20en%20Puerto%20Cisnes&#038;url=https:\/\/radiorevelacionfm.cl\/?p=40076' aria-hidden='false' data-av_icon='\ue8fc' data-av_iconfont='entypo-fontello' title='' data-avia-related-tooltip='Compartir en LinkedIn' rel=\"noopener\"><span class='avia_hidden_link_text'>Compartir en LinkedIn<\/span><\/a><\/li><li class='av-share-link av-social-link-mail' ><a  aria-label=\"Compartir por correo\" href='mailto:?subject=Emocionante%20Campeonato%20de%20Voleibol%20Playa%20Mixto%20se%20desarroll%C3%B3%20en%20Puerto%20Cisnes&#038;body=https:\/\/radiorevelacionfm.cl\/?p=40076' aria-hidden='false' data-av_icon='\ue805' data-av_iconfont='entypo-fontello' title='' data-avia-related-tooltip='Compartir por correo'><span class='avia_hidden_link_text'>Compartir por correo<\/span><\/a><\/li><\/ul><\/div><\/div>\n<div  style='height:50px' class='hr hr-invisible   avia-builder-el-8  el_after_av_social_share  el_before_av_comments_list '><span class='hr-inner ' ><span class='hr-inner-style'><\/span><\/span><\/div>\n<div  class='av-buildercomment  av-blog-meta-html-info-disabled av-blog-meta-tag-disabled  '><\/div>\n","protected":false},"excerpt":{"rendered":"","protected":false},"author":1,"featured_media":40077,"comment_status":"open","ping_status":"open","sticky":false,"template":"","format":"standard","meta":{"footnotes":""},"categories":[40],"tags":[],"class_list":["post-40076","post","type-post","status-publish","format-standard","has-post-thumbnail","hentry","category-deportes"],"jetpack_featured_media_url":"https:\/\/radiorevelacionfm.cl\/wp-content\/uploads\/2024\/03\/voleibol-playa-1_optimized-1.jpg","_links":{"self":[{"href":"https:\/\/radiorevelacionfm.cl\/index.php?rest_route=\/wp\/v2\/posts\/40076","targetHints":{"allow":["GET"]}}],"collection":[{"href":"https:\/\/radiorevelacionfm.cl\/index.php?rest_route=\/wp\/v2\/posts"}],"about":[{"href":"https:\/\/radiorevelacionfm.cl\/index.php?rest_route=\/wp\/v2\/types\/post"}],"author":[{"embeddable":true,"href":"https:\/\/radiorevelacionfm.cl\/index.php?rest_route=\/wp\/v2\/users\/1"}],"replies":[{"embeddable":true,"href":"https:\/\/radiorevelacionfm.cl\/index.php?rest_route=%2Fwp%2Fv2%2Fcomments&post=40076"}],"version-history":[{"count":1,"href":"https:\/\/radiorevelacionfm.cl\/index.php?rest_route=\/wp\/v2\/posts\/40076\/revisions"}],"predecessor-version":[{"id":40078,"href":"https:\/\/radiorevelacionfm.cl\/index.php?rest_route=\/wp\/v2\/posts\/40076\/revisions\/40078"}],"wp:featuredmedia":[{"embeddable":true,"href":"https:\/\/radiorevelacionfm.cl\/index.php?rest_route=\/wp\/v2\/media\/40077"}],"wp:attachment":[{"href":"https:\/\/radiorevelacionfm.cl\/index.php?rest_route=%2Fwp%2Fv2%2Fmedia&parent=40076"}],"wp:term":[{"taxonomy":"category","embeddable":true,"href":"https:\/\/radiorevelacionfm.cl\/index.php?rest_route=%2Fwp%2Fv2%2Fcategories&post=40076"},{"taxonomy":"post_tag","embeddable":true,"href":"https:\/\/radiorevelacionfm.cl\/index.php?rest_route=%2Fwp%2Fv2%2Ftags&post=40076"}],"curies":[{"name":"wp","href":"https:\/\/api.w.org\/{rel}","templated":true}]}}