{"id":40072,"date":"2024-03-06T21:09:09","date_gmt":"2024-03-07T00:09:09","guid":{"rendered":"https:\/\/radiorevelacionfm.cl\/?p=40072"},"modified":"2024-03-06T21:09:09","modified_gmt":"2024-03-07T00:09:09","slug":"benito-hernando-lanzo-consulta-en-linea-para-definir-junto-a-la-comunidad-los-futuros-desafios-de-la-region","status":"publish","type":"post","link":"https:\/\/radiorevelacionfm.cl\/?p=40072","title":{"rendered":"Benito Hernando lanz\u00f3 consulta \u2018en l\u00ednea\u2019 para definir junto a la comunidad los futuros desaf\u00edos de la regi\u00f3n"},"content":{"rendered":"<div class=\"flex_column av_one_full  flex_column_div av-zero-column-padding first  avia-builder-el-0  el_before_av_one_full  avia-builder-el-first  \" style='border-radius:0px; '><div  class='avia-image-container  av-styling-    avia-builder-el-1  avia-builder-el-no-sibling  avia-align-center '  itemprop=\"image\" itemscope=\"itemscope\" itemtype=\"https:\/\/schema.org\/ImageObject\"  ><div class='avia-image-container-inner'><div class='avia-image-overlay-wrap'><img decoding=\"async\" class='wp-image-40073 avia-img-lazy-loading-not-40073 avia_image' src=\"https:\/\/radiorevelacionfm.cl\/wp-content\/uploads\/2024\/03\/benitohernando-1-1.jpeg\" alt='' title='benitohernando (1) (1)' height=\"600\" width=\"1067\"  itemprop=\"thumbnailUrl\" srcset=\"https:\/\/radiorevelacionfm.cl\/wp-content\/uploads\/2024\/03\/benitohernando-1-1.jpeg 1067w, https:\/\/radiorevelacionfm.cl\/wp-content\/uploads\/2024\/03\/benitohernando-1-1-300x169.jpeg 300w, https:\/\/radiorevelacionfm.cl\/wp-content\/uploads\/2024\/03\/benitohernando-1-1-1030x579.jpeg 1030w, https:\/\/radiorevelacionfm.cl\/wp-content\/uploads\/2024\/03\/benitohernando-1-1-768x432.jpeg 768w, https:\/\/radiorevelacionfm.cl\/wp-content\/uploads\/2024\/03\/benitohernando-1-1-705x396.jpeg 705w, https:\/\/radiorevelacionfm.cl\/wp-content\/uploads\/2024\/03\/benitohernando-1-1-450x253.jpeg 450w, https:\/\/radiorevelacionfm.cl\/wp-content\/uploads\/2024\/03\/benitohernando-1-1-600x337.jpeg 600w\" sizes=\"(max-width: 1067px) 100vw, 1067px\" \/><\/div><\/div><\/div><\/div>\n<div class=\"flex_column av_one_full  flex_column_div av-zero-column-padding first  avia-builder-el-2  el_after_av_one_full  el_before_av_one_full  column-top-margin\" style='border-radius:0px; '><section class=\"av_textblock_section \"  itemscope=\"itemscope\" itemtype=\"https:\/\/schema.org\/BlogPosting\" itemprop=\"blogPost\" ><div class='avia_textblock  '   itemprop=\"text\" ><p style=\"text-align: center;\"><strong><span style=\"font-size: 18pt;\">Benito Hernando lanz\u00f3 consulta \u2018en l\u00ednea\u2019 para definir junto a la comunidad los futuros desaf\u00edos de la regi\u00f3n<\/span><\/strong><\/p>\n<div id=\"gtx-trans\" style=\"position: absolute; left: -50px; top: 4.31534px;\">\n<div class=\"gtx-trans-icon\"><\/div>\n<\/div>\n<\/div><\/section><\/div>\n<div class=\"flex_column av_one_full  flex_column_div av-zero-column-padding first  avia-builder-el-4  el_after_av_one_full  el_before_av_hr  column-top-margin\" style='border-radius:0px; '><section class=\"av_textblock_section \"  itemscope=\"itemscope\" itemtype=\"https:\/\/schema.org\/BlogPosting\" itemprop=\"blogPost\" ><div class='avia_textblock  '   itemprop=\"text\" ><p style=\"text-align: justify;\"><em>El candidato a encabezar el Gobierno Regional de Ays\u00e9n manifest\u00f3 que \u201cesta es una invitaci\u00f3n abierta a todos quienes quieran participar de esta importante recopilaci\u00f3n de informaci\u00f3n\u201d. Puntualiz\u00f3, adem\u00e1s, que \u201ctodos sabemos cu\u00e1les son las necesidades del territorio. Sin embargo, a las hist\u00f3ricas demandas se suman nuevas realidades que hay que abordar y ser\u00e1n parte de nuestra hoja de ruta, que se proyecta como una propuesta seria\u201d.<\/em><\/p>\n<p style=\"text-align: justify;\">Benito Hernando en su camino para ser Gobernador Regional de Ays\u00e9n, est\u00e1 trabajando junto a su equipo en una plataforma de recopilaci\u00f3n de datos, cuyo objetivo es saber cu\u00e1les son las reales necesidades de la comunidad. En ese sentido, advirti\u00f3 que \u201csiempre los pol\u00edticos dicen saber qu\u00e9 es lo que necesitamos, pero lamentablemente hay problemas que se arrastran desde el siglo pasado y no hemos avanzado en ellos. Los reconocemos y sabemos que est\u00e1n ah\u00ed, por ello ahora queremos dar la oportunidad al ciudadano de nuestro territorio que tambi\u00e9n nos manifiesten qu\u00e9 otras necesidades se est\u00e1n presentado y empezar a trabajar en c\u00f3mo abordarlas\u201d.<\/p>\n<p style=\"text-align: justify;\">Benito Hernando presenta un formulario al que puede acceder a trav\u00e9s del siguiente v\u00ednculo: (<a href=\"https:\/\/bhernando.cl\/consulta-ciudadana\" target=\"_blank\" rel=\"noopener noreferrer\">https:\/\/bhernando.cl\/consulta-ciudadana<\/a>)<span style=\"text-align: justify;\">, el que estar\u00e1 abierto y tambi\u00e9n se puede acceder de manera an\u00f3nima. \u201cNuestra idea es que las personas puedan participar sin necesidad de identificarse, que definan las tres prioridades que m\u00e1s los afecte en su calidad de vida y explayarse sobre las mismas\u201d.<\/span><\/p>\n<p style=\"text-align: justify;\">Manifest\u00f3 a la vez que hay demandas que ya son hist\u00f3ricas, como, por ejemplo, los problemas de conectividad, estado de los caminos, entre otras, \u201cen las que las propias familias que sufren por ellas puedan ayudarnos a buscar una soluci\u00f3n real, tangible y seria, porque no necesariamente desde Coyhaique, se tiene la claridad precisa para afrontar la realidad de las localidades. Por eso es vital tener la visi\u00f3n del territorio, sobre todo de quienes siguen en zonas apartadas \u2018haciendo patria\u2019 a\u00fan en el Siglo XXI\u201d.<\/p>\n<p style=\"text-align: justify;\">Respecto de los tiempos que estar\u00e1 abierta la consulta en l\u00ednea, Benito Hernando afirm\u00f3 que \u201cser\u00e1 durante todo el mes de marzo, en donde ya comienza el trabajo de su equipo en el dise\u00f1o de la propuesta que se transformar\u00e1 en el programa, que estar\u00e1 a disposici\u00f3n de la comunidad\u201d. Finalmente, advirti\u00f3 que \u201cAys\u00e9n necesita un cambio de rumbo, debemos buscar una forma de trabajar, incluso transversalmente, para lograr que nuestra regi\u00f3n avance y salga del estancamiento de la actual administraci\u00f3n del Gore en Ays\u00e9n\u201d.<\/p>\n<\/div><\/section><\/div><div  style='height:50px' class='hr hr-invisible   avia-builder-el-6  el_after_av_one_full  el_before_av_social_share '><span class='hr-inner ' ><span class='hr-inner-style'><\/span><\/span><\/div><\/p>\n<div  class='av-social-sharing-box  avia-builder-el-7  el_after_av_hr  el_before_av_hr  '><div class='av-share-box'><h5 class='av-share-link-description av-no-toc '>Compartir esta noticia<\/h5><ul class='av-share-box-list noLightbox'><li class='av-share-link av-social-link-facebook' ><a target=\"_blank\" aria-label=\"Compartir en Facebook\" href='https:\/\/www.facebook.com\/sharer.php?u=https:\/\/radiorevelacionfm.cl\/?p=40072&#038;t=Benito%20Hernando%20lanz%C3%B3%20consulta%20%E2%80%98en%20l%C3%ADnea%E2%80%99%20para%20definir%20junto%20a%20la%20comunidad%20los%20futuros%20desaf%C3%ADos%20de%20la%20regi%C3%B3n' aria-hidden='false' data-av_icon='\ue8f3' data-av_iconfont='entypo-fontello' title='' data-avia-related-tooltip='Compartir en Facebook' rel=\"noopener\"><span class='avia_hidden_link_text'>Compartir en Facebook<\/span><\/a><\/li><li class='av-share-link av-social-link-twitter' ><a target=\"_blank\" aria-label=\"Compartir en Twitter\" href='https:\/\/twitter.com\/share?text=Benito%20Hernando%20lanz%C3%B3%20consulta%20%E2%80%98en%20l%C3%ADnea%E2%80%99%20para%20definir%20junto%20a%20la%20comunidad%20los%20futuros%20desaf%C3%ADos%20de%20la%20regi%C3%B3n&#038;url=https:\/\/radiorevelacionfm.cl\/?p=40072' aria-hidden='false' data-av_icon='\ue8f1' data-av_iconfont='entypo-fontello' title='' data-avia-related-tooltip='Compartir en Twitter' rel=\"noopener\"><span class='avia_hidden_link_text'>Compartir en Twitter<\/span><\/a><\/li><li class='av-share-link av-social-link-whatsapp' ><a target=\"_blank\" aria-label=\"Compartir en Whatsapp\" href='https:\/\/api.whatsapp.com\/send?text=https:\/\/radiorevelacionfm.cl\/?p=40072' aria-hidden='false' data-av_icon='\uf232' data-av_iconfont='entypo-fontello' title='' data-avia-related-tooltip='Compartir en Whatsapp' rel=\"noopener\"><span class='avia_hidden_link_text'>Compartir en Whatsapp<\/span><\/a><\/li><li class='av-share-link av-social-link-linkedin' ><a target=\"_blank\" aria-label=\"Compartir en LinkedIn\" href='https:\/\/linkedin.com\/shareArticle?mini=true&#038;title=Benito%20Hernando%20lanz%C3%B3%20consulta%20%E2%80%98en%20l%C3%ADnea%E2%80%99%20para%20definir%20junto%20a%20la%20comunidad%20los%20futuros%20desaf%C3%ADos%20de%20la%20regi%C3%B3n&#038;url=https:\/\/radiorevelacionfm.cl\/?p=40072' aria-hidden='false' data-av_icon='\ue8fc' data-av_iconfont='entypo-fontello' title='' data-avia-related-tooltip='Compartir en LinkedIn' rel=\"noopener\"><span class='avia_hidden_link_text'>Compartir en LinkedIn<\/span><\/a><\/li><li class='av-share-link av-social-link-mail' ><a  aria-label=\"Compartir por correo\" href='mailto:?subject=Benito%20Hernando%20lanz%C3%B3%20consulta%20%E2%80%98en%20l%C3%ADnea%E2%80%99%20para%20definir%20junto%20a%20la%20comunidad%20los%20futuros%20desaf%C3%ADos%20de%20la%20regi%C3%B3n&#038;body=https:\/\/radiorevelacionfm.cl\/?p=40072' aria-hidden='false' data-av_icon='\ue805' data-av_iconfont='entypo-fontello' title='' data-avia-related-tooltip='Compartir por correo'><span class='avia_hidden_link_text'>Compartir por correo<\/span><\/a><\/li><\/ul><\/div><\/div>\n<div  style='height:50px' class='hr hr-invisible   avia-builder-el-8  el_after_av_social_share  el_before_av_comments_list '><span class='hr-inner ' ><span class='hr-inner-style'><\/span><\/span><\/div>\n<div  class='av-buildercomment  av-blog-meta-html-info-disabled av-blog-meta-tag-disabled  '><\/div>\n","protected":false},"excerpt":{"rendered":"","protected":false},"author":1,"featured_media":40073,"comment_status":"open","ping_status":"open","sticky":false,"template":"","format":"standard","meta":{"footnotes":""},"categories":[35],"tags":[],"class_list":["post-40072","post","type-post","status-publish","format-standard","has-post-thumbnail","hentry","category-politica"],"jetpack_featured_media_url":"https:\/\/radiorevelacionfm.cl\/wp-content\/uploads\/2024\/03\/benitohernando-1-1.jpeg","_links":{"self":[{"href":"https:\/\/radiorevelacionfm.cl\/index.php?rest_route=\/wp\/v2\/posts\/40072","targetHints":{"allow":["GET"]}}],"collection":[{"href":"https:\/\/radiorevelacionfm.cl\/index.php?rest_route=\/wp\/v2\/posts"}],"about":[{"href":"https:\/\/radiorevelacionfm.cl\/index.php?rest_route=\/wp\/v2\/types\/post"}],"author":[{"embeddable":true,"href":"https:\/\/radiorevelacionfm.cl\/index.php?rest_route=\/wp\/v2\/users\/1"}],"replies":[{"embeddable":true,"href":"https:\/\/radiorevelacionfm.cl\/index.php?rest_route=%2Fwp%2Fv2%2Fcomments&post=40072"}],"version-history":[{"count":2,"href":"https:\/\/radiorevelacionfm.cl\/index.php?rest_route=\/wp\/v2\/posts\/40072\/revisions"}],"predecessor-version":[{"id":40103,"href":"https:\/\/radiorevelacionfm.cl\/index.php?rest_route=\/wp\/v2\/posts\/40072\/revisions\/40103"}],"wp:featuredmedia":[{"embeddable":true,"href":"https:\/\/radiorevelacionfm.cl\/index.php?rest_route=\/wp\/v2\/media\/40073"}],"wp:attachment":[{"href":"https:\/\/radiorevelacionfm.cl\/index.php?rest_route=%2Fwp%2Fv2%2Fmedia&parent=40072"}],"wp:term":[{"taxonomy":"category","embeddable":true,"href":"https:\/\/radiorevelacionfm.cl\/index.php?rest_route=%2Fwp%2Fv2%2Fcategories&post=40072"},{"taxonomy":"post_tag","embeddable":true,"href":"https:\/\/radiorevelacionfm.cl\/index.php?rest_route=%2Fwp%2Fv2%2Ftags&post=40072"}],"curies":[{"name":"wp","href":"https:\/\/api.w.org\/{rel}","templated":true}]}}