{"id":40069,"date":"2024-03-06T10:14:06","date_gmt":"2024-03-06T13:14:06","guid":{"rendered":"https:\/\/radiorevelacionfm.cl\/?p=40069"},"modified":"2024-03-06T10:14:06","modified_gmt":"2024-03-06T13:14:06","slug":"con-enfasis-en-la-asistencia-a-clases-gobierno-da-el-vamos-al-ano-escolar-2024-en-la-region-de-aysen","status":"publish","type":"post","link":"https:\/\/radiorevelacionfm.cl\/?p=40069","title":{"rendered":"Con \u00e9nfasis en la asistencia a clases Gobierno da el vamos al A\u00f1o Escolar 2024 en la Regi\u00f3n de Ays\u00e9n"},"content":{"rendered":"<div class=\"flex_column av_one_full  flex_column_div av-zero-column-padding first  avia-builder-el-0  el_before_av_one_full  avia-builder-el-first  \" style='border-radius:0px; '><div  class='avia-image-container  av-styling-    avia-builder-el-1  avia-builder-el-no-sibling  avia-align-center '  itemprop=\"image\" itemscope=\"itemscope\" itemtype=\"https:\/\/schema.org\/ImageObject\"  ><div class='avia-image-container-inner'><div class='avia-image-overlay-wrap'><img decoding=\"async\" class='wp-image-40070 avia-img-lazy-loading-not-40070 avia_image' src=\"https:\/\/radiorevelacionfm.cl\/wp-content\/uploads\/2024\/03\/escuela-baquedano1-1_optimized.jpg\" alt='' title='escuela-baquedano1-(1)_optimized' height=\"600\" width=\"900\"  itemprop=\"thumbnailUrl\" srcset=\"https:\/\/radiorevelacionfm.cl\/wp-content\/uploads\/2024\/03\/escuela-baquedano1-1_optimized.jpg 900w, https:\/\/radiorevelacionfm.cl\/wp-content\/uploads\/2024\/03\/escuela-baquedano1-1_optimized-300x200.jpg 300w, https:\/\/radiorevelacionfm.cl\/wp-content\/uploads\/2024\/03\/escuela-baquedano1-1_optimized-768x512.jpg 768w, https:\/\/radiorevelacionfm.cl\/wp-content\/uploads\/2024\/03\/escuela-baquedano1-1_optimized-705x470.jpg 705w, https:\/\/radiorevelacionfm.cl\/wp-content\/uploads\/2024\/03\/escuela-baquedano1-1_optimized-450x300.jpg 450w, https:\/\/radiorevelacionfm.cl\/wp-content\/uploads\/2024\/03\/escuela-baquedano1-1_optimized-600x400.jpg 600w\" sizes=\"(max-width: 900px) 100vw, 900px\" \/><\/div><\/div><\/div><\/div><div class=\"flex_column av_one_full  flex_column_div av-zero-column-padding first  avia-builder-el-2  el_after_av_one_full  el_before_av_one_full  column-top-margin\" style='border-radius:0px; '><section class=\"av_textblock_section \"  itemscope=\"itemscope\" itemtype=\"https:\/\/schema.org\/BlogPosting\" itemprop=\"blogPost\" ><div class='avia_textblock  '   itemprop=\"text\" ><p style=\"text-align: center;\"><span style=\"font-size: 18pt;\"><b>Con \u00e9nfasis en la asistencia a clases Gobierno da el vamos al A\u00f1o Escolar 2024 en la Regi\u00f3n de Ays\u00e9n<\/b><\/span><\/p>\n<div id=\"gtx-trans\" style=\"position: absolute; left: -50px; top: 4.31534px;\">\n<div class=\"gtx-trans-icon\"><\/div>\n<\/div>\n<\/div><\/section><\/div><div class=\"flex_column av_one_full  flex_column_div av-zero-column-padding first  avia-builder-el-4  el_after_av_one_full  el_before_av_hr  column-top-margin\" style='border-radius:0px; '><section class=\"av_textblock_section \"  itemscope=\"itemscope\" itemtype=\"https:\/\/schema.org\/BlogPosting\" itemprop=\"blogPost\" ><div class='avia_textblock  '   itemprop=\"text\" ><p class=\"v1MsoNormal\" style=\"text-align: justify;\">Este martes 5 de marzo autoridades regionales acompa\u00f1aron a ni\u00f1os, ni\u00f1as, j\u00f3venes, docentes y asistentes de la\u00a0 educaci\u00f3n de la Escuela Baquedano de Coyhaique en el inicio del A\u00f1o Escolar 2024, instancia en la que el Mineduc reiter\u00f3 su compromiso para enfrentar y revertir los \u00edndices de inasistencia escolar que enfrenta el sistema educativo.<\/p>\n<p class=\"v1MsoNormal\" style=\"text-align: justify;\">Asistieron a la actividad el Delegado Presidencial Rodrigo Araya, la Seremi de Educaci\u00f3n Isabel Garrido, el Secretario Ejecutivo\u00a0 del Plan de\u00a0 Reactivaci\u00f3n Educativa del Mineduc, Joaqu\u00edn Walker, el Director Ejecutivo del Servicio Local de Educaci\u00f3n P\u00fablica SLEP Ays\u00e9n Sebasti\u00e1n Gonz\u00e1lez, los seremis de Gobierno Tatiana Pl\u00e1 y de Transportes Hans Zimmermann, los que fueron recibidos por el director del plantel Carlos Trommer, profesores, asistentes de la educaci\u00f3n y estudiantes de 6\u00b0 A\u00f1o B\u00e1sico.<\/p>\n<p class=\"v1MsoNormal\" style=\"text-align: justify;\">Al dirigirse al alumnado y docentes presentes Isabel Garrido expres\u00f3. \u201cEstamos aqu\u00ed para compartir con ustedes un mensaje muy claro: \u201cVolvamos a Clases: \u00a1 Que Nadie Falte \u00a1 porque es de vital importancia\u00a0 la asistencia a la escuela de ni\u00f1os, ni\u00f1as y adolescentes. En la escuela no solo se aprende y matem\u00e1tica, se aprende a compartir con otros socializar y a construir comunidad.\u201d<\/p>\n<p class=\"v1MsoNormal\" style=\"text-align: justify;\">En esa misma l\u00ednea Joaqu\u00edn Walker Secretario Ejecutivo del Plan de Reactivaci\u00f3n Ejecutiva del Mineduc reafirm\u00f3 el compromiso del Gobierno a trav\u00e9s del Ministerio de Educaci\u00f3n con la asistencia a clases.<\/p>\n<p class=\"v1MsoNormal\" style=\"text-align: justify;\">\u201cLa Regi\u00f3n de Ays\u00e9n ha mejorado las cifras de asistencia escolar pero a\u00fan no alcanza las cifras registradas antes de la pandemia. Por ello, queremos incentivar a las madres, padres y apoderados a que este a\u00f1o participen y ayuden a revertir los \u00edndices de inasistencia escolar en el sistema educativo\u201d.<\/p>\n<p class=\"v1MsoNormal\" style=\"text-align: justify;\">Este martes ingresaron en todo el pa\u00eds m\u00e1s de 2 millones de estudiantes de educaci\u00f3n parvularia, b\u00e1sica y media y en la regi\u00f3n de Ays\u00e9n lo hicieron m\u00e1s de 23 mil estudiantes, hito que fue calificado como hist\u00f3rico por el Delegado Presidencial Rodrigo Araya.<\/p>\n<p class=\"v1MsoNormal\" style=\"text-align: justify;\">\u201cEl 2024 se inicia con la puesta en marcha del SLEP que administra todos los colegios municipales de la regi\u00f3n, un proceso muy esperado y\u00a0 por el que hemos trabajado intersectorialmente en forma muy intensa durante estos dos a\u00f1os de nuestro gobierno y lo seguiremos apoyando en los pr\u00f3ximos meses\u201d.<\/p>\n<p class=\"v1MsoNormal\" style=\"text-align: justify;\">Por su parte, el Director Ejecutivo del SLEP Ays\u00e9n Sebasti\u00e1n Gonz\u00e1lez manifest\u00f3 que \u201cHoy parte la nueva educaci\u00f3n p\u00fablica y esto ha significado un gran esfuerzo de todas las autoridades y de todas las comunidades educativas. El SLEP Ays\u00e9n atiene m\u00e1s de 10 mil estudiantes de 66 establecimientos educacionales, 2.300 funcionarios; docentes, asistentes de la educaci\u00f3n. Tenemos que atender muchas variables; transporte, infraestructura, alimentaci\u00f3n y nuestro foco principal es la educaci\u00f3n que entregamos a nuestras y nuestros estudiantes. No ser\u00e1 f\u00e1cil, hay muchos temas pendientes y por eso llamamos a nuestras comunidades educacionales a ser participes y protagonistas. Hemos logrado conectar a 21 escuelas rurales con internet satelital y otros tantos se conectar\u00e1n a trav\u00e9s de fibra \u00f3ptica. Tambi\u00e9n estamos avanzando en un catastro de infraestructura apoyado por el Gobierno Regional de Ays\u00e9n para definir las prioridades de inversi\u00f3n. Lo m\u00e1s importante es que hemos estado trabajando con nuestros docentes y asistentes de la educaci\u00f3n para recibir a los ni\u00f1os y ni\u00f1as en las escuelas y que la sala de clases sea un lugar donde se produzcan aprendizajes significativos y donde los estudiantes sean felices\u201d.<\/p>\n<p class=\"v1MsoNormal\" style=\"text-align: justify;\">El director de la Escuela Baquedano Carlos Trommer manifest\u00f3 su alegr\u00eda por la visita de las autoridades en el primer d\u00eda de clases y se\u00f1al\u00f3 que la escuela es una verdadera familia.<\/p>\n<p class=\"v1MsoNormal\" style=\"text-align: justify;\">\u201cEste a\u00f1o escolar 2024 lo recibimos con mucho entusiasmo con mucha energ\u00eda y optimismo. Confiamos en que la nueva administraci\u00f3n a\u00a0 cargo del SLEP sea un aire nuevo para nuestro trabajo institucional\u201d.<\/p>\n<p class=\"v1MsoNormal\" style=\"text-align: justify;\">El alumno Ignacio Avil\u00e9s de Sexto B\u00e1sico expres\u00f3: \u201cEstoy\u00a0 emocionado de entrar a clases, hacer muchas cosas y compartir con mis compa\u00f1eros de curso\u201d.<\/p>\n<p class=\"v1MsoNormal\" style=\"text-align: justify;\"><b>Fortalecer la asistencia y revinculaci\u00f3n\u00a0<\/b><\/p>\n<p class=\"v1MsoNormal\" style=\"text-align: justify;\">En 2023, el promedio nacional de asistencia mejor\u00f3 respecto al 2022, pues<a href=\"https:\/\/www.mineduc.cl\/17-millones-de-estudiantes-asistieron-al-90-o-mas-de-sus-clases-en-2023\/\" target=\"_blank\" rel=\"noopener noreferrer\">\u00a0entre marzo y noviembre aument\u00f3 de 83,5% a 84,9%.<\/a>\u00a0Sin embargo, todav\u00eda no se han podido recuperar las cifras prepand\u00e9micas: en 2018 la asistencia fue de 88,9%, lo que se ha convertido en un problema que afecta a las comunidades educativas de todo el mundo.<\/p>\n<p class=\"v1MsoNormal\" style=\"text-align: justify;\">Para garantizar la trayectoria educativa de ni\u00f1os, ni\u00f1as, adolescentes, personas j\u00f3venes y adultas, el Mineduc est\u00e1 impulsando medidas que le permitan a los estudiantes iniciar, retomar y completar sus estudios. Para ello, se ha propuesto articular un conjunto de dispositivos como la distribuci\u00f3n de informes de asistencia a los sostenedores, que ha sido un gran aporte para que los equipos directivos puedan hacer seguimiento. Tambi\u00e9n se han desplegado equipos territoriales de revinculaci\u00f3n de asistencia, con un nivel de vinculaci\u00f3n importante en muy poco tiempo.<\/p>\n<p class=\"v1MsoNormal\" style=\"text-align: justify;\">Este a\u00f1o se impulsar\u00e1 la primera fase de implementaci\u00f3n del Sistema de Monitoreo a la trayectoria educativa y alerta temprana, en l\u00ednea con todas las recomendaciones que ha dado el Consejo para la Reactivaci\u00f3n Educativa que convoc\u00f3 el Mineduc. Esta iniciativa se lleva a cabo con el Banco Interamericano para el Desarrollo y tiene como objeto cimentar un valioso y vanguardista sistema de informaci\u00f3n y reporter\u00eda que permite construir una ficha de seguimiento de la trayectoria del estudiante en tiempo real, levantando alertas y entregando oportunamente informaci\u00f3n a todos los actores clave del sistema educativo, en particular a aquellos indicadores que anticipan eventuales interrupciones de la trayectoria educativa,<\/p>\n<p class=\"v1MsoNormal\" style=\"text-align: justify;\">Adem\u00e1s, este a\u00f1o ser\u00e1n 150 las comunas adscritas al programa A Convivir Se Aprende, que busca fortalecer las capacidades y habilidades al interior de las comunidades educativas para enfrentar situaciones de violencia escolar y promover buenas pr\u00e1cticas de convivencia.<\/p>\n<\/div><\/section><\/div><div  style='height:50px' class='hr hr-invisible   avia-builder-el-6  el_after_av_one_full  el_before_av_social_share '><span class='hr-inner ' ><span class='hr-inner-style'><\/span><\/span><\/div><\/p>\n<div  class='av-social-sharing-box  avia-builder-el-7  el_after_av_hr  el_before_av_hr  '><div class='av-share-box'><h5 class='av-share-link-description av-no-toc '>Compartir esta noticia<\/h5><ul class='av-share-box-list noLightbox'><li class='av-share-link av-social-link-facebook' ><a target=\"_blank\" aria-label=\"Compartir en Facebook\" href='https:\/\/www.facebook.com\/sharer.php?u=https:\/\/radiorevelacionfm.cl\/?p=40069&#038;t=Con%20%C3%A9nfasis%20en%20la%20asistencia%20a%20clases%20Gobierno%20da%20el%20vamos%20al%20A%C3%B1o%20Escolar%202024%20en%20la%20Regi%C3%B3n%20de%20Ays%C3%A9n' aria-hidden='false' data-av_icon='\ue8f3' data-av_iconfont='entypo-fontello' title='' data-avia-related-tooltip='Compartir en Facebook' rel=\"noopener\"><span class='avia_hidden_link_text'>Compartir en Facebook<\/span><\/a><\/li><li class='av-share-link av-social-link-twitter' ><a target=\"_blank\" aria-label=\"Compartir en Twitter\" href='https:\/\/twitter.com\/share?text=Con%20%C3%A9nfasis%20en%20la%20asistencia%20a%20clases%20Gobierno%20da%20el%20vamos%20al%20A%C3%B1o%20Escolar%202024%20en%20la%20Regi%C3%B3n%20de%20Ays%C3%A9n&#038;url=https:\/\/radiorevelacionfm.cl\/?p=40069' aria-hidden='false' data-av_icon='\ue8f1' data-av_iconfont='entypo-fontello' title='' data-avia-related-tooltip='Compartir en Twitter' rel=\"noopener\"><span class='avia_hidden_link_text'>Compartir en Twitter<\/span><\/a><\/li><li class='av-share-link av-social-link-whatsapp' ><a target=\"_blank\" aria-label=\"Compartir en Whatsapp\" href='https:\/\/api.whatsapp.com\/send?text=https:\/\/radiorevelacionfm.cl\/?p=40069' aria-hidden='false' data-av_icon='\uf232' data-av_iconfont='entypo-fontello' title='' data-avia-related-tooltip='Compartir en Whatsapp' rel=\"noopener\"><span class='avia_hidden_link_text'>Compartir en Whatsapp<\/span><\/a><\/li><li class='av-share-link av-social-link-linkedin' ><a target=\"_blank\" aria-label=\"Compartir en LinkedIn\" href='https:\/\/linkedin.com\/shareArticle?mini=true&#038;title=Con%20%C3%A9nfasis%20en%20la%20asistencia%20a%20clases%20Gobierno%20da%20el%20vamos%20al%20A%C3%B1o%20Escolar%202024%20en%20la%20Regi%C3%B3n%20de%20Ays%C3%A9n&#038;url=https:\/\/radiorevelacionfm.cl\/?p=40069' aria-hidden='false' data-av_icon='\ue8fc' data-av_iconfont='entypo-fontello' title='' data-avia-related-tooltip='Compartir en LinkedIn' rel=\"noopener\"><span class='avia_hidden_link_text'>Compartir en LinkedIn<\/span><\/a><\/li><li class='av-share-link av-social-link-mail' ><a  aria-label=\"Compartir por correo\" href='mailto:?subject=Con%20%C3%A9nfasis%20en%20la%20asistencia%20a%20clases%20Gobierno%20da%20el%20vamos%20al%20A%C3%B1o%20Escolar%202024%20en%20la%20Regi%C3%B3n%20de%20Ays%C3%A9n&#038;body=https:\/\/radiorevelacionfm.cl\/?p=40069' aria-hidden='false' data-av_icon='\ue805' data-av_iconfont='entypo-fontello' title='' data-avia-related-tooltip='Compartir por correo'><span class='avia_hidden_link_text'>Compartir por correo<\/span><\/a><\/li><\/ul><\/div><\/div>\n<div  style='height:50px' class='hr hr-invisible   avia-builder-el-8  el_after_av_social_share  el_before_av_comments_list '><span class='hr-inner ' ><span class='hr-inner-style'><\/span><\/span><\/div>\n<div  class='av-buildercomment  av-blog-meta-html-info-disabled av-blog-meta-tag-disabled  '><\/div>\n","protected":false},"excerpt":{"rendered":"","protected":false},"author":1,"featured_media":40070,"comment_status":"open","ping_status":"open","sticky":false,"template":"","format":"standard","meta":{"footnotes":""},"categories":[49],"tags":[],"class_list":["post-40069","post","type-post","status-publish","format-standard","has-post-thumbnail","hentry","category-educacion"],"jetpack_featured_media_url":"https:\/\/radiorevelacionfm.cl\/wp-content\/uploads\/2024\/03\/escuela-baquedano1-1_optimized.jpg","_links":{"self":[{"href":"https:\/\/radiorevelacionfm.cl\/index.php?rest_route=\/wp\/v2\/posts\/40069","targetHints":{"allow":["GET"]}}],"collection":[{"href":"https:\/\/radiorevelacionfm.cl\/index.php?rest_route=\/wp\/v2\/posts"}],"about":[{"href":"https:\/\/radiorevelacionfm.cl\/index.php?rest_route=\/wp\/v2\/types\/post"}],"author":[{"embeddable":true,"href":"https:\/\/radiorevelacionfm.cl\/index.php?rest_route=\/wp\/v2\/users\/1"}],"replies":[{"embeddable":true,"href":"https:\/\/radiorevelacionfm.cl\/index.php?rest_route=%2Fwp%2Fv2%2Fcomments&post=40069"}],"version-history":[{"count":1,"href":"https:\/\/radiorevelacionfm.cl\/index.php?rest_route=\/wp\/v2\/posts\/40069\/revisions"}],"predecessor-version":[{"id":40071,"href":"https:\/\/radiorevelacionfm.cl\/index.php?rest_route=\/wp\/v2\/posts\/40069\/revisions\/40071"}],"wp:featuredmedia":[{"embeddable":true,"href":"https:\/\/radiorevelacionfm.cl\/index.php?rest_route=\/wp\/v2\/media\/40070"}],"wp:attachment":[{"href":"https:\/\/radiorevelacionfm.cl\/index.php?rest_route=%2Fwp%2Fv2%2Fmedia&parent=40069"}],"wp:term":[{"taxonomy":"category","embeddable":true,"href":"https:\/\/radiorevelacionfm.cl\/index.php?rest_route=%2Fwp%2Fv2%2Fcategories&post=40069"},{"taxonomy":"post_tag","embeddable":true,"href":"https:\/\/radiorevelacionfm.cl\/index.php?rest_route=%2Fwp%2Fv2%2Ftags&post=40069"}],"curies":[{"name":"wp","href":"https:\/\/api.w.org\/{rel}","templated":true}]}}